{"id":611857,"date":"2026-06-17T19:42:14","date_gmt":"2026-06-17T19:42:14","guid":{"rendered":"https:\/\/www.europesays.com\/es\/611857\/"},"modified":"2026-06-17T19:42:14","modified_gmt":"2026-06-17T19:42:14","slug":"pruebas-oculares-rutinarias-con-ia-podrian-detectar-signos-incipientes-de-enfermedades-cardiacas-y-cerebrales","status":"publish","type":"post","link":"https:\/\/www.europesays.com\/es\/611857\/","title":{"rendered":"Pruebas oculares rutinarias con IA podr\u00edan\u00a0detectar signos incipientes de enfermedades card\u00edacas y cerebrales"},"content":{"rendered":"<p>El ojo puede revelar una imagen muy amplia de la salud de todo el organismo, ofreciendo una forma de identificar, sobre todo, riesgos de enfermedades card\u00edacas y cerebrales antes de que ocurran. As\u00ed lo defienden cient\u00edficos de la Universidad de Manchester (Reino Unido).Dichos autores est\u00e1n convencidos de que\u00a0los avances en &#8230;            &#13;\n        <\/p>\n<p> &#13;<br \/>\n&#13;<\/p>\n<p>El ojo puede revelar una imagen muy amplia de la salud de todo el organismo, ofreciendo una forma de identificar, sobre todo, riesgos de enfermedades card\u00edacas y cerebrales antes de que ocurran. As\u00ed lo defienden cient\u00edficos de la Universidad de Manchester (Reino Unido).<\/p>\n<p>Dichos autores est\u00e1n convencidos de que\u00a0los avances en inteligencia artificial van a permitir que las pruebas oculares rutinarias del futuro detecten los primeros signos de enfermedades card\u00edacas y cerebrales mucho antes de que aparezcan los s\u00edntomas.<\/p>\n<p>Los resultados de su investigaci\u00f3n, publicados en &#8216;Nature Cardiovascular Research&#8217;,\u00a0demostraron que la apariencia de los ojos est\u00e1 vinculada al riesgo de insuficiencia card\u00edaca, presi\u00f3n arterial alta, ataque card\u00edaco, enfermedad de Parkinson, demencia, entre otras patolog\u00edas, adem\u00e1s de incluir\u00a0el estado de los vasos sangu\u00edneos y los nervios que conectan el ojo con el cerebro.<\/p>\n<p>Utilizando datos del \u00abUK Biobank\u00bb, un\u00a0\u00a0estudio brit\u00e1nico basado en voluntarios, los investigadores desarrollaron una herramienta de IA llamada \u00abRet-AAE\u00bb para explorar los v\u00ednculos entre los ojos y el riesgo de enfermedades en m\u00e1s de 68.000 personas.<\/p>\n<p> &#13;<br \/>\n&#13;<\/p>\n<p>Para el estudio se usaron, asimismo, dos tipos de escaneo: escaneos 3D del revestimiento interno del ojo, denominados \u00abtomograf\u00eda de coherencia \u00f3ptica\u00bb (OCT), y fotograf\u00edas simples de la parte posterior del ojo, denominadas \u00abfotograf\u00edas del fondo de ojo en color\u00bb.\u00a0<\/p>\n<p>El equipo constat\u00f3 que los dos tipos de escaneo podr\u00edan revelar se\u00f1ales complementarias sobre la salud futura, estando la OCT m\u00e1s estrechamente relacionada con rasgos neurol\u00f3gicos y la retinograf\u00eda (CFP) con asociaciones m\u00e1s amplias con rasgos cardiovasculares.<\/p>\n<p>Los an\u00e1lisis gen\u00e9ticos demostraron que las caracter\u00edsticas oculares est\u00e1n vinculadas a genes implicados en las v\u00edas de las enfermedades neurodegenerativas, incluidas las relacionadas con la enfermedad de Parkinson, la demencia y la neurodegeneraci\u00f3n en general.<\/p>\n<p>Los an\u00e1lisis fisiol\u00f3gicos vincularon las caracter\u00edsticas oculares con la presi\u00f3n arterial, la rigidez de los vasos sangu\u00edneos y la funci\u00f3n del coraz\u00f3n.<\/p>\n<p>Los \u00aban\u00e1lisis radi\u00f3micos\u00bb,\u00a0\u00a0\u00a0que convierten las im\u00e1genes m\u00e9dicas en datos medibles, mostraron asociaciones entre las caracter\u00edsticas oculares y el tama\u00f1o del cerebro, as\u00ed como peque\u00f1os cambios en la estructura del tejido cerebral detectados mediante resonancia magn\u00e9tica.<\/p>\n<p>Al estudiar las diminutas mol\u00e9culas presentes en la sangre, los investigadores tambi\u00e9n encontraron varias conexiones entre las caracter\u00edsticas del ojo y las mol\u00e9culas relacionadas con la grasa en el cuerpo, lo que podr\u00eda vincular la vista con la salud general.<\/p>\n<p>\u00abSi bien se necesita m\u00e1s trabajo antes de que estas pruebas puedan llegar a las calles, esperamos y creemos que los ex\u00e1menes oculares de rutina se utilizar\u00e1n alg\u00fan d\u00eda como parte de los ex\u00e1menes de salud para la prevenci\u00f3n de enfermedades\u00bb, concluy\u00f3 el\u00a0Dr.\u00a0Panos Sergouniotis,\u00a0cient\u00edfico cl\u00ednico de Wellcome, profesor titular y consultor honorario de la Universidad de Manchester.<\/p>\n","protected":false},"excerpt":{"rendered":"El ojo puede revelar una imagen muy amplia de la salud de todo el organismo, ofreciendo una forma&hellip;\n","protected":false},"author":2,"featured_media":611858,"comment_status":"","ping_status":"","sticky":false,"template":"","format":"standard","meta":{"footnotes":""},"categories":[92],"tags":[808,19363,33950,10885,873,56142,1293,25,24,3015,3358,165,1636,8633,1157,114375,869,5879,84910,8400,2473,1817,18127,4592,114374,20282,110276,677,789,1085,18099,1288,96188,166,28675,23],"class_list":["post-611857","post","type-post","status-publish","format-standard","has-post-thumbnail","category-salud","tag-ahora","tag-amplia","tag-cardiacas","tag-cerebrales","tag-cuerpo","tag-demuestran","tag-enfermedades","tag-es","tag-espana","tag-general","tag-hallazgos","tag-health","tag-ia","tag-identificar","tag-imagen","tag-incipientes","tag-lo","tag-manera","tag-oculares","tag-ofrece","tag-ojo","tag-pacientes","tag-padecer","tag-pensaba","tag-podrian-detectar","tag-potenciales","tag-produzcan","tag-pruebas","tag-puede","tag-recientes","tag-revelar","tag-riesgo","tag-rutinarias","tag-salud","tag-signos","tag-spain"],"share_on_mastodon":{"url":"https:\/\/pubeurope.com\/@es\/116767158950959214","error":""},"_links":{"self":[{"href":"https:\/\/www.europesays.com\/es\/wp-json\/wp\/v2\/posts\/611857","targetHints":{"allow":["GET"]}}],"collection":[{"href":"https:\/\/www.europesays.com\/es\/wp-json\/wp\/v2\/posts"}],"about":[{"href":"https:\/\/www.europesays.com\/es\/wp-json\/wp\/v2\/types\/post"}],"author":[{"embeddable":true,"href":"https:\/\/www.europesays.com\/es\/wp-json\/wp\/v2\/users\/2"}],"replies":[{"embeddable":true,"href":"https:\/\/www.europesays.com\/es\/wp-json\/wp\/v2\/comments?post=611857"}],"version-history":[{"count":0,"href":"https:\/\/www.europesays.com\/es\/wp-json\/wp\/v2\/posts\/611857\/revisions"}],"wp:featuredmedia":[{"embeddable":true,"href":"https:\/\/www.europesays.com\/es\/wp-json\/wp\/v2\/media\/611858"}],"wp:attachment":[{"href":"https:\/\/www.europesays.com\/es\/wp-json\/wp\/v2\/media?parent=611857"}],"wp:term":[{"taxonomy":"category","embeddable":true,"href":"https:\/\/www.europesays.com\/es\/wp-json\/wp\/v2\/categories?post=611857"},{"taxonomy":"post_tag","embeddable":true,"href":"https:\/\/www.europesays.com\/es\/wp-json\/wp\/v2\/tags?post=611857"}],"curies":[{"name":"wp","href":"https:\/\/api.w.org\/{rel}","templated":true}]}}