{"id":61211,"date":"2025-08-20T23:22:15","date_gmt":"2025-08-20T23:22:15","guid":{"rendered":"https:\/\/www.europesays.com\/es\/61211\/"},"modified":"2025-08-20T23:22:15","modified_gmt":"2025-08-20T23:22:15","slug":"seria-bueno-poner-a-alonso-al-lado-de-verstappen-2","status":"publish","type":"post","link":"https:\/\/www.europesays.com\/es\/61211\/","title":{"rendered":"\u201cSeri\u0301a bueno poner a Alonso al lado de Verstappen\u201d"},"content":{"rendered":"\n<p><img decoding=\"async\" src=\"https:\/\/www.europesays.com\/es\/wp-content\/uploads\/2025\/08\/1755732133_814_B4DVYUQDBGY4CT5Q3TEGJQPILM.jpg\" alt=\"\u201cSeri\u0301a bueno poner a Alonso al lado de Verstappen\u201d\" style=\"max-width: 100%; display: block; margin: auto;\"\/><\/p>\n<blockquote>\n<p>Yuki Tsunoda ha quedado muy por detr\u00e1s de su compa\u00f1ero Max Verstappen en Red Bull, lo que ha llevado a Jacques Villeneuve a calificarlo como \u201cprobablemente el peor\u201d compa\u00f1ero que Verstappen ha tenido. Con solo 7 puntos en el campeonato de constructores, Tsunoda no ha podido demostrar su val\u00eda. Esto podr\u00eda influir en las apuestas deportivas, ya que muchos punters podr\u00edan considerar que es poco probable que Tsunoda mejore su rendimiento en comparaci\u00f3n con el campe\u00f3n actual.<\/p>\n<\/blockquote>\n<p>Hace unos d\u00edas Yuki Tsunoda habl\u00f3 sobre su complicada situaci\u00f3n en Red Bull y sobre su compa\u00f1ero Max Verstappen. El japon\u00e9s dijo que no consideraba \u201cjusto comparar\u201d sus actuaciones con las de Max. Jacques Villeneuve ha dado, sin pelos en la lengua, su opini\u00f3n sobre el asunto. En unas declaraciones recogidas por SoyMotor, el excampe\u00f3n de F1 dijo que Tsunoda es \u201cprobablemente el peor\u201d compa\u00f1ero que Verstappen ha tenido desde que pilota los monoplazas de la m\u00e1xima categor\u00eda del automovilismo.<\/p>\n<p>De los 194 puntos que lleva Red Bull en el campeonato de constructores, Tsunoda solo ha conseguido 7. Esto ha supuesto que, en las comparaciones que se hacen entre compa\u00f1eros de equipo, salga muy mal parado. Yuki intent\u00f3 quitarle peso al asunto haciendo referencia a las diferencias t\u00e9cnicas entre sus monoplazas: \u201cya veremos si me dan el mismo coche\u201d, manifest\u00f3 el japon\u00e9s. Pero a Villeneuve no le convence este argumento, pr\u00e1cticamente llam\u00f3 in\u00fatil a Tsunoda: \u201cMucha gente dice que es injusto que el coche est\u00e9 hecho para Max. Pero Max podr\u00eda ser el \u00fanico que realmente da buenos comentarios al equipo. As\u00ed que s\u00ed, desarrollan el coche, as\u00ed que cada vez le va mejor. No intentan pon\u00e9rselo dif\u00edcil al piloto n\u00famero dos\u201d.<\/p>\n<p>Evitando hacer comparaciones entre ambos, el segundo de Red Bull asegur\u00f3 que Verstappen \u201ces el mejor piloto actual de la parrilla\u201d. Algo con lo que el canadiense s\u00ed que est\u00e1 de acuerdo: \u201cLa cuesti\u00f3n es que no hay muchos como Max. Si miras al pasado, hab\u00eda m\u00e1s de uno a su nivel en el paddock. Y luego hab\u00eda algunos buenos pilotos. Y tambi\u00e9n algunos mediocres. Ahora hay muchos buenos pilotos en lugar de solo unos pocos\u201d.<\/p>\n<p>Para Villeneuve todo se ha concentrado, hay muchos buenos, pero \u201cya no hay pilotos excepcionales\u201d: \u201cPor eso, Max destaca de verdad. Es dif\u00edcil poner a alguien a su lado. Porque si todos los pilotos que compiten entre s\u00ed son apenas buenos, todos se ver\u00e1n geniales juntos. Eso es hasta que llegas a alguien como Max y piensas: \u2018\u00a1Bueno, quiz\u00e1s no todos son lo suficientemente buenos!\u2019\u201d.<\/p>\n<p>Bajo el punto de vista del canadiense, Tsunoda ya no da para m\u00e1s: \u201cYa tiene cuatro o cinco a\u00f1os de experiencia. Ha dado lo mejor de s\u00ed y, claramente, no es lo suficientemente bueno. Eso es todo. As\u00ed que le han dado esta oportunidad y qu\u00e9 l\u00e1stima. Y \u00e9l la ansiaba, la ansiaba a gritos. Lo pusieron y no rindi\u00f3. Es as\u00ed de simple, y no hay que sentirse mal por \u00e9l. Le dieron la oportunidad de estar en el equipo de \u00e9lite, y no rindi\u00f3. Ascendi\u00f3 a las Grandes Ligas y se nota su frustraci\u00f3n. Y eso le hace conducir a\u00fan peor porque sabe que no es lo suficientemente r\u00e1pido ahora mismo\u201d.<\/p>\n<p>A Villeneuve le gustar\u00eda ver a otro piloto al lado de Verstappen y ha lanzado algunos nombres propios: \u201cSer\u00eda bueno ver a un Leclerc junto a Max para ver lo bueno que es realmente. O ser\u00eda bueno poner a Alonso ahora al lado de Max, porque eso es algo que ya sabemos. Ser\u00eda bueno poner a Norris al lado de Max, para ver si Norris es excepcional o simplemente muy bueno. De esta forma, se ver\u00eda el nivel real. Eso ayudar\u00eda a cuantificar las cosas. Sabemos que Max es excepcional, pero los pilotos a su lado simplemente no han sido lo suficientemente buenos y no tiene sentido decir: \u2018\u00a1Pobres!\u2019. No, simplemente no son lo suficientemente buenos. Eso es todo. Apenas son buenos\u201d.<\/p>\n<p><a target=\"_blank\" rel=\"noopener noreferrer nofollow\" href=\"https:\/\/as.com\/motor\/formula_1\/seria-bueno-poner-a-alonso-al-lado-de-verstappen-n\/\"><img decoding=\"async\" src=\"https:\/\/www.europesays.com\/es\/wp-content\/uploads\/2025\/08\/as.png\" alt=\"Diario As\" style=\"width: 1.5em; height: 1.5em; border-radius: 100%; overflow: hidden; display: inline-block; vertical-align: bottom;\"\/> Diario As<\/a><\/p>\n<p> <a href=\"https:\/\/betarena.com\/a\/sportstack\/diario-as\" rel=\"nofollow noopener\" target=\"_blank\">Diario AS<\/a> <a href=\"https:\/\/betarena.com\/a\/tag\/max-verstappen\" rel=\"nofollow noopener\" target=\"_blank\">Max Verstappen<\/a><a href=\"https:\/\/betarena.com\/a\/tag\/formula-1\" rel=\"nofollow noopener\" target=\"_blank\">f\u00f3rmula 1<\/a><a href=\"https:\/\/betarena.com\/a\/tag\/lando-norris\" rel=\"nofollow noopener\" target=\"_blank\">lando norris<\/a><a href=\"https:\/\/betarena.com\/a\/tag\/fernando-alonso\" rel=\"nofollow noopener\" target=\"_blank\">Fernando Alonso<\/a><a href=\"https:\/\/betarena.com\/a\/tag\/leclerc\" rel=\"nofollow noopener\" target=\"_blank\">leclerc<\/a><a href=\"https:\/\/betarena.com\/a\/tag\/tsunoda\" rel=\"nofollow noopener\" target=\"_blank\">tsunoda<\/a>            <\/p>\n","protected":false},"excerpt":{"rendered":"Yuki Tsunoda ha quedado muy por detr\u00e1s de su compa\u00f1ero Max Verstappen en Red Bull, lo que ha&hellip;\n","protected":false},"author":2,"featured_media":61212,"comment_status":"","ping_status":"","sticky":false,"template":"","format":"standard","meta":{"footnotes":""},"categories":[270],"tags":[168,25,24,306,2096,271,272,2104,13354,2099,23,167,11598],"class_list":{"0":"post-61211","1":"post","2":"type-post","3":"status-publish","4":"format-standard","5":"has-post-thumbnail","7":"category-formula-1","8":"tag-deportes","9":"tag-es","10":"tag-espana","11":"tag-f1","12":"tag-fernando-alonso","13":"tag-formula-1","14":"tag-formula1","15":"tag-lando-norris","16":"tag-leclerc","17":"tag-max-verstappen","18":"tag-spain","19":"tag-sports","20":"tag-tsunoda"},"share_on_mastodon":{"url":"","error":""},"_links":{"self":[{"href":"https:\/\/www.europesays.com\/es\/wp-json\/wp\/v2\/posts\/61211","targetHints":{"allow":["GET"]}}],"collection":[{"href":"https:\/\/www.europesays.com\/es\/wp-json\/wp\/v2\/posts"}],"about":[{"href":"https:\/\/www.europesays.com\/es\/wp-json\/wp\/v2\/types\/post"}],"author":[{"embeddable":true,"href":"https:\/\/www.europesays.com\/es\/wp-json\/wp\/v2\/users\/2"}],"replies":[{"embeddable":true,"href":"https:\/\/www.europesays.com\/es\/wp-json\/wp\/v2\/comments?post=61211"}],"version-history":[{"count":0,"href":"https:\/\/www.europesays.com\/es\/wp-json\/wp\/v2\/posts\/61211\/revisions"}],"wp:featuredmedia":[{"embeddable":true,"href":"https:\/\/www.europesays.com\/es\/wp-json\/wp\/v2\/media\/61212"}],"wp:attachment":[{"href":"https:\/\/www.europesays.com\/es\/wp-json\/wp\/v2\/media?parent=61211"}],"wp:term":[{"taxonomy":"category","embeddable":true,"href":"https:\/\/www.europesays.com\/es\/wp-json\/wp\/v2\/categories?post=61211"},{"taxonomy":"post_tag","embeddable":true,"href":"https:\/\/www.europesays.com\/es\/wp-json\/wp\/v2\/tags?post=61211"}],"curies":[{"name":"wp","href":"https:\/\/api.w.org\/{rel}","templated":true}]}}