{"id":612184,"date":"2026-06-17T23:56:11","date_gmt":"2026-06-17T23:56:11","guid":{"rendered":"https:\/\/www.europesays.com\/es\/612184\/"},"modified":"2026-06-17T23:56:11","modified_gmt":"2026-06-17T23:56:11","slug":"el-dardo-de-la-exmujer-de-ilia-topuria-giorgina-uzcategui-al-luchador-y-los-ataques-que-esta-recibiendo-ella-lo-destruiste-vozpopuli","status":"publish","type":"post","link":"https:\/\/www.europesays.com\/es\/612184\/","title":{"rendered":"El dardo de la exmujer de Ilia Topuria, Giorgina Uzcategui, al luchador y los ataques que est\u00e1 recibiendo ella: \u201cLo destruiste\u201d &#8211; Vozpopuli"},"content":{"rendered":"<ol>\n<li><a href=\"https:\/\/news.google.com\/rss\/articles\/CBMi9gFBVV95cUxOcHRKZW41VkdENi05TGdGejFoaFhuR0RGcFZON3dNaUsyTHdKblFUb2FBR19yU09rSkNWUEZXZ3dwdFpSWGIzcjNaelV6VGVqdmhVbjZLV2NObnJfS0FIMGN2MDRYUmRtdkdWbkJHc3FoRXdLd1J2a09Ub3RsS1U0RVdqSDNkSmU5SmI5UTJGbXYyQlRvdk9Wc3JIYndLdkpZZS1DWnpsdHhPYTNXWm1Xd2VQaWxNVVhvRUJzWksybjBuTlVVWnQ1dFhGQVRZaWs3UWVacS1CMTFQTy13Y2gyOHFMbFN5OFZOaThucGZTd0MyQlV4NkE?oc=5\" target=\"_blank\" rel=\"nofollow noopener\">El dardo de la exmujer de Ilia Topuria, Giorgina Uzcategui, al luchador y los ataques que est\u00e1 recibiendo ella: \u201cLo destruiste\u201d<\/a>&nbsp;&nbsp;Vozpopuli<\/li>\n<li><a href=\"https:\/\/news.google.com\/rss\/articles\/CBMidkFVX3lxTE81dUlYUGNSNlZISWhxX3lKNmdTUGpLVVRIQUNyY0R0Qi1feDNKMF9RVkpiRVRsaWdEQ3d3bVVjQy1UMGtiendWdG94WFdEbXBiZHUtcTJ3Y1F1QU9HS0JjN3dBWEdnY3hoOGdsNUFPczliMlp3QlE?oc=5\" target=\"_blank\" rel=\"nofollow noopener\">Giorgina Uzcategui, exmujer de Ilia Topuria, carga contra el luchador tras las lesiones sufridas en el \u00faltimo combate: \u00abCiego espiritualmente\u00bb<\/a>&nbsp;&nbsp;El Mundo<\/li>\n<li><a href=\"https:\/\/news.google.com\/rss\/articles\/CBMixgFBVV95cUxOeHlwbUVTWmdtOTdEQzlzUkdLaFpuYk9zTFllVU9rMEN0NzUxLVJZR2lsaWtZVUw5cUNMRzZNQ1AxZ1VGWW9KM05GdXRkS3NPWFc1SEdQbG5IQ1owQms3OXVBcWNuZEFlSUFnMDdyaDkwWDZ3bF8zbUI1bTNoWjNoTVc2cTNDZWhaMUlHS2FRSGtKWm5SOFV0dU1sUXVDRU5YeDkwQldHeWZxdU9BZExfN0VwVnMxRTc4N2Z6dmtDRllVUjRrMWc?oc=5\" target=\"_blank\" rel=\"nofollow noopener\">Pablo Motos actualiza el estado de Ilia Topuria en &#8216;El hormiguero&#8217;: \u00abHizo dos asaltos ciego\u00bb<\/a>&nbsp;&nbsp;El Confidencial<\/li>\n<li><a href=\"https:\/\/news.google.com\/rss\/articles\/CBMixwFBVV95cUxNREpqSDB3eXYxMzhIallSR3pUSTYxOVkwUnZHYUpVSjhkcFFDQktOVlRLTmd4T2N2cTVDSVlIYXhPWmdYbHdaZXhSLXRrcG54c3RwUkZ1NWRDMl9DU25ZU0lDeFAwTTZrMy1JTXNOUGlkcEZsQk5XRHE4SmJLVlViQVFnU2tudE9XeTB1Yk54T05yUE9VenVpNjFCT1poajdqakFEWGJfdGN2N1Jkd2VCaFlIZkU1UTZCRVVqbEJ5Qjc4aVV3Vldj?oc=5\" target=\"_blank\" rel=\"nofollow noopener\">El v\u00eddeo que alimenta la teor\u00eda de que Gaethje hizo trampas para ganar a Topuria y dispara la pol\u00e9mica<\/a>&nbsp;&nbsp;El Debate<\/li>\n<li><a href=\"https:\/\/news.google.com\/rss\/articles\/CBMitAFBVV95cUxPLXU0NnhDWTZleXlPMEV3Q1VVMkNwQWdUNkJtbXdLcW15Y0xrUks5aUVmamNxQV9QYzgwbmd2WFk0T1l5NjN3a0hsRXZzeG51cXRxT0ZLV3NIQ1NYSm5pNzRRMUZ1RlQ2S2VfTW1manJlSTVzM1VON1BFNDBEVV9SMHo1czF5SVJUamxqNkZFNWp1QWwzOVdjZmFzbENEcjVOUFViVzg4ZS1hLXNRWkxqdXpsdXM?oc=5\" target=\"_blank\" rel=\"nofollow noopener\">\u201cHay que evitar riesgos, lo que est\u00e1 tras la \u00f3rbita es el cerebro\u201d<\/a>&nbsp;&nbsp;Diario AS<\/li>\n<\/ol>\n","protected":false},"excerpt":{"rendered":"El dardo de la exmujer de Ilia Topuria, Giorgina Uzcategui, al luchador y los ataques que est\u00e1 recibiendo&hellip;\n","protected":false},"author":2,"featured_media":612185,"comment_status":"","ping_status":"","sticky":false,"template":"","format":"standard","meta":{"footnotes":""},"categories":[174],"tags":[4329,255,146,147,25,24,629,256,23,348],"class_list":["post-612184","post","type-post","status-publish","format-standard","has-post-thumbnail","category-famosos","tag-casa-blanca","tag-celebrities","tag-entertainment","tag-entretenimiento","tag-es","tag-espana","tag-estados-unidos","tag-famosos","tag-spain","tag-topuria"],"share_on_mastodon":{"url":"https:\/\/pubeurope.com\/@es\/116768157491319034","error":""},"_links":{"self":[{"href":"https:\/\/www.europesays.com\/es\/wp-json\/wp\/v2\/posts\/612184","targetHints":{"allow":["GET"]}}],"collection":[{"href":"https:\/\/www.europesays.com\/es\/wp-json\/wp\/v2\/posts"}],"about":[{"href":"https:\/\/www.europesays.com\/es\/wp-json\/wp\/v2\/types\/post"}],"author":[{"embeddable":true,"href":"https:\/\/www.europesays.com\/es\/wp-json\/wp\/v2\/users\/2"}],"replies":[{"embeddable":true,"href":"https:\/\/www.europesays.com\/es\/wp-json\/wp\/v2\/comments?post=612184"}],"version-history":[{"count":0,"href":"https:\/\/www.europesays.com\/es\/wp-json\/wp\/v2\/posts\/612184\/revisions"}],"wp:featuredmedia":[{"embeddable":true,"href":"https:\/\/www.europesays.com\/es\/wp-json\/wp\/v2\/media\/612185"}],"wp:attachment":[{"href":"https:\/\/www.europesays.com\/es\/wp-json\/wp\/v2\/media?parent=612184"}],"wp:term":[{"taxonomy":"category","embeddable":true,"href":"https:\/\/www.europesays.com\/es\/wp-json\/wp\/v2\/categories?post=612184"},{"taxonomy":"post_tag","embeddable":true,"href":"https:\/\/www.europesays.com\/es\/wp-json\/wp\/v2\/tags?post=612184"}],"curies":[{"name":"wp","href":"https:\/\/api.w.org\/{rel}","templated":true}]}}