{"id":612204,"date":"2026-06-18T00:08:17","date_gmt":"2026-06-18T00:08:17","guid":{"rendered":"https:\/\/www.europesays.com\/es\/612204\/"},"modified":"2026-06-18T00:08:17","modified_gmt":"2026-06-18T00:08:17","slug":"la-comunidad-de-madrid-retira-la-tramitacion-de-la-ley-del-concebido-no-nacido-por-un-defecto-de-forma-noticias-de-madrid","status":"publish","type":"post","link":"https:\/\/www.europesays.com\/es\/612204\/","title":{"rendered":"La Comunidad de Madrid retira la tramitaci\u00f3n de la ley del concebido no nacido por un defecto de forma | Noticias de Madrid"},"content":{"rendered":"<p class=\"\">Una de las leyes en las que m\u00e1s empe\u00f1o ha puesto Isabel D\u00edaz Ayuso y el ala m\u00e1s conservadora del Gobierno de Madrid no va a salir adelante, por ahora. La Comunidad ha retirado la tramitaci\u00f3n de<a href=\"https:\/\/elpais.com\/espana\/madrid\/2025-09-10\/ayuso-cumple-ahora-su-promesa-de-2019-el-concebido-no-nacido-se-tendra-en-cuenta-para-dar-ayudas.html\" target=\"_self\" rel=\"nofollow noopener\" title=\"https:\/\/elpais.com\/espana\/madrid\/2025-09-10\/ayuso-cumple-ahora-su-promesa-de-2019-el-concebido-no-nacido-se-tendra-en-cuenta-para-dar-ayudas.html\"> la ley del concebido no nacido <\/a>por un defecto de forma, informan a EL PA\u00cdS fuentes parlamentarias. El expediente no aclaraba desde qu\u00e9 semana el embri\u00f3n pasaba a formar parte de la unidad familiar. Ayuso, que anunci\u00f3 a lo grande la inminente aprobaci\u00f3n de la ley d\u00edas antes de la visita del papa Le\u00f3n XIV, quiere sacarlo adelante en un pleno extraordinario que esperan celebrar en julio, seg\u00fan fuentes de su equipo.<\/p>\n<p class=\"\">Con esta nueva norma, que casi con toda seguridad saldr\u00e1 adelante ya que el PP cuenta con mayor\u00eda en la Asamblea de Madrid, una familia cuenta con un miembro m\u00e1s a efectos administrativos desde el momento del embarazo. El Gobierno de Madrid considera que estas medidas ayudan a las mujeres a tener alternativas antes de someterse a un aborto. Su tramitaci\u00f3n no va a ocurrir este jueves, como estaba previsto, por los vac\u00edos y las contradicciones que ha encontrado la abogac\u00eda de la Comunidad de Madrid en la redacci\u00f3n del proyecto.<\/p>\n<p class=\"\">As\u00ed que la mesa de la Asamblea lo ha suspendido temporalmente. En el PP esperan subsanar estos errores lo antes posible. La portavoz del PSOE en la Asamblea, Mar Espinar, solicit\u00f3 la nulidad y la suspensi\u00f3n de la ley. Los socialistas se quedaron sorprendidos al ver que el proyecto de ley solo ten\u00eda 5 p\u00e1ginas, mientras que el informe de la abogac\u00eda constaba de 46. Inclu\u00eda algunas contradicciones como cu\u00e1l era la semana que certificaba la concepci\u00f3n, si la 12 o la 14. \u201cAyuso lleva desde 2019 hablando de esto y lo presenta mal\u201d, opina por tel\u00e9fono Lorena Morales Porro, diputada socialista en la Asamblea de Madrid, que considera una victoria que la ley no salga adelante, aunque a largo plazo vaya a aprobarse.<\/p>\n<p class=\"\">En su opini\u00f3n, se trata de un \u201cataque frontal a los derechos de las mujeres\u201d. Los movimientos feministas han interpretado la ley como una forma de anteponer los derechos de los fetos a la autonom\u00eda de las mujeres. La presidenta Ayuso no se ha mostrado abiertamente en contra del derecho al aborto, pero s\u00ed incide mucho en que lo importante es ofrecer alternativas, un discurso que usan en ocasiones los antiabortistas. A medida que ha pasado el tiempo, la presidenta ha adoptado posturas m\u00e1s conservadoras con las que ha logrado acercarse a la Iglesia espa\u00f1ola, aunque ahora hayan chocado con el asunto del proceso de regularizaci\u00f3n de inmigrantes que la curia espa\u00f1ola defiende. En su d\u00eda, Ayuso se declar\u00f3 atea, pero se ha convertido al catolicismo y eso se nota en algunas leyes como esta. <\/p>\n<p class=\"\">En cualquier caso el informe de la abogac\u00eda sobre el proyecto de ley es favorable, aunque considera que el expediente est\u00e1 \u201cincompleto\u201d. \u201cSin la subsanaci\u00f3n de las deficiencias de car\u00e1cter esencial, el proyecto no estar\u00eda en condiciones de continuar su tramitaci\u00f3n\u201d, se lee en el informe al que ha tenido acceso este peri\u00f3dico. La abogac\u00eda exige completar tres cosas: el acuerdo del Consejo de Gobierno de 1 de octubre de 2025 que acord\u00f3 la sustanciaci\u00f3n del tr\u00e1mite de consulta p\u00fablica; escritos de alegaciones presentados durante el tr\u00e1mite de consulta p\u00fablica; y el informe de impacto en la familia, infancia y adolescencia (emitido por la Direcci\u00f3n General de Infancia, Familia y Fomento de la Natalidad) de fecha 3 de noviembre de 2025. <\/p>\n<p class=\"\">Adem\u00e1s, encuentra mayores vac\u00edos en otros asuntos que derivan en \u201cvicios de legalidad, seguridad jur\u00eddica o competenciales\u201d. El Grupo Parlamentario del PP no ha incluido un principio de estabilidad presupuestaria ni tampoco un periodo m\u00ednimo de gestaci\u00f3n. \u201cEl art\u00edculo 2.3 dice que no se exigir\u00e1 semana m\u00ednima de gestaci\u00f3n (salvo que un procedimiento concreto diga lo contrario), mientras que el art\u00edculo 4.2 exige 12 semanas para las familias numerosas. Se debe unificar el criterio para todos los supuestos por razones de seguridad jur\u00eddica e igualdad de trato\u201d, exige la abogac\u00eda. <\/p>\n<p class=\"\">El PP llega a esta pen\u00faltima Asamblea antes de las vacaciones de verano sin zanjar un asunto que resulta vital para su discurso pro familia y conservador. El regreso al periodo de sesiones ser\u00e1 intenso. Vox, la ultraderecha, quiere quitarle a Ayuso la mayor\u00eda absoluta y abocar al PP a una negociaci\u00f3n que ya se est\u00e1 dando en otras comunidades aut\u00f3nomas de Espa\u00f1a. Buena parte del futuro pol\u00edtico de Madrid se juega en un pulso entre la derecha y lo que queda m\u00e1s all\u00e1.<\/p>\n","protected":false},"excerpt":{"rendered":"Una de las leyes en las que m\u00e1s empe\u00f1o ha puesto Isabel D\u00edaz Ayuso y el ala m\u00e1s&hellip;\n","protected":false},"author":2,"featured_media":612205,"comment_status":"","ping_status":"","sticky":false,"template":"","format":"standard","meta":{"footnotes":""},"categories":[8],"tags":[85987,17,18,1467,929,25,24,367,97435,13,14,71681,11,3515,19,20,56376,205,9,10,15,16,18514,23,12,21,22],"class_list":["post-612204","post","type-post","status-publish","format-standard","has-post-thumbnail","category-espana","tag-asamblea-madrid","tag-breaking-news","tag-breakingnews","tag-comunidad-de-madrid","tag-embarazo","tag-es","tag-espana","tag-familia","tag-familia-numerosa","tag-featured-news","tag-featurednews","tag-feto","tag-headlines","tag-isabel-diaz-ayuso","tag-latest-news","tag-latestnews","tag-leyes-autonomicas","tag-madrid","tag-news","tag-noticias","tag-noticias-destacadas","tag-noticiasdestacadas","tag-pp-madrid","tag-spain","tag-titulares","tag-ultimas-noticias","tag-ultimasnoticias"],"share_on_mastodon":{"url":"https:\/\/pubeurope.com\/@es\/116768204723788369","error":""},"_links":{"self":[{"href":"https:\/\/www.europesays.com\/es\/wp-json\/wp\/v2\/posts\/612204","targetHints":{"allow":["GET"]}}],"collection":[{"href":"https:\/\/www.europesays.com\/es\/wp-json\/wp\/v2\/posts"}],"about":[{"href":"https:\/\/www.europesays.com\/es\/wp-json\/wp\/v2\/types\/post"}],"author":[{"embeddable":true,"href":"https:\/\/www.europesays.com\/es\/wp-json\/wp\/v2\/users\/2"}],"replies":[{"embeddable":true,"href":"https:\/\/www.europesays.com\/es\/wp-json\/wp\/v2\/comments?post=612204"}],"version-history":[{"count":0,"href":"https:\/\/www.europesays.com\/es\/wp-json\/wp\/v2\/posts\/612204\/revisions"}],"wp:featuredmedia":[{"embeddable":true,"href":"https:\/\/www.europesays.com\/es\/wp-json\/wp\/v2\/media\/612205"}],"wp:attachment":[{"href":"https:\/\/www.europesays.com\/es\/wp-json\/wp\/v2\/media?parent=612204"}],"wp:term":[{"taxonomy":"category","embeddable":true,"href":"https:\/\/www.europesays.com\/es\/wp-json\/wp\/v2\/categories?post=612204"},{"taxonomy":"post_tag","embeddable":true,"href":"https:\/\/www.europesays.com\/es\/wp-json\/wp\/v2\/tags?post=612204"}],"curies":[{"name":"wp","href":"https:\/\/api.w.org\/{rel}","templated":true}]}}