{"id":61221,"date":"2025-08-20T23:28:14","date_gmt":"2025-08-20T23:28:14","guid":{"rendered":"https:\/\/www.europesays.com\/es\/61221\/"},"modified":"2025-08-20T23:28:14","modified_gmt":"2025-08-20T23:28:14","slug":"avance-del-capitulo-237-de-valle-salvaje-la-serie-de-tve-y-netflix-victoria-esta-enferma","status":"publish","type":"post","link":"https:\/\/www.europesays.com\/es\/61221\/","title":{"rendered":"Avance del cap\u00edtulo 237 de &#8216;Valle Salvaje&#8217;, la serie de TVE y Netflix: Victoria est\u00e1 enferma"},"content":{"rendered":"<p data-journey-content=\"true\" data-node-id=\"2\" class=\"css-i9p093 emevuu60\">Anteriormente en &#8216;<a href=\"https:\/\/www.diezminutos.es\/valle-salvaje\/\" target=\"_blank\" data-vars-ga-outbound-link=\"https:\/\/www.diezminutos.es\/valle-salvaje\/\" data-vars-ga-ux-element=\"Hyperlink\" data-vars-ga-call-to-action=\"Valle Salvaje\" data-node-id=\"2.1\" class=\"body-link css-177bzfx emevuu60\" rel=\"nofollow noopener\">Valle Salvaje<\/a>&#8216;, todos est\u00e1n sorprendidos por los \u00faltimos acontecimientos\u2026 <a href=\"https:\/\/www.diezminutos.es\/telenovela\/espanolas\/a64564256\/valle-salvaje-capitulos-141-al-145-resumen-semanal-21-al-25-abril-tve-netflix\/\" target=\"_blank\" data-vars-ga-outbound-link=\"https:\/\/www.diezminutos.es\/telenovela\/espanolas\/a64564256\/valle-salvaje-capitulos-141-al-145-resumen-semanal-21-al-25-abril-tve-netflix\/\" data-vars-ga-ux-element=\"Hyperlink\" data-vars-ga-call-to-action=\"La tensi\u00f3n entre Adriana y \u00darsula\" data-node-id=\"2.3\" class=\"body-link css-177bzfx emevuu60\" rel=\"nofollow noopener\">La tensi\u00f3n entre Adriana y \u00darsula<\/a> sigue creciendo a medida que los secretos comienzan a salir a la luz y las intenciones del duque se vuelven cada vez m\u00e1s oscuras. Mientras tanto, \u00darsula intenta manipular a Julio para que haga su voluntad, aprovechando su vulnerabilidad y jugando con sus emociones. Adriana, por su parte, se <strong data-node-id=\"2.5\">enfrenta con determinaci\u00f3n a Jos\u00e9 Luis<\/strong>, acus\u00e1ndolo de mentir sobre la propiedad de Valle Salvaje y de ocultar secretos a\u00fan m\u00e1s oscuros y peligrosos que podr\u00edan cambiarlo todo. <\/p>\n<p><img draggable=\"true\" alt=\"valle salvaje\" title=\"Valle Salvaje\" loading=\"lazy\" width=\"2100\" height=\"1400\" decoding=\"async\" data-nimg=\"1\" style=\"color:transparent;width:100%;height:auto;\"   src=\"https:\/\/www.europesays.com\/es\/wp-content\/uploads\/2025\/08\/cap-236-3-689e214e9f98f.jpg\" class=\"css-0 e1g79fud0\"\/><\/p>\n<p>Add RTVE<\/p>\n<p>Jos\u00e9 Luis humilla a Julio en &#8216;Valle Salvaje&#8217;<\/p>\n<p data-journey-content=\"true\" data-node-id=\"5\" class=\"css-i9p093 emevuu60\">Julio sufre un nuevo ataque por parte de su padre, lo que lo deja completamente destrozado. Desesperado, recurre a Adriana, pidi\u00e9ndole que lo ayude y que ponga fin a su relaci\u00f3n con Rafael, buscando un refugio en su apoyo y comprensi\u00f3n. Mientras tanto, en la Casa Peque\u00f1a, <strong data-node-id=\"5.1\">Bernardo, atrapado por la opresi\u00f3n de Jos\u00e9 Luis<\/strong>, solo vislumbra una salida para liberarse de su control. Consciente de las consecuencias, decide compartir con Mercedes un plan arriesgado que sabe que no le agradar\u00e1, pero que considera necesario.<\/p>\n<p data-journey-content=\"true\" data-node-id=\"6\" class=\"css-i9p093 emevuu60\">Victoria cae gravemente enferma tras la impactante revelaci\u00f3n que el duque le hace sobre Adriana, dej\u00e1ndola en un estado de profunda angustia y fragilidad. La noticia sacude su mundo y pone a prueba su resistencia emocional, mientras quienes la rodean intentan comprender y reaccionar ante la situaci\u00f3n. Por su parte, <strong data-node-id=\"6.1\">Leonardo lucha por conseguir el perd\u00f3n de B\u00e1rbara<\/strong>, consciente de los errores cometidos y de la necesidad de enmendar su relaci\u00f3n. <\/p>\n<p>Bernardo enfrenta su destino en &#8216;Valle Salvaje&#8217;<img draggable=\"true\" alt=\"bernardo y jose luis en valle salvaje\" title=\"Bernardo y Jose Luis en Valle Salvaje\" loading=\"lazy\" width=\"1920\" height=\"1280\" decoding=\"async\" data-nimg=\"1\" style=\"color:transparent;width:100%;height:auto;\"   src=\"https:\/\/www.europesays.com\/es\/wp-content\/uploads\/2025\/08\/cap-196-2-685bb50cda701.jpg\" class=\"css-0 e1g79fud0\"\/><\/p>\n<p>RTVE<\/p>\n<p data-journey-content=\"true\" data-node-id=\"10\" class=\"css-i9p093 emevuu60\">Sin embargo, B\u00e1rbara tambi\u00e9n recibe la visita de Amanda, quien llega con el objetivo de esclarecer lo que su hijo le ha hecho, a\u00f1adiendo tensi\u00f3n y confrontaci\u00f3n a los acontecimientos. Entre conflictos, emociones y revelaciones, la historia alcanza un punto cr\u00edtico: <strong data-node-id=\"10.1\">ha llegado el momento inevitable para que Bernardo enfrente su destino,<\/strong> afrontando las consecuencias de sus actos y las decisiones que lo han llevado hasta este instante, en una jornada cargada de dramatismo, decisiones dif\u00edciles y enfrentamientos personales que marcar\u00e1n el rumbo de todos.<\/p>\n<p><img src=\"https:\/\/www.europesays.com\/es\/wp-content\/uploads\/2025\/08\/1755732494_804_43af9b8f-983e-4e74-8e74-9a7479b0966b_1681831601.file\" alt=\"Headshot of Pilar Mart\u00ednez\" title=\"Headshot of Pilar Mart\u00ednez\" width=\"100%\" height=\"100%\" decoding=\"async\" loading=\"lazy\" class=\"css-o0wq4v ev8dhu53\"\/><\/p>\n<p>Pilar Mart\u00ednez es periodista especializada en contenidos de televisi\u00f3n y cultura, se gradu\u00f3 en la carrera en Periodismo en la Facultad de Ciencias de la Informaci\u00f3n (Universidad Complutense de Madrid) en el a\u00f1o 2018. Desde entonces ha pasado por las redacciones de Ecoteuve (El Economista), donde realiz\u00f3 sus primeras pr\u00e1cticas durante el verano del 2016.<\/p>\n<p>Posteriormente, concretamente, en el a\u00f1o 2017 se pas\u00f3 al grupo Hearst Espa\u00f1a, donde comenz\u00f3 su andadura en las revistas de televisi\u00f3n: Supertele, Teleprograma, Telenovela. Ahora colabora con Diez Minutos, en su versi\u00f3n web, donde se encarga de realizar los avances semanales de las ficciones diarias de moda, as\u00ed como entrevistas y art\u00edculos sobre los melodramas o telenovelas que aterrizan en nuestro pa\u00eds y aquellos que est\u00e1n por venir.<\/p>\n<p>Toda una cazadora de exclusivas. A esto, se suma su puesto como redactora jefe de la secci\u00f3n de novela narrativa en la revista Culturamas, medio digital de alto impacto al que lleva unida desde el a\u00f1o 2013. \u00c1vida lectora, cin\u00e9fila y seri\u00e9fila de primer nivel, ha hecho de su vocaci\u00f3n su oficio. \u00a0<\/p>\n","protected":false},"excerpt":{"rendered":"Anteriormente en &#8216;Valle Salvaje&#8216;, todos est\u00e1n sorprendidos por los \u00faltimos acontecimientos\u2026 La tensi\u00f3n entre Adriana y \u00darsula sigue&hellip;\n","protected":false},"author":2,"featured_media":53228,"comment_status":"","ping_status":"","sticky":false,"template":"","format":"standard","meta":{"footnotes":""},"categories":[171],"tags":[253,146,147,25,24,23,214],"class_list":{"0":"post-61221","1":"post","2":"type-post","3":"status-publish","4":"format-standard","5":"has-post-thumbnail","7":"category-tv","8":"tag-discover","9":"tag-entertainment","10":"tag-entretenimiento","11":"tag-es","12":"tag-espana","13":"tag-spain","14":"tag-tv"},"share_on_mastodon":{"url":"","error":""},"_links":{"self":[{"href":"https:\/\/www.europesays.com\/es\/wp-json\/wp\/v2\/posts\/61221","targetHints":{"allow":["GET"]}}],"collection":[{"href":"https:\/\/www.europesays.com\/es\/wp-json\/wp\/v2\/posts"}],"about":[{"href":"https:\/\/www.europesays.com\/es\/wp-json\/wp\/v2\/types\/post"}],"author":[{"embeddable":true,"href":"https:\/\/www.europesays.com\/es\/wp-json\/wp\/v2\/users\/2"}],"replies":[{"embeddable":true,"href":"https:\/\/www.europesays.com\/es\/wp-json\/wp\/v2\/comments?post=61221"}],"version-history":[{"count":0,"href":"https:\/\/www.europesays.com\/es\/wp-json\/wp\/v2\/posts\/61221\/revisions"}],"wp:featuredmedia":[{"embeddable":true,"href":"https:\/\/www.europesays.com\/es\/wp-json\/wp\/v2\/media\/53228"}],"wp:attachment":[{"href":"https:\/\/www.europesays.com\/es\/wp-json\/wp\/v2\/media?parent=61221"}],"wp:term":[{"taxonomy":"category","embeddable":true,"href":"https:\/\/www.europesays.com\/es\/wp-json\/wp\/v2\/categories?post=61221"},{"taxonomy":"post_tag","embeddable":true,"href":"https:\/\/www.europesays.com\/es\/wp-json\/wp\/v2\/tags?post=61221"}],"curies":[{"name":"wp","href":"https:\/\/api.w.org\/{rel}","templated":true}]}}