{"id":612433,"date":"2026-06-18T03:23:28","date_gmt":"2026-06-18T03:23:28","guid":{"rendered":"https:\/\/www.europesays.com\/es\/612433\/"},"modified":"2026-06-18T03:23:28","modified_gmt":"2026-06-18T03:23:28","slug":"o-lo-amas-o-lo-odias-rosalia-sorprende-en-nueva-york-con-el-look-mas-arriesgado-de-su-era-lux","status":"publish","type":"post","link":"https:\/\/www.europesays.com\/es\/612433\/","title":{"rendered":"O lo amas o lo odias: Rosal\u00eda sorprende en Nueva York con el look m\u00e1s arriesgado de su era LUX"},"content":{"rendered":"<p class=\"c-paragraph\"><b><a href=\"https:\/\/www.20minutos.es\/mujer\/moda\/rosalia-impacta-su-vuelta-los-escenarios-con-diseno-dior-que-demuestra-que-ha-dejado-mejor-para-eeuu_6982454_0.html\" rel=\"nofollow noopener\" target=\"_blank\">Rosal\u00eda <\/a><\/b>ha demostrado una vez m\u00e1s que ella no necesita un escenario, una alfombra roja ni los focos de una gran campa\u00f1a para atraer todas las miradas, sino que le basta con salir pasear por Nueva York para convertir las calles de Manhattan en <b>una extensi\u00f3n natural de su universo est\u00e9tico.<\/b><\/p>\n<p class=\"c-paragraph\">La cantante catalana volvi\u00f3 a demostrar que su influencia en la moda trasciende los l\u00edmites del espect\u00e1culo con un estilismo tan inesperado como coherente con la narrativa visual que est\u00e1 construyendo alrededor de su gira Lux Tour.<\/p>\n<p class=\"c-paragraph\">La artista fue fotografiada luciendo un llamativo vestido que fusiona dos de las tendencias que mejor definen su actual etapa creativa: el efecto &#8216;segunda piel&#8217; y la est\u00e9tica inspirada en el ballet.\u00a0<\/p>\n<p>Una bailarina moderna<\/p>\n<p class=\"c-paragraph\">El pol\u00e9mico vestido se compone de un dise\u00f1o ajustado al cuerpo y de apariencia casi escult\u00f3rica, que se completa con un tut\u00fa de tul que evocaba el imaginario de las<b> bailarinas cl\u00e1sicas<\/b>, una referencia que lleva meses formando parte tanto de su vestuario esc\u00e9nico como de sus apariciones p\u00fablicas.<\/p>\n<p class=\"c-paragraph\">Lejos de tratarse de una elecci\u00f3n aislada, este look es la versi\u00f3n m\u00e1s gamberra del lenguaje visual que Rosal\u00eda ha desarrollado en torno a Lux, una gira concebida como una experiencia art\u00edstica total en la que conviven la m\u00fasica, la danza, la moda y la performance.\u00a0<\/p>\n<p class=\"c-paragraph\">Desde el arranque del tour en Lyon, la cantante ha incorporado <b>elementos propios del ballet cl\u00e1sico<\/b>, desde tut\u00fas y siluetas estructuradas hasta coreograf\u00edas inspiradas en esta disciplina, reinterpretadas siempre desde una perspectiva contempor\u00e1nea.<\/p>\n<p>Un\u00a0balletcore muy personal<\/p>\n<p class=\"c-paragraph\">La influencia del balletcore -la tendencia que recupera c\u00f3digos est\u00e9ticos del mundo de la danza- ha conquistado las pasarelas internacionales en las \u00faltimas temporadas, aunque<b> Rosal\u00eda ha conseguido apropiarse de ella <\/b>y llevarla a su terreno<b>, mezcl\u00e1ndola con referencias urbanas<\/b>, una actitud transgresora y una teatralidad que ya se ha convertido en una de sus se\u00f1as de identidad.\u00a0<\/p>\n<p class=\"c-paragraph\">Su \u00faltima aparici\u00f3n en Nueva York es una nueva prueba de ello: una demostraci\u00f3n de c\u00f3mo una prenda aparentemente asociada al escenario puede trasladarse a la vida cotidiana y convertirse en una declaraci\u00f3n de estilo.<\/p>\n<p class=\"c-paragraph\">Con cada salida p\u00fablica, la catalana confirma que ya no solo marca el ritmo de la m\u00fasica pop global, sino que tambi\u00e9n dicta tendencias. Y si algo ha quedado claro durante esta nueva etapa es que, para ella, <b>cualquier calle puede convertirse en una pasarela.<\/b><\/p>\n","protected":false},"excerpt":{"rendered":"Rosal\u00eda ha demostrado una vez m\u00e1s que ella no necesita un escenario, una alfombra roja ni los focos&hellip;\n","protected":false},"author":2,"featured_media":612434,"comment_status":"","ping_status":"","sticky":false,"template":"","format":"standard","meta":{"footnotes":""},"categories":[174],"tags":[93474,255,146,147,25,24,256,795,114464,4147,6924,23],"class_list":["post-612433","post","type-post","status-publish","format-standard","has-post-thumbnail","category-famosos","tag-amas","tag-celebrities","tag-entertainment","tag-entretenimiento","tag-es","tag-espana","tag-famosos","tag-nueva","tag-odias","tag-rosalia","tag-sorprende","tag-spain"],"share_on_mastodon":{"url":"https:\/\/pubeurope.com\/@es\/116768971572892401","error":""},"_links":{"self":[{"href":"https:\/\/www.europesays.com\/es\/wp-json\/wp\/v2\/posts\/612433","targetHints":{"allow":["GET"]}}],"collection":[{"href":"https:\/\/www.europesays.com\/es\/wp-json\/wp\/v2\/posts"}],"about":[{"href":"https:\/\/www.europesays.com\/es\/wp-json\/wp\/v2\/types\/post"}],"author":[{"embeddable":true,"href":"https:\/\/www.europesays.com\/es\/wp-json\/wp\/v2\/users\/2"}],"replies":[{"embeddable":true,"href":"https:\/\/www.europesays.com\/es\/wp-json\/wp\/v2\/comments?post=612433"}],"version-history":[{"count":0,"href":"https:\/\/www.europesays.com\/es\/wp-json\/wp\/v2\/posts\/612433\/revisions"}],"wp:featuredmedia":[{"embeddable":true,"href":"https:\/\/www.europesays.com\/es\/wp-json\/wp\/v2\/media\/612434"}],"wp:attachment":[{"href":"https:\/\/www.europesays.com\/es\/wp-json\/wp\/v2\/media?parent=612433"}],"wp:term":[{"taxonomy":"category","embeddable":true,"href":"https:\/\/www.europesays.com\/es\/wp-json\/wp\/v2\/categories?post=612433"},{"taxonomy":"post_tag","embeddable":true,"href":"https:\/\/www.europesays.com\/es\/wp-json\/wp\/v2\/tags?post=612433"}],"curies":[{"name":"wp","href":"https:\/\/api.w.org\/{rel}","templated":true}]}}