{"id":612522,"date":"2026-06-18T04:39:20","date_gmt":"2026-06-18T04:39:20","guid":{"rendered":"https:\/\/www.europesays.com\/es\/612522\/"},"modified":"2026-06-18T04:39:20","modified_gmt":"2026-06-18T04:39:20","slug":"cancer-renal-la-inmunoterapia-abre-la-era-del-largo-superviviente","status":"publish","type":"post","link":"https:\/\/www.europesays.com\/es\/612522\/","title":{"rendered":"C\u00e1ncer renal: la inmunoterapia abre la era del largo superviviente"},"content":{"rendered":"<p style=\"\">Hace apenas una d\u00e9cada, recibir un diagn\u00f3stico de c\u00e1ncer renal metast\u00e1sico supon\u00eda enfrentarse a un horizonte limitado. Las opciones terap\u00e9uticas eran escasas y el objetivo consist\u00eda en intentar cronificar la enfermedad el mayor tiempo posible.<\/p>\n<p style=\"\">Hoy el escenario es distinto. La llegada de las terapias  &#8230; dirigidas, de la inmunoterapia y, especialmente, de la doble inmunoterapia, ha abierto un nuevo escenario: la aparici\u00f3n de pacientes largos supervivientes.<\/p>\n<p class=\"v-d-p\" style=\"\">\u00abAntes explic\u00e1bamos que \u00edbamos a intentar controlar la enfermedad y ahora podemos incluso decirles que existe una oportunidad real de erradicarla\u00bb, se\u00f1ala <strong>Pablo Maroto<\/strong>, onc\u00f3logo del <a href=\"https:\/\/www.santpau.cat\/es\/\" target=\"_self\" data-voc-vtm-id=\"in-text-traffic\" title=\"Hospital de la Santa Creu i Sant Pau de Barcelona\" data-mrf-link=\"www.santpau.cat\" rel=\"nofollow noopener\">Hospital de la Santa Creu i Sant Pau de Barcelona<\/a>.<\/p>\n<p class=\"v-d-p\" style=\"\">La revoluci\u00f3n no solo afecta a la supervivencia. Tambi\u00e9n cambia la calidad de vida, el seguimiento cl\u00ednico, la relaci\u00f3n m\u00e9dico-paciente y la organizaci\u00f3n de los propios sistemas sanitarios, seg\u00fan se puso de manifiesto en el Foro Largos Supervivientes en C\u00e1ncer Renal, retos en un tumor con poca visibilidad, organizado por ABC Salud en colaboraci\u00f3n con <a href=\"https:\/\/www.bms.com\/es\" target=\"_self\" data-voc-vtm-id=\"in-text-traffic\" title=\"BMS\" data-mrf-link=\"www.bms.com\" rel=\"nofollow noopener\">BMS<\/a>.<\/p>\n<p class=\"v-d-p\" style=\"\">\u00abEstamos asistiendo al nacimiento de una nueva realidad cl\u00ednica\u00bb, destaca <strong>Ovidio Fern\u00e1ndez<\/strong>, onc\u00f3logo del <a href=\"https:\/\/www.sergas.gal\/Bioetica\/Comite-Etica-Asistencial-CHUOU?idioma=es\" target=\"_self\" data-voc-vtm-id=\"in-text-traffic\" title=\"Complejo Hospitalario Universitario de Ourense\" data-mrf-link=\"www.sergas.gal\" rel=\"nofollow noopener\">Complejo Hospitalario Universitario de Ourense<\/a>. \u00abHoy hablamos con normalidad de largos supervivientes en c\u00e1ncer renal, algo que hace pocos a\u00f1os era impensable\u00bb.<\/p>\n<p class=\"v-d-p\" style=\"\">En Espa\u00f1a, el c\u00e1ncer de ri\u00f1\u00f3n ocupa el octavo lugar en cuanto a prevalencia, con una estimaci\u00f3n de 9.774 casos nuevos en 2025 y 2.245 fallecimientos en el a\u00f1o 2023, seg\u00fan datos de la <a href=\"https:\/\/seom.org\/\" target=\"_self\" data-voc-vtm-id=\"in-text-traffic\" title=\"Sociedad Espa\u00f1ola de Oncolog\u00eda M\u00e9dica\" data-mrf-link=\"seom.org\" rel=\"nofollow noopener\">Sociedad Espa\u00f1ola de Oncolog\u00eda M\u00e9dica<\/a> (SEOM). La enfermedad es m\u00e1s frecuente en hombres, aproximadamente dos o tres hombres por cada mujer.<\/p>\n<p><img decoding=\"async\" loading=\"lazy\" src=\"https:\/\/www.europesays.com\/es\/wp-content\/uploads\/2026\/06\/FOROABC_SALUD_CANCERRENAL-4.jpg\" class=\"v-a-img\" width=\"112\" height=\"112\" alt=\"Imagen - Con los tratamientos anteriores exist\u00eda una especie de fecha de caducidad\"\/><\/p>\n<p class=\"v-a-t\">\nCon los tratamientos anteriores exist\u00eda una especie de fecha de caducidad\n<\/p>\n<p class=\"v-pst__p\">Miguel \u00c1ngel Climent<\/p>\n<p class=\"v-pst__j\">Instituto Valenciano de Oncolog\u00eda<\/p>\n<p class=\"v-d-p\" style=\"\">\u00abEl perfil t\u00edpico del paciente es mucho m\u00e1s variado de lo que ocurre en otros tumores\u00bb, explica <strong>Pablo Gajate<\/strong>, onc\u00f3logo del <a href=\"https:\/\/www.comunidad.madrid\/hospital\/ramonycajal\/\" target=\"_self\" data-voc-vtm-id=\"in-text-traffic\" title=\"Hospital Ram\u00f3n y Cajal de Madrid\" data-mrf-link=\"www.comunidad.madrid\" rel=\"nofollow noopener\">Hospital Ram\u00f3n y Cajal de Madrid<\/a>. Los factores de riesgo m\u00e1s habituales contin\u00faan siendo el tabaquismo, la obesidad y la hipertensi\u00f3n, aunque los especialistas reconocen que probablemente existan otros, todav\u00eda desconocidos.<\/p>\n<p class=\"v-d-p\" style=\"\">Se trata de tumores que, en la mayor\u00eda de los casos, se detectan de forma incidental. \u00abAl realizar pruebas diagn\u00f3sticas por otras causas, detectamos m\u00e1s masas renales en fases iniciales y asintom\u00e1ticas\u00bb, explica el Dr. Fern\u00e1ndez.<\/p>\n<p class=\"v-d-p\" style=\"\">Aun as\u00ed, los casos metast\u00e1sicos siguen llegando muchas veces con s\u00edntomas avanzados. La hematuria, orinar sangre, contin\u00faa siendo uno de los signos de alarma m\u00e1s conocidos.<\/p>\n<p class=\"v-d-p\" style=\"\">El gran cambio en el c\u00e1ncer renal ha sido la llegada de la inmunoterapia, especialmente la doble inmunoterapia en pacientes con enfermedad avanzada.<\/p>\n<p><img decoding=\"async\" loading=\"lazy\" src=\"https:\/\/www.europesays.com\/es\/wp-content\/uploads\/2026\/06\/FOROABC_SALUD_CANCERRENAL-4_20260616113953.jpg\" class=\"v-a-img\" width=\"112\" height=\"112\" alt=\"Imagen - Ahora podemos decirles que existe una oportunidad real de erradicarlo\"\/><\/p>\n<p class=\"v-a-t\">\nAhora podemos decirles que existe una oportunidad real de erradicarlo\n<\/p>\n<p class=\"v-pst__p\">Pablo Maroto<\/p>\n<p class=\"v-pst__j\">Hospital de la Santa Creu i Sant Pau de Barcelona.<\/p>\n<p class=\"v-d-p\" style=\"\">\u00abCon los tratamientos anteriores sab\u00edamos que exist\u00eda una especie de fecha de caducidad\u00bb, explica <strong>Miguel \u00c1ngel Climent<\/strong>, onc\u00f3logo del <a href=\"https:\/\/www.ivo.es\/\" target=\"_self\" data-voc-vtm-id=\"in-text-traffic\" title=\"Instituto Valenciano de Oncolog\u00eda\" data-mrf-link=\"www.ivo.es\" rel=\"nofollow noopener\">Instituto Valenciano de Oncolog\u00eda<\/a>. \u00abLos pacientes respond\u00edan durante un tiempo, pero antes o despu\u00e9s la enfermedad progresaba\u00bb.<\/p>\n<p class=\"v-d-p\" style=\"\">La situaci\u00f3n ha cambiado radicalmente. Hoy existen pacientes que permanecen vivos y sin reca\u00edda m\u00e1s de nueve a\u00f1os despu\u00e9s de iniciar tratamiento. \u00abEso antes era imposible de plantear\u00bb, se\u00f1ala el Dr. Climent.<\/p>\n<p class=\"v-d-p\" style=\"\">Existen actualmente tres grandes grupos pron\u00f3sticos -bueno, intermedio y malo- definidos seg\u00fan el estado general del paciente, la presencia de anemia y otros par\u00e1metros anal\u00edticos. Los especialistas deciden el abordaje y el plan de tratamiento con distintos tratamientos o combinaciones en funci\u00f3n de varios criterios. <\/p>\n<p class=\"v-d-p\" style=\"\">Aunque los onc\u00f3logos prefieren ser prudentes con la palabra \u00abcuraci\u00f3n\u00bb, reconocen que el concepto empieza a formar parte de la conversaci\u00f3n cient\u00edfica.<\/p>\n<p class=\"v-d-p\" style=\"\">\u00abCronificar no es exactamente lo mismo\u00bb, apunta el Dr. Maroto. \u00abCronificar implica convivir siempre con la enfermedad. Aqu\u00ed empezamos a vislumbrar que algunos pacientes podr\u00edan no volver a tener nunca m\u00e1s el tumor\u00bb.<\/p>\n<p class=\"v-d-p\" style=\"\">La gran inc\u00f3gnita sigue siendo por qu\u00e9 algunos pacientes responden y otros no. A diferencia de otros tumores, el c\u00e1ncer renal todav\u00eda no dispone de biomarcadores fiables que permitan predecir la respuesta a la inmunoterapia.<\/p>\n<p class=\"v-d-p\" style=\"\">Pero m\u00e1s all\u00e1 de la supervivencia, la inmunoterapia ha cambiado la calidad de vida de los pacientes. \u00abMuchos llegan a la consulta con una vida pr\u00e1cticamente normal y sin toxicidades importantes\u00bb, asegura el Dr. Gajate.<\/p>\n<p><img decoding=\"async\" loading=\"lazy\" src=\"https:\/\/www.europesays.com\/es\/wp-content\/uploads\/2026\/06\/FOROABC_SALUD_CANCERRENAL-4_20260616114212.jpg\" class=\"v-a-img\" width=\"112\" height=\"112\" alt=\"Imagen - El perfil del paciente es mucho m\u00e1s variado de lo que ocurre con otros tunores\"\/><\/p>\n<p class=\"v-a-t\">\nEl perfil del paciente es mucho m\u00e1s variado de lo que ocurre con otros tunores\n<\/p>\n<p class=\"v-pst__p\">Pablo Gajate<\/p>\n<p class=\"v-pst__j\">Hospital Ram\u00f3n y Cajal de Madrid<\/p>\n<p class=\"v-d-p\" style=\"\">\u00abHay pacientes que llevan m\u00e1s de cinco a\u00f1os con la enfermedad controlada y sin ning\u00fan tratamiento activo\u00bb, destacan los expertos.<\/p>\n<p class=\"v-d-p\" style=\"\">Esta situaci\u00f3n plantea nuevos interrogantes: cu\u00e1nto tiempo debe mantenerse el seguimiento o cada cu\u00e1nto deben realizarse pruebas radiol\u00f3gicas.<\/p>\n<p class=\"v-d-p\" style=\"\">La aparici\u00f3n del largo superviviente constituye el cambio m\u00e1s profundo que han tra\u00eddo los nuevos avances. Adem\u00e1s, se deben abordar nuevos problemas: toxicidades, reincorporaci\u00f3n laboral, salud mental, etc.<\/p>\n<p class=\"v-d-p\" style=\"\">Muchos pacientes viven con una sensaci\u00f3n permanente de incertidumbre. \u00abCada prueba m\u00e9dica supone semanas de ansiedad\u00bb, apunta el Dr. Climent. \u00abTodo esto requiere otro tipo de manejo\u00bb.<\/p>\n<p class=\"v-d-p\" style=\"\">Por ejemplo, se\u00f1ala el Dr. Maroto, \u00abla reincorporaci\u00f3n laboral implica estr\u00e9s, y todav\u00eda no sabemos bien c\u00f3mo influye ese estr\u00e9s en la inmunidad y en la enfermedad\u00bb.<\/p>\n<p class=\"v-d-p\" style=\"\">Y, por otro lado, advierten, que el sistema sanitario todav\u00eda no est\u00e1 preparado del todo para esta nueva realidad. No existen unidades espec\u00edficas de largos supervivientes y los recursos de psicooncolog\u00eda siguen siendo muy variables entre hospitales.<\/p>\n<p><img decoding=\"async\" loading=\"lazy\" src=\"https:\/\/www.europesays.com\/es\/wp-content\/uploads\/2026\/06\/FOROABC_SALUD_CANCERRENAL-4_20260616114405.jpg\" class=\"v-a-img\" width=\"112\" height=\"112\" alt=\"Imagen - Estamos asistiendo al nacimiento de una nueva realidad cl\u00ednica\"\/><\/p>\n<p class=\"v-a-t\">\nEstamos asistiendo al nacimiento de una nueva realidad cl\u00ednica\n<\/p>\n<p class=\"v-pst__p\">Ovidio Fern\u00e1ndez<\/p>\n<p class=\"v-pst__j\">Complejo Hospitalario Universitario de Ourense<\/p>\n<p class=\"v-d-p\" style=\"\">\u00abNecesitamos m\u00e1s apoyo psicol\u00f3gico, m\u00e1s enfermer\u00eda especializada, m\u00e1s programas de ejercicio f\u00edsico y m\u00e1s coordinaci\u00f3n con Atenci\u00f3n Primaria\u00bb, demanda el Dr. Fern\u00e1ndez.<\/p>\n<p class=\"v-d-p\" style=\"\">A pesar de estas incertidumbres, el mensaje es optimista.<\/p>\n<p class=\"v-d-p\" style=\"\">\u00abNo estamos curando todos los c\u00e1nceres, pero nos estamos acercando\u00bb, reconoce el Dr. Maroto, mientras que el Dr. Gajate apunta que, aunque no todos los c\u00e1nceres renales se curan, \u00abmuchos pacientes concretos s\u00ed se han curado gracias a la inmunoterapia\u00bb.<\/p>\n<p class=\"v-d-p\" style=\"\">La investigaci\u00f3n ahora se centra en perfeccionar esa revoluci\u00f3n: identificar biomarcadores predictivos, seleccionar mejor a los pacientes, reducir toxicidades y adaptar el sistema sanitario a una poblaci\u00f3n cada vez mayor de largos supervivientes.<\/p>\n","protected":false},"excerpt":{"rendered":"Hace apenas una d\u00e9cada, recibir un diagn\u00f3stico de c\u00e1ncer renal metast\u00e1sico supon\u00eda enfrentarse a un horizonte limitado. Las&hellip;\n","protected":false},"author":2,"featured_media":612523,"comment_status":"","ping_status":"","sticky":false,"template":"","format":"standard","meta":{"footnotes":""},"categories":[92],"tags":[490,1066,981,25,24,165,1062,8918,59252,166,23,19114],"class_list":["post-612522","post","type-post","status-publish","format-standard","has-post-thumbnail","category-salud","tag-abre","tag-cancer","tag-era","tag-es","tag-espana","tag-health","tag-inmunoterapia","tag-largo","tag-renal","tag-salud","tag-spain","tag-superviviente"],"share_on_mastodon":{"url":"https:\/\/pubeurope.com\/@es\/116769271450666331","error":""},"_links":{"self":[{"href":"https:\/\/www.europesays.com\/es\/wp-json\/wp\/v2\/posts\/612522","targetHints":{"allow":["GET"]}}],"collection":[{"href":"https:\/\/www.europesays.com\/es\/wp-json\/wp\/v2\/posts"}],"about":[{"href":"https:\/\/www.europesays.com\/es\/wp-json\/wp\/v2\/types\/post"}],"author":[{"embeddable":true,"href":"https:\/\/www.europesays.com\/es\/wp-json\/wp\/v2\/users\/2"}],"replies":[{"embeddable":true,"href":"https:\/\/www.europesays.com\/es\/wp-json\/wp\/v2\/comments?post=612522"}],"version-history":[{"count":0,"href":"https:\/\/www.europesays.com\/es\/wp-json\/wp\/v2\/posts\/612522\/revisions"}],"wp:featuredmedia":[{"embeddable":true,"href":"https:\/\/www.europesays.com\/es\/wp-json\/wp\/v2\/media\/612523"}],"wp:attachment":[{"href":"https:\/\/www.europesays.com\/es\/wp-json\/wp\/v2\/media?parent=612522"}],"wp:term":[{"taxonomy":"category","embeddable":true,"href":"https:\/\/www.europesays.com\/es\/wp-json\/wp\/v2\/categories?post=612522"},{"taxonomy":"post_tag","embeddable":true,"href":"https:\/\/www.europesays.com\/es\/wp-json\/wp\/v2\/tags?post=612522"}],"curies":[{"name":"wp","href":"https:\/\/api.w.org\/{rel}","templated":true}]}}