{"id":612534,"date":"2026-06-18T04:45:18","date_gmt":"2026-06-18T04:45:18","guid":{"rendered":"https:\/\/www.europesays.com\/es\/612534\/"},"modified":"2026-06-18T04:45:18","modified_gmt":"2026-06-18T04:45:18","slug":"el-brutal-mensaje-de-topuria-a-su-agente-tras-la-dura-derrota-ante-gaethje-habla-por-si-solo","status":"publish","type":"post","link":"https:\/\/www.europesays.com\/es\/612534\/","title":{"rendered":"El brutal mensaje de Topuria a su agente tras la dura derrota ante Gaethje: habla por s\u00ed solo"},"content":{"rendered":"<p class=\"ft-text\">Las artes marciales mixtas son un deporte tan espectacular como cruel. No basta con una gran preparaci\u00f3n f\u00edsica para llegar a la \u00e9lite. Hace falta valent\u00eda, disciplina y una dosis importante de locura para encerrarse en una jaula con alguien que lleva meses prepar\u00e1ndose para noquearte y arrebatarte todo aquello por lo que has trabajado<a class=\"ft-link ft-link--decoration\" href=\"https:\/\/www.sport.es\/es\/noticias\/ufc\/sigue-ilia-topuria-131432874\" rel=\"nofollow noopener\" target=\"_blank\">. A Ilia Topuria le espera ahora una larga recuperaci\u00f3n tras los da\u00f1os sufridos ante Justin Gaethje en el combate estelar del UFC C<\/a>asa Blanca del pasado domingo, una batalla de cuatro asaltos en la que el campe\u00f3n hispanogeorgiano y su equipo se vieron obligados a abandonar antes del quinto debido al castigo acumulado.<\/p>\n<p>TOPURIA Y UN ROSTRO NUNCA ANTES VISTO EN \u00c9L<\/p>\n<p class=\"ft-text\">El rostro de Ilia tras la pelea es una de esas im\u00e1genes dif\u00edciles de olvidar. Acostumbrados a ver a un <strong>&#8216;Matador&#8217;<\/strong> pr\u00e1cticamente intacto despu\u00e9s de sus combates y resolviendo el trabajo de forma r\u00e1pida y contundente, las fotograf\u00edas abandonando los jardines sur de la Casa Blanca con los p\u00f3mulos muy da\u00f1ados y varias brechas alrededor de los ojos impactaron a aficionados y medios de todo el mundo.<\/p>\n<p><img decoding=\"async\" src=\"https:\/\/www.europesays.com\/es\/wp-content\/uploads\/2026\/06\/b6a77336-e05f-4a7f-aa3d-a4acf6b6dd0f_alta-libre-aspect-ratio_default_0_x450y199.jpg\" width=\"1200\" height=\"799\" alt=\"Gaethje and Ilia Topuria meet in the octagon for a 5-round bout at UFC Freedom 250  in Las Vegas, NV. (Photo by Louis Grasse\/PXImages),Image: 1110349469, License: Rights-managed, Restrictions: , Model Release: no , Credit line: Louis Grasse \/ Zuma Press \/ Europa Press Editorial licence valid only for Spain and 3 MONTHS from the date of the image, then delete it from your archive. For non-editorial and non-licensed use, please contact EUROPA PRESS. Louis Grasse \/ Zuma Press \/ Europa Press \/ ContactoPhoto 14\/06\/2026\" class=\"ft-helper-img-rd\" loading=\"lazy\" fetchpriority=\"auto\"\/><\/p>\n<p class=\"ft-helper-fontColor-quaternary ft-helper-fontSize-body-S ft-helper-spacer-t-xxs\">Topuria con el rostro ensagrentado  \/ Louis Grasse \/ Zuma Press \/ Euro<\/p>\n<p class=\"ft-text\">Aunque las primeras exploraciones fueron relativamente tranquilizadoras, con el paso de los d\u00edas se ha conocido el alcance exacto de las lesiones. <a class=\"ft-link ft-link--decoration\" href=\"https:\/\/www.sport.es\/es\/noticias\/ufc\/pablo-motos-actualiza-salud-ilia-131486605\" rel=\"nofollow noopener\" target=\"_blank\">Topuria sufre dos peque\u00f1as fracturas en los huesos orbitales y una fractura nasal.<\/a> Dentro de la gravedad de este tipo de golpes, la noticia positiva es que ninguna de ellas requerir\u00e1 cirug\u00eda, algo fundamental para acelerar los tiempos de recuperaci\u00f3n y evitar un proceso todav\u00eda m\u00e1s largo. Por protocolo m\u00e9dico, el campe\u00f3n no regresar\u00e1 antes de seis u ocho meses y ahora deber\u00e1 centrarse en descansar, recuperarse y volver a construir su cuerpo antes de regresar a los entrenamientos de m\u00e1xima intensidad.<\/p>\n<p class=\"ft-text\"><strong>EL BRUTAL MENSAJE DE TOPURIA<\/strong><\/p>\n<p class=\"ft-text\">La derrota fue dolorosa, pero tambi\u00e9n dej\u00f3 una muestra m\u00e1s del car\u00e1cter competitivo de Topuria. En el primer asalto recibi\u00f3 un uppercut que le provoc\u00f3 serios problemas de visi\u00f3n, un contratiempo que habr\u00eda obligado a la inmensa mayor\u00eda de peleadores a replantearse la continuidad en el combate. Sin embargo, Ilia decidi\u00f3 seguir adelante. Resisti\u00f3 durante varios asaltos m\u00e1s y continu\u00f3 buscando soluciones pese a las enormes dificultades que planteaba la situaci\u00f3n. Ya al final del cuarto round, con el da\u00f1o acumulado siendo cada vez m\u00e1s evidente, <strong>Aleksandre Topuria<\/strong> y el resto de la esquina optaron por detener la pelea y evitar un castigo innecesario.<\/p>\n<p><img decoding=\"async\" src=\"https:\/\/www.europesays.com\/es\/wp-content\/uploads\/2026\/06\/5fc3be93-527a-4178-950c-c349cd0fb48d_alta-libre-aspect-ratio_default_0_x665y256.jpg\" width=\"1200\" height=\"694\" alt=\"La publicaci\u00f3n de Jose en sus redes\" class=\"ft-helper-img-rd\" loading=\"lazy\" fetchpriority=\"auto\"\/><\/p>\n<p class=\"ft-helper-fontColor-quaternary ft-helper-fontSize-body-S ft-helper-spacer-t-xxs\">La publicaci\u00f3n de Jose en sus redes  \/ 78<\/p>\n<p class=\"ft-text\">Ese esp\u00edritu competitivo tambi\u00e9n qued\u00f3 reflejado en las primeras palabras que pronunci\u00f3 tras abandonar la jaula. Uno de los encargados de revelarlas fue <strong>Jos\u00e9 Mar\u00eda D\u00edaz<\/strong>, agente y hombre de m\u00e1xima confianza del campe\u00f3n desde hace a\u00f1os. En una publicaci\u00f3n en redes sociales explic\u00f3 cu\u00e1l fue la primera preocupaci\u00f3n de Ilia despu\u00e9s de la derrota. \u00ab<strong>\u00bfDisfrutaron la pelea los fans? \u00bfFue una gran pelea, verdad?<\/strong>\u00ab.<\/p>\n<p class=\"ft-text\">Unas palabras a las que el propio Jos\u00e9 Mar\u00eda a\u00f1adi\u00f3 una reflexi\u00f3n que resume perfectamente la personalidad del campe\u00f3n: \u00ab<strong>Eso demuestra perfectamente qui\u00e9n es. Siempre entregado a darlo todo para entretener, ofrecer espect\u00e1culo y que los aficionados disfruten<\/strong>\u00ab.<\/p>\n","protected":false},"excerpt":{"rendered":"Las artes marciales mixtas son un deporte tan espectacular como cruel. No basta con una gran preparaci\u00f3n f\u00edsica&hellip;\n","protected":false},"author":2,"featured_media":612535,"comment_status":"","ping_status":"","sticky":false,"template":"","format":"standard","meta":{"footnotes":""},"categories":[5],"tags":[17,18,25,24,13,14,11,19,20,9,10,15,16,23,12,348,343,21,22],"class_list":["post-612534","post","type-post","status-publish","format-standard","has-post-thumbnail","category-titulares","tag-breaking-news","tag-breakingnews","tag-es","tag-espana","tag-featured-news","tag-featurednews","tag-headlines","tag-latest-news","tag-latestnews","tag-news","tag-noticias","tag-noticias-destacadas","tag-noticiasdestacadas","tag-spain","tag-titulares","tag-topuria","tag-ufc","tag-ultimas-noticias","tag-ultimasnoticias"],"share_on_mastodon":{"url":"https:\/\/pubeurope.com\/@es\/116769294739251186","error":""},"_links":{"self":[{"href":"https:\/\/www.europesays.com\/es\/wp-json\/wp\/v2\/posts\/612534","targetHints":{"allow":["GET"]}}],"collection":[{"href":"https:\/\/www.europesays.com\/es\/wp-json\/wp\/v2\/posts"}],"about":[{"href":"https:\/\/www.europesays.com\/es\/wp-json\/wp\/v2\/types\/post"}],"author":[{"embeddable":true,"href":"https:\/\/www.europesays.com\/es\/wp-json\/wp\/v2\/users\/2"}],"replies":[{"embeddable":true,"href":"https:\/\/www.europesays.com\/es\/wp-json\/wp\/v2\/comments?post=612534"}],"version-history":[{"count":0,"href":"https:\/\/www.europesays.com\/es\/wp-json\/wp\/v2\/posts\/612534\/revisions"}],"wp:featuredmedia":[{"embeddable":true,"href":"https:\/\/www.europesays.com\/es\/wp-json\/wp\/v2\/media\/612535"}],"wp:attachment":[{"href":"https:\/\/www.europesays.com\/es\/wp-json\/wp\/v2\/media?parent=612534"}],"wp:term":[{"taxonomy":"category","embeddable":true,"href":"https:\/\/www.europesays.com\/es\/wp-json\/wp\/v2\/categories?post=612534"},{"taxonomy":"post_tag","embeddable":true,"href":"https:\/\/www.europesays.com\/es\/wp-json\/wp\/v2\/tags?post=612534"}],"curies":[{"name":"wp","href":"https:\/\/api.w.org\/{rel}","templated":true}]}}