{"id":612570,"date":"2026-06-18T05:19:17","date_gmt":"2026-06-18T05:19:17","guid":{"rendered":"https:\/\/www.europesays.com\/es\/612570\/"},"modified":"2026-06-18T05:19:17","modified_gmt":"2026-06-18T05:19:17","slug":"el-louvre-hace-examen-de-conciencia-y-destinara-1000-millones-a-modernizarse-los-repetidos-robos-han-dejado-al-museo-traumatizado","status":"publish","type":"post","link":"https:\/\/www.europesays.com\/es\/612570\/","title":{"rendered":"El Louvre hace examen de conciencia y destinar\u00e1 1000 millones a modernizarse: Los repetidos robos han dejado al museo \u201ctraumatizado\u201d"},"content":{"rendered":"<p>El museo m\u00e1s visitado del mundo est\u00e1 en el ojo de la tormenta. Descubre la incre\u00edble historia del robo de las joyas de Napole\u00f3n III, la huelga que paraliz\u00f3 sus salas y el ingenioso fraude que cost\u00f3 millones de euros, revelando las grietas en la seguridad del ic\u00f3nico museo.<\/p>\n<p class=\"paragraph\">El Louvre se ha declarado \u201csin aliento\u201d y afronta m\u00e1s de <b>1.000 millones de euros<\/b> en reformas para <b>modernizar instalaciones<\/b> y seguridad despu\u00e9s del robo de las <a rel=\"noopener noreferrer nofollow\" href=\"https:\/\/www.infobae.com\/espana\/2025\/10\/19\/intento-de-atraco-en-el-louvre-la-policia-francesa-investiga-los-hechos\/\" target=\"_self\" title=\"https:\/\/www.infobae.com\/espana\/2025\/10\/19\/intento-de-atraco-en-el-louvre-la-policia-francesa-investiga-los-hechos\/\">Joyas de la Corona<\/a> del 19 de octubre, que expuso <b>fallos de vigilancia<\/b> y a\u00f1os de inversiones aplazadas, seg\u00fan ha explicado su presidente Christophe Leribault ante el Senado franc\u00e9s.<\/p>\n<p class=\"paragraph\"><b>Christophe Leribault<\/b>, presidente-director del museo desde febrero, ha advertido que la instituci\u00f3n encara un <b>\u201cmuro de inversiones\u201d<\/b> y ha anunciado que m\u00e1s de <b>10.000 vasos griegos<\/b> tendr\u00e1n que ser trasladados para <a rel=\"noopener noreferrer nofollow\" href=\"https:\/\/www.infobae.com\/espana\/2025\/10\/21\/en-espana-tambien-hubo-un-robo-como-el-del-louvre-el-dia-que-desaparecieron-18-piezas-del-tesoro-del-delfin-del-museo-del-prado-y-el-sherlock-holmes-espanol-resolvio-el-caso\/\" target=\"_self\" title=\"https:\/\/www.infobae.com\/espana\/2025\/10\/21\/en-espana-tambien-hubo-un-robo-como-el-del-louvre-el-dia-que-desaparecieron-18-piezas-del-tesoro-del-delfin-del-museo-del-prado-y-el-sherlock-holmes-espanol-resolvio-el-caso\/\">ejecutar obras de rehabilitaci\u00f3n<\/a> en una de las alas del recinto.<\/p>\n<p class=\"paragraph\">Leribault ha comparecido este mi\u00e9rcoles 17 de junio ante la comisi\u00f3n de Cultura, Educaci\u00f3n, Comunicaci\u00f3n y Deporte del Senado para defender la \u201cnecesidad absoluta\u201d del <b>plan de renovaci\u00f3n<\/b> bautizado como Louvre Nouvelle Renaissance. Seg\u00fan ha expuesto, los equipos y <a rel=\"noopener noreferrer nofollow\" href=\"https:\/\/www.infobae.com\/espana\/2026\/02\/24\/dimite-la-directora-del-louvre-tras-el-escandalo-por-el-robo-de-joyas-y-el-deterioro-del-museo\/\" target=\"_self\" title=\"https:\/\/www.infobae.com\/espana\/2026\/02\/24\/dimite-la-directora-del-louvre-tras-el-escandalo-por-el-robo-de-joyas-y-el-deterioro-del-museo\/\">las infraestructuras del museo m\u00e1s visitado del mundo<\/a> han llegado al final de su ciclo, ya que no dan para m\u00e1s, se encuentran obsoletas y necesitan una completa y compleja \u2018reactualizaci\u00f3n\u2019. <\/p>\n<p class=\"paragraph\">El responsable del museo ha descrito la situaci\u00f3n con una f\u00f3rmula tajante: \u201cSe puede decir sin ambages: pese a su imponente majestuosidad, pese al compromiso diario de sus equipos, <b>es un Louvre sin aliento<\/b>\u201d. En esa misma intervenci\u00f3n ha a\u00f1adido que las urgencias acumuladas en el edificio sit\u00faan al museo en una encrucijada.<\/p>\n<p><img alt=\"Estado de la corona de Mar\u00eda Eugenia, despu\u00e9s de sufrir da\u00f1os durante el robo en el Louvre. (Thomas Clot\/Museo del Louvre\/AFP)\" class=\"global-image\" decoding=\"async\" fetchpriority=\"low\" height=\"432\" loading=\"lazy\" src=\"https:\/\/www.europesays.com\/es\/wp-content\/uploads\/2026\/06\/FDKIPJBCEFBO5GLOO7YBPY3TAA.webp\" width=\"768\"\/>Estado de la corona de Mar\u00eda Eugenia, despu\u00e9s de sufrir da\u00f1os durante el robo en el Louvre. (Thomas Clot\/Museo del Louvre\/AFP) (Imagen Ilustrativa Infobae)<\/p>\n<p class=\"paragraph\">La respuesta inmediata al <b>deterioro de la seguridad<\/b> pasa por un nuevo sistema de videovigilancia perimetral que empezar\u00e1 a implantarse en enero de 2027. Leribault ha se\u00f1alado ante el Senado que ya se han instalado de urgencia algunas <b>c\u00e1maras adicionales <\/b>en puntos \u201cabsolutamente neur\u00e1lgicos\u201d donde se hab\u00eda detectado una carencia.<\/p>\n<p class=\"paragraph\">El presidente del Museo del Louvre ha precisado que no es posible reconstruir una <b>red completa<\/b> con cientos de c\u00e1maras sin reforzar antes la estructura t\u00e9cnica que debe sostenerla. Tambi\u00e9n ha anunciado la creaci\u00f3n, en octubre, de un nuevo centro de mando de seguridad.<\/p>\n<p class=\"paragraph\">El robo de las Joyas de la Corona ha marcado el diagn\u00f3stico que ahora expone la direcci\u00f3n del museo. Seg\u00fan Leribault, ese asalto no solo revel\u00f3 <b>grietas en el dispositivo<\/b> de protecci\u00f3n, sino tambi\u00e9n el retraso acumulado en la <b>modernizaci\u00f3n de los equipamientos<\/b>.<\/p>\n<p><img alt=\"robos en el Louvre\" class=\"global-image\" decoding=\"async\" fetchpriority=\"low\" height=\"1080\" loading=\"lazy\" src=\"https:\/\/www.europesays.com\/es\/wp-content\/uploads\/2026\/06\/EQBNO2OJR5H27NQ63Z3DAW73RI.jpg\" width=\"1920\"\/>Algunos de los objetos robados en el Louvre<\/p>\n<p class=\"paragraph\">Dentro de la reorganizaci\u00f3n del \u00e1rea de seguridad, el puesto de coordinador se ha confiado a <b>Olivier Goupil<\/b>, antiguo comisario divisionario y hasta ahora responsable de seguridad de la RATP. El nombramiento ya se hab\u00eda anunciado tras el robo, pero Leribault lo ha confirmado en su comparecencia.<\/p>\n<p class=\"paragraph\">El dirigente ha sostenido adem\u00e1s que el <b>impacto del asalto <\/b>sigue muy presente dentro de la instituci\u00f3n. Seg\u00fan ha afirmado ante la comisi\u00f3n del Senado, \u201c<a rel=\"noopener noreferrer nofollow\" href=\"https:\/\/www.infobae.com\/espana\/2026\/02\/06\/el-museo-del-louvre-revela-las-primeras-imagenes-de-la-corona-de-eugenia-tras-su-robo-una-restauracion-de-40000-euros\/\" target=\"_self\" title=\"https:\/\/www.infobae.com\/espana\/2026\/02\/06\/el-museo-del-louvre-revela-las-primeras-imagenes-de-la-corona-de-eugenia-tras-su-robo-una-restauracion-de-40000-euros\/\">la herida del robo y el trauma<\/a> de los meses que siguieron siguen muy vivos\u201d en el museo, donde la direcci\u00f3n vincula esa situaci\u00f3n a la <b>urgencia de ejecutar <\/b>el proyecto Louvre Nouvelle Renaissance, que pretende volver a dotar de seguridad a uno de los centros culturales <b>m\u00e1s importantes del mundo<\/b>, para todas las obras de arte que contiene puedan exponerse sin miedo. <\/p>\n","protected":false},"excerpt":{"rendered":"El museo m\u00e1s visitado del mundo est\u00e1 en el ojo de la tormenta. Descubre la incre\u00edble historia del&hellip;\n","protected":false},"author":2,"featured_media":612571,"comment_status":"","ping_status":"","sticky":false,"template":"","format":"standard","meta":{"footnotes":""},"categories":[173],"tags":[11897,229,233,231,230,232,234,146,147,25,24,41530,11989,23],"class_list":["post-612570","post","type-post","status-publish","format-standard","has-post-thumbnail","category-arte-y-diseno","tag-afp","tag-arte","tag-arte-y-diseno","tag-arts","tag-arts-and-design","tag-design","tag-diseno","tag-entertainment","tag-entretenimiento","tag-es","tag-espana","tag-museo-del-louvre","tag-robos","tag-spain"],"share_on_mastodon":{"url":"https:\/\/pubeurope.com\/@es\/116769427674302558","error":""},"_links":{"self":[{"href":"https:\/\/www.europesays.com\/es\/wp-json\/wp\/v2\/posts\/612570","targetHints":{"allow":["GET"]}}],"collection":[{"href":"https:\/\/www.europesays.com\/es\/wp-json\/wp\/v2\/posts"}],"about":[{"href":"https:\/\/www.europesays.com\/es\/wp-json\/wp\/v2\/types\/post"}],"author":[{"embeddable":true,"href":"https:\/\/www.europesays.com\/es\/wp-json\/wp\/v2\/users\/2"}],"replies":[{"embeddable":true,"href":"https:\/\/www.europesays.com\/es\/wp-json\/wp\/v2\/comments?post=612570"}],"version-history":[{"count":0,"href":"https:\/\/www.europesays.com\/es\/wp-json\/wp\/v2\/posts\/612570\/revisions"}],"wp:featuredmedia":[{"embeddable":true,"href":"https:\/\/www.europesays.com\/es\/wp-json\/wp\/v2\/media\/612571"}],"wp:attachment":[{"href":"https:\/\/www.europesays.com\/es\/wp-json\/wp\/v2\/media?parent=612570"}],"wp:term":[{"taxonomy":"category","embeddable":true,"href":"https:\/\/www.europesays.com\/es\/wp-json\/wp\/v2\/categories?post=612570"},{"taxonomy":"post_tag","embeddable":true,"href":"https:\/\/www.europesays.com\/es\/wp-json\/wp\/v2\/tags?post=612570"}],"curies":[{"name":"wp","href":"https:\/\/api.w.org\/{rel}","templated":true}]}}