{"id":61261,"date":"2025-08-20T23:52:09","date_gmt":"2025-08-20T23:52:09","guid":{"rendered":"https:\/\/www.europesays.com\/es\/61261\/"},"modified":"2025-08-20T23:52:09","modified_gmt":"2025-08-20T23:52:09","slug":"cual-es-el-album-de-metallica-que-sigue-vigente-tras-34-anos-y-supera-a-pink-floyd-y-bob-marley-en-el-billboard","status":"publish","type":"post","link":"https:\/\/www.europesays.com\/es\/61261\/","title":{"rendered":"Cu\u00e1l es el \u00e1lbum de Metallica que sigue vigente tras 34 a\u00f1os y supera a Pink Floyd y Bob Marley en el Billboard"},"content":{"rendered":"<p>El \u00e1lbum hom\u00f3nimo de Metallica se consolida como uno de los m\u00e1s longevos y exitosos de la historia del rock<br \/>\n(Cr\u00e9ditos: Metallica v\u00eda YouTube)<\/p>\n<p class=\"paragraph\"><a rel=\"noopener noreferrer nofollow\" href=\"https:\/\/www.infobae.com\/tag\/metallica\/\" target=\"_blank\" title=\"https:\/\/www.infobae.com\/tag\/metallica\/\"><b>Metallica<\/b><\/a> alcanz\u00f3 un hito al sumar <b>800 semanas en la lista <\/b><a rel=\"noopener noreferrer nofollow\" href=\"https:\/\/www.infobae.com\/tag\/billboard\/\" target=\"_blank\" title=\"https:\/\/www.infobae.com\/tag\/billboard\/\"><b>Billboard<\/b><\/a><b> 200<\/b> con su \u00e1lbum hom\u00f3nimo, conocido como <b>The Black Album<\/b>, superando a cl\u00e1sicos de <b>Pink Floyd<\/b>, <b>Bob Marley and The Wailers<\/b> y <b>Journey<\/b>. <\/p>\n<p class=\"paragraph\">Este logro sit\u00faa al disco entre los<b> m\u00e1s longevos<\/b> y <b>exitosos <\/b>de la <a rel=\"noopener noreferrer nofollow\" href=\"https:\/\/www.infobae.com\/tag\/historia-del-rock\/\" target=\"_blank\" title=\"https:\/\/www.infobae.com\/tag\/historia-del-rock\/\">historia del rock<\/a>, marcando un antes y un despu\u00e9s en la trayectoria de la banda estadounidense.<\/p>\n<p class=\"paragraph\">Lanzado en 1991, <b>The Black Album<\/b> debut\u00f3 en el primer puesto del <b>Billboard 200<\/b> el 31 de agosto de ese a\u00f1o y ha permanecido en posiciones relevantes durante m\u00e1s de tres d\u00e9cadas. <\/p>\n<p><img alt=\"The Black Album debuta en\" class=\"global-image\" decoding=\"async\" fetchpriority=\"low\" height=\"5161\" loading=\"lazy\" src=\"https:\/\/www.europesays.com\/es\/wp-content\/uploads\/2025\/08\/SAASGP3JTN4OHFSLDVUQWPFDY4.jpg\" width=\"7742\"\/>The Black Album debuta en 1991 y sigue vigente, cautivando a nuevas generaciones y seguidores hist\u00f3ricos<br \/>\n(Foto AP\/Kevin Wolf)<\/p>\n<p class=\"paragraph\">Alcanzar <b>800 semanas<\/b> en el ranking equivale a unos 15,4 a\u00f1os, sea de forma constante o intermitente. En la actualidad, figura en el puesto 162, lo que demuestra su poder de cautivar a nuevas generaciones y a sus seguidores hist\u00f3ricos, se\u00f1al\u00f3 RockFM.<\/p>\n<p class=\"paragraph\">Este r\u00e9cord sit\u00faa a <b>Metallica<\/b> en un c\u00edrculo de \u00e9lite junto a otros tres discos: <b>The Dark Side of the Moon<\/b> de <b>Pink Floyd<\/b>, <b>Legend<\/b> de <b>Bob Marley and The Wailers<\/b> y <b>Greatest Hits<\/b> de <b>Journey<\/b>. <\/p>\n<p class=\"paragraph\">El \u00e1lbum destaca por ser el m\u00e1s joven entre ellos y, adem\u00e1s, uno de los \u00fanicos de estudio en alcanzar esta marca, ya que los otros corresponden a recopilatorios. Esta singularidad refuerza la importancia de <b>The Black Album<\/b> en la industria musical.<\/p>\n<p><img alt=\"El disco de Metallica destaca\" class=\"global-image\" decoding=\"async\" fetchpriority=\"low\" height=\"1080\" loading=\"lazy\" src=\"https:\/\/www.europesays.com\/es\/wp-content\/uploads\/2025\/08\/ZZH4NZRLXZDFHHS4FCPNYVTQ5E.jpg\" width=\"1920\"\/>El disco de Metallica destaca como el m\u00e1s joven entre los \u00e1lbumes con m\u00e1s semanas en el Billboard 200<br \/>\n(FOTO:CORTES\u00cdA OCESA\/CUARTOSCURO.COM)<\/p>\n<p class=\"paragraph\">Mientras muchos discos emblem\u00e1ticos quedan anclados a una generaci\u00f3n o estilo, <b>The Black Album<\/b> ha sabido <b>mantener su popularidad constante<\/b>, reuniendo a p\u00fablico diverso. <\/p>\n<p class=\"paragraph\">Incluso, logr\u00f3 superar modas y contextos, convirti\u00e9ndose en un referente cultural que trasciende el <a rel=\"noopener noreferrer nofollow\" href=\"https:\/\/www.infobae.com\/tag\/heavy-metal\/\" target=\"_blank\" title=\"https:\/\/www.infobae.com\/tag\/heavy-metal\/\"><b>heavy metal<\/b><\/a> y se abre paso entre oyentes de distintas edades y gustos musicales.<\/p>\n<p class=\"paragraph\">El recorrido del \u00e1lbum por la lista <b>Billboard<\/b> no ha sido uniforme. En julio de 2024, <b>The Black Album<\/b> sumaba <b>750 semanas<\/b>, encontr\u00e1ndose en el puesto 178. Tras ese momento, escal\u00f3 posiciones, confirmando <b>el inter\u00e9s renovado del p\u00fablico<\/b>. <\/p>\n<p><img alt=\"La popularidad de The Black\" class=\"global-image\" decoding=\"async\" fetchpriority=\"low\" height=\"2327\" loading=\"lazy\" src=\"https:\/\/www.europesays.com\/es\/wp-content\/uploads\/2025\/08\/Q3A4LP2IKNAAPQ2VKJIOCNOBTE.jpg\" width=\"3250\"\/>La popularidad de The Black Album trasciende el heavy metal y re\u00fane a oyentes de distintas edades y gustos musicales<br \/>\n(Foto Evan Agostini\/Invision\/AP, archivo)<\/p>\n<p class=\"paragraph\">Factores como el impacto de plataformas de <b>streaming<\/b> y la reedici\u00f3n en nuevos formatos han posibilitado que el legado de <b>Metallica<\/b> contin\u00fae vigente, alimentando la curiosidad de nuevas audiencias y la fidelidad de los seguidores originales.<\/p>\n<p class=\"paragraph\">El \u00e1lbum incluye \u00e9xitos emblem\u00e1ticos como \u201c<b>Enter Sandman<\/b>\u201d, \u201c<b>The Unforgiven<\/b>\u201d y \u201c<b>Nothing Else Matters<\/b>\u201d, que contribuyen a su perdurable popularidad. <\/p>\n<p class=\"paragraph\">Adem\u00e1s, la cr\u00edtica musical suele reconocer el rol de este trabajo como un puente entre el metal y el gran p\u00fablico, influyendo en la evoluci\u00f3n del g\u00e9nero en los a\u00f1os 90 e inspirando a diversas generaciones de m\u00fasicos.<\/p>\n<p><img alt=\"El impacto del streaming y\" class=\"global-image\" decoding=\"async\" fetchpriority=\"low\" height=\"629\" loading=\"lazy\" src=\"https:\/\/www.europesays.com\/es\/wp-content\/uploads\/2025\/08\/3VQ5IITW3NB4TMJT5I4R75LBCI.jpg\" width=\"498\"\/>El impacto del streaming y las reediciones mantienen el legado de Metallica y su relevancia en la industria musical<br \/>\n(Foto: Instagram\/@metallica)<\/p>\n<p class=\"paragraph\">Adem\u00e1s de este logro, el grupo <b>Metallica<\/b> avanz\u00f3 en su tarea social al animar a sus seguidores a <b>vincularse con causas solidarias y fortalecer la participaci\u00f3n comunitaria<\/b>. Aprovech\u00f3 su influencia popular para impulsar iniciativas que acent\u00faan el impacto colectivo en el marco de sus giras.<\/p>\n<p class=\"paragraph\">\u201cEn abril de 2025, se puso en marcha una serie de campa\u00f1as de donaci\u00f3n de sangre de la <b>Cruz Roja Americana<\/b> y <b>Metallica<\/b> en lugares seleccionados a lo largo de la etapa estadounidense de la gira \u2018M72 World Tour\u2019. Gracias a esta colaboraci\u00f3n se recogieron m\u00e1s de 2.000 donaciones de sangre y plaquetas. Los miembros de la familia <b>Metallica<\/b> pueden mantener la causa \u00e9pica ayudando a salvar a\u00fan m\u00e1s vidas con el lanzamiento de la campa\u00f1a \u2018<b>Give Where You Live<\/b>\u2019\u201d, detall\u00f3 RockFM.<\/p>\n<p class=\"paragraph\">La campa\u00f1a <b>Give Where You Live<\/b>, disponible en <b>RedCrossBlood.org\/Metallica<\/b>, invita a donar sangre en cualquier colecta de la <b>Cruz Roja<\/b> en <b>Estados Unidos<\/b> hasta el 28 de febrero de 2026. El objetivo es sumar voluntades y contribuir de manera concreta a la red de bancos de sangre del pa\u00eds.<\/p>\n<p><img alt=\"La campa\u00f1a Give Where You\" class=\"global-image\" decoding=\"async\" fetchpriority=\"low\" height=\"1080\" loading=\"lazy\" src=\"https:\/\/www.europesays.com\/es\/wp-content\/uploads\/2025\/08\/XIUMTBUE5FC3TGPJO7IAJCTECA.jpg\" width=\"1920\"\/>La campa\u00f1a Give Where You Live invita a donar sangre y ofrece incentivos exclusivos para los participantes<br \/>\n(Cr\u00e9ditos: Instagram\/Metallica)<\/p>\n<p class=\"paragraph\">Quienes se sumen a la iniciativa recibir\u00e1n <b>una camiseta de edici\u00f3n limitada<\/b>, sujeta a disponibilidad. Adem\u00e1s, todos los donantes que participen durante la campa\u00f1a entrar\u00e1n autom\u00e1ticamente en el sorteo de <b>una guitarra ESP Snakebyte exclusiva<\/b>, dise\u00f1ada para esta acci\u00f3n, <b>firmada por todos los integrantes de la banda y decorada por el artista Squindo<\/b>. <\/p>\n<p class=\"paragraph\">Este incentivo a\u00f1ade un atractivo especial, motivando a los fan\u00e1ticos y a la comunidad en general a colaborar en una causa solidaria.<\/p>\n","protected":false},"excerpt":{"rendered":"El \u00e1lbum hom\u00f3nimo de Metallica se consolida como uno de los m\u00e1s longevos y exitosos de la historia&hellip;\n","protected":false},"author":2,"featured_media":61262,"comment_status":"","ping_status":"","sticky":false,"template":"","format":"standard","meta":{"footnotes":""},"categories":[170],"tags":[146,147,25,24,184,185,23],"class_list":{"0":"post-61261","1":"post","2":"type-post","3":"status-publish","4":"format-standard","5":"has-post-thumbnail","7":"category-musica","8":"tag-entertainment","9":"tag-entretenimiento","10":"tag-es","11":"tag-espana","12":"tag-music","13":"tag-musica","14":"tag-spain"},"share_on_mastodon":{"url":"","error":""},"_links":{"self":[{"href":"https:\/\/www.europesays.com\/es\/wp-json\/wp\/v2\/posts\/61261","targetHints":{"allow":["GET"]}}],"collection":[{"href":"https:\/\/www.europesays.com\/es\/wp-json\/wp\/v2\/posts"}],"about":[{"href":"https:\/\/www.europesays.com\/es\/wp-json\/wp\/v2\/types\/post"}],"author":[{"embeddable":true,"href":"https:\/\/www.europesays.com\/es\/wp-json\/wp\/v2\/users\/2"}],"replies":[{"embeddable":true,"href":"https:\/\/www.europesays.com\/es\/wp-json\/wp\/v2\/comments?post=61261"}],"version-history":[{"count":0,"href":"https:\/\/www.europesays.com\/es\/wp-json\/wp\/v2\/posts\/61261\/revisions"}],"wp:featuredmedia":[{"embeddable":true,"href":"https:\/\/www.europesays.com\/es\/wp-json\/wp\/v2\/media\/61262"}],"wp:attachment":[{"href":"https:\/\/www.europesays.com\/es\/wp-json\/wp\/v2\/media?parent=61261"}],"wp:term":[{"taxonomy":"category","embeddable":true,"href":"https:\/\/www.europesays.com\/es\/wp-json\/wp\/v2\/categories?post=61261"},{"taxonomy":"post_tag","embeddable":true,"href":"https:\/\/www.europesays.com\/es\/wp-json\/wp\/v2\/tags?post=61261"}],"curies":[{"name":"wp","href":"https:\/\/api.w.org\/{rel}","templated":true}]}}