{"id":612825,"date":"2026-06-18T08:49:13","date_gmt":"2026-06-18T08:49:13","guid":{"rendered":"https:\/\/www.europesays.com\/es\/612825\/"},"modified":"2026-06-18T08:49:13","modified_gmt":"2026-06-18T08:49:13","slug":"el-debate-de-la-isla-de-las-tentaciones-10-muestra-como-han-quedado-sus-parejas-tras-el-final-cinco-siguen-juntas-y-tres-han-roto","status":"publish","type":"post","link":"https:\/\/www.europesays.com\/es\/612825\/","title":{"rendered":"El debate de \u2018La isla de las tentaciones 10\u2019 muestra c\u00f3mo han quedado sus parejas tras el final: cinco siguen juntas y tres han roto"},"content":{"rendered":"<p class=\"ft-text ft-helper-closenews\">\u2018La isla de las tentaciones 10\u2019 cerr\u00f3 definitivamente su historia este mi\u00e9rcoles 17 de junio con un \u00faltimo debate en Telecinco. Seis meses despu\u00e9s de la experiencia en Rep\u00fablica Dominicana, el balance deja cinco parejas unidas, tres relaciones rotas y un nuevo romance nacido dentro del programa.<\/p>\n<p class=\"ft-text\">\u00c1lex y Ainhoa, Julia y Luis, Jos\u00e9 y Nerea, Alba y David y Bay\u00e1n y Miguel han conseguido mantener sus relaciones. En cambio, Mar y Christian, Lucas y Yuli y Atam\u00e1n y Leila han seguido caminos separados. Leila contin\u00faa adem\u00e1s su historia con David Vaquero, con quien abandon\u00f3 la isla.<\/p>\n<p class=\"ft-text\">Uno de los reencuentros m\u00e1s intensos fue el de Atam\u00e1n y Leila. Ambos admitieron que no hab\u00edan vuelto a hablar desde el programa, aunque terminaron pidi\u00e9ndose perd\u00f3n y abraz\u00e1ndose. \u201cSiento haberte criticado, ser una c\u00ednica de mierda, porque solo actuabas desde el dolor\u201d, reconoci\u00f3 ella. Poco despu\u00e9s, David Vaquero confirm\u00f3 que su relaci\u00f3n con Leila sigue \u201cviento en popa\u201d.<\/p>\n<p class=\"ft-text\">Lucas y Yuli tambi\u00e9n se vieron por primera vez en varios meses. Ella confes\u00f3 que todav\u00eda le cuesta afrontar su presencia y explic\u00f3 que necesita estar sola, mientras \u00e9l asegur\u00f3 que ha logrado avanzar poco a poco y que actualmente est\u00e1 conociendo a otra persona. \u00d3scar, tentador de Yuli, aclar\u00f3 que ambos mantuvieron alg\u00fan contacto, pero que nunca llegaron a iniciar una relaci\u00f3n.<\/p>\n<p class=\"ft-text\">Jos\u00e9 y Nerea reaparecieron juntos pese a haber sufrido una ruptura temporal durante la emisi\u00f3n del programa. La pareja reconoci\u00f3 que la experiencia les permiti\u00f3 identificar comportamientos t\u00f3xicos, aunque tuvo que responder a nuevos testimonios sobre supuestas infidelidades de \u00e9l. Jos\u00e9 sostuvo que esos encuentros se produjeron mientras estaban separados.<\/p>\n<p class=\"ft-text\">Miguel y Bay\u00e1n fueron quienes hicieron un balance m\u00e1s positivo. Ambos aseguraron que ver el programa reforz\u00f3 su relaci\u00f3n y les permiti\u00f3 descubrir aspectos que desconoc\u00edan el uno del otro. Su encuentro con Claudia volvi\u00f3 a generar tensi\u00f3n, pero no alter\u00f3 sus planes de futuro.<\/p>\n<p data-close=\"closedContent\" class=\"subscribeHideForDisplay\">Suscr\u00edbete para seguir leyendo<\/p>\n","protected":false},"excerpt":{"rendered":"\u2018La isla de las tentaciones 10\u2019 cerr\u00f3 definitivamente su historia este mi\u00e9rcoles 17 de junio con un \u00faltimo&hellip;\n","protected":false},"author":2,"featured_media":612826,"comment_status":"","ping_status":"","sticky":false,"template":"","format":"standard","meta":{"footnotes":""},"categories":[171],"tags":[5287,5810,2170,11559,146,147,25,24,1058,3643,15223,14194,1156,722,34614,20469,7768,23,692,4473,603,214],"class_list":["post-612825","post","type-post","status-publish","format-standard","has-post-thumbnail","category-tv","tag-5287","tag-cinco","tag-como","tag-debate","tag-entertainment","tag-entretenimiento","tag-es","tag-espana","tag-final","tag-isla","tag-juntas","tag-la-isla-de-las-tentaciones","tag-muestra","tag-parejas","tag-quedado","tag-roto","tag-siguen","tag-spain","tag-telecinco","tag-tentaciones","tag-tres","tag-tv"],"share_on_mastodon":{"url":"https:\/\/pubeurope.com\/@es\/116770253462914924","error":""},"_links":{"self":[{"href":"https:\/\/www.europesays.com\/es\/wp-json\/wp\/v2\/posts\/612825","targetHints":{"allow":["GET"]}}],"collection":[{"href":"https:\/\/www.europesays.com\/es\/wp-json\/wp\/v2\/posts"}],"about":[{"href":"https:\/\/www.europesays.com\/es\/wp-json\/wp\/v2\/types\/post"}],"author":[{"embeddable":true,"href":"https:\/\/www.europesays.com\/es\/wp-json\/wp\/v2\/users\/2"}],"replies":[{"embeddable":true,"href":"https:\/\/www.europesays.com\/es\/wp-json\/wp\/v2\/comments?post=612825"}],"version-history":[{"count":0,"href":"https:\/\/www.europesays.com\/es\/wp-json\/wp\/v2\/posts\/612825\/revisions"}],"wp:featuredmedia":[{"embeddable":true,"href":"https:\/\/www.europesays.com\/es\/wp-json\/wp\/v2\/media\/612826"}],"wp:attachment":[{"href":"https:\/\/www.europesays.com\/es\/wp-json\/wp\/v2\/media?parent=612825"}],"wp:term":[{"taxonomy":"category","embeddable":true,"href":"https:\/\/www.europesays.com\/es\/wp-json\/wp\/v2\/categories?post=612825"},{"taxonomy":"post_tag","embeddable":true,"href":"https:\/\/www.europesays.com\/es\/wp-json\/wp\/v2\/tags?post=612825"}],"curies":[{"name":"wp","href":"https:\/\/api.w.org\/{rel}","templated":true}]}}