{"id":612833,"date":"2026-06-18T08:54:12","date_gmt":"2026-06-18T08:54:12","guid":{"rendered":"https:\/\/www.europesays.com\/es\/612833\/"},"modified":"2026-06-18T08:54:12","modified_gmt":"2026-06-18T08:54:12","slug":"patti-smith-declara-su-amor-por-rosalia-otra-vez-conquisto-un-corazon-que-ya-estaba-conquistado-cultura","status":"publish","type":"post","link":"https:\/\/www.europesays.com\/es\/612833\/","title":{"rendered":"Patti Smith declara su amor por Rosal\u00eda (otra vez): \u201cConquist\u00f3 un coraz\u00f3n que ya estaba conquistado\u201d | Cultura"},"content":{"rendered":"<p class=\"\">Patti Smith y <a href=\"https:\/\/elpais.com\/noticias\/rosalia-vila\/\" target=\"_self\" rel=\"nofollow noopener\" title=\"https:\/\/elpais.com\/noticias\/rosalia-vila\/\">Rosal\u00eda<\/a> han vuelto a mostrar su buena sinton\u00eda. La autora de Horses asisti\u00f3 al segundo concierto de la espa\u00f1ola en el Madison Square Garden de Nueva York este mi\u00e9rcoles. Una experiencia que quiso compartir con su mill\u00f3n y medio de seguidores en una publicaci\u00f3n en Instagram liderada por una imagen de la artista de San Esteve Sesrovires, una de sus canciones, Divinize, y las siguientes palabras en ingl\u00e9s: \u201cThis is Rosalia, tonight she captured a heart already captured\u201d (Esta es Rosal\u00eda, esta noche conquist\u00f3 un coraz\u00f3n que ya estaba conquistado). En sus stories, culmin\u00f3 sus alabanzas con un \u201cBravo. Rosal\u00eda repartiendo amor en Nueva York\u201d. <\/p>\n<p class=\"\">Patti Smith, <a href=\"https:\/\/elpais.com\/cultura\/2026-04-29\/la-cantante-y-poeta-patti-smith-premio-princesa-de-asturias-de-las-artes-2026.html\" target=\"_self\" rel=\"nofollow noopener\" title=\"https:\/\/elpais.com\/cultura\/2026-04-29\/la-cantante-y-poeta-patti-smith-premio-princesa-de-asturias-de-las-artes-2026.html\">galardonada con el Premio Princesa de Asturias de las Artes 2026<\/a>, devolvi\u00f3 la visita que Rosal\u00eda le hab\u00eda hecho en el concierto que dio el pasado mes de octubre en el Teatro Real de Madrid. La de Chicago ya hab\u00eda compartido una foto de ambas tras el espect\u00e1culo en la capital. \u201cEste es un momento feliz que compartimos despu\u00e9s de nuestro concierto del 50 aniversario de Horses con Rosal\u00eda. Tiene una presencia radiante, es c\u00e1lida, fuerte y nos apoya mucho. Gracias, Rosal\u00eda. Gracias, Madrid\u00bb, asegur\u00f3 en redes. Meses despu\u00e9s, Smith tambi\u00e9n le dijo lo feliz que estaba por ella tras su participaci\u00f3n en Euphoria: \u201cEres muy valiente\u201d. <\/p>\n<p class=\"\">Pero su conexi\u00f3n no termina aqu\u00ed. Smith forma parte del \u00faltimo disco de Rosal\u00eda, Lux, interviene en forma de entrevista al final de La yugular con un extracto de una conversaci\u00f3n que la artista de 79 a\u00f1os dio en 1976. Esta canci\u00f3n, que mezcla espa\u00f1ol, \u00e1rabe e ingl\u00e9s, culmina con su intervenci\u00f3n de 18 segundos en la que invita a atravesar millones de puertas. Precisamente en Nueva York, esta canci\u00f3n se la dedic\u00f3 a su pareja, Loli Bah\u00eda: \u201cS\u00e9 que le gusta mucho esta canci\u00f3n, en especial su final\u201d. <\/p>\n<p class=\"\">En su segunda noche, Rosal\u00eda invit\u00f3 al confesionario a <a href=\"https:\/\/www.rollingstone.com\/t\/marcello-hernandez\/\" rel=\"nofollow noopener\" target=\"_blank\">Marcello Hern\u00e1ndez,<\/a> miembro del elenco de <a href=\"https:\/\/www.rollingstone.com\/t\/saturday-night-live\/\" rel=\"nofollow noopener\" target=\"_blank\">Saturday Night Live<\/a>. En su primera fecha, la protagonista fue la cantante Maggie Rogers. La catalana, que tuvo que suspender tres conciertos en Miami y Orlando por una \u201cemergencia familiar\u201d, <a href=\"https:\/\/elpais.com\/cultura\/2026-06-12\/rosalia-reaparece-en-boston-tras-la-cancelacion-de-tres-conciertos-en-miami-y-orlando-por-una-emergencia-familiar.html\" target=\"_self\" rel=\"nofollow noopener\" title=\"https:\/\/elpais.com\/cultura\/2026-06-12\/rosalia-reaparece-en-boston-tras-la-cancelacion-de-tres-conciertos-en-miami-y-orlando-por-una-emergencia-familiar.html\">reapareci\u00f3 el jueves pasado en Boston para continuar con la gira Lux Tour 2026<\/a>. En el escenario, la artista habl\u00f3 por primera vez de lo ocurrido: \u201cDesafortunadamente la semana pasada tuve que ausentarme. Gracias por entender que los seres queridos deben ser lo primero. Cuando algo inesperado y doloroso te pasa es dif\u00edcil seguir adelante, pero estoy segura de que hacer esto vale la pena\u201d.<\/p>\n<p class=\"\">En Nueva York ha tenido que cambiar sus planes, pero en esta ocasi\u00f3n por razones ajenas. La autora de Berghain ten\u00eda previsto actuar en el Madison Square Garden el 16 y el 17 de junio, pero ha tenido que posponer el concierto del 16 al 18 por la posibilidad de que ese d\u00eda se juegue en el mismo recinto la final de la NBA entre los Knicks de Nueva York y los Spurs de San Antonio. A mediados de julio el tour viajar\u00e1 a Latinoam\u00e9rica. Tiene ya fijadas fechas en Bogot\u00e1, Santiago de Chile, Buenos Aires, R\u00edo de Janeiro, Tlajomulco de Z\u00fa\u00f1iga, Monterrey, Ciudad de M\u00e9xico y San Juan.<\/p>\n","protected":false},"excerpt":{"rendered":"Patti Smith y Rosal\u00eda han vuelto a mostrar su buena sinton\u00eda. La autora de Horses asisti\u00f3 al segundo&hellip;\n","protected":false},"author":2,"featured_media":612834,"comment_status":"","ping_status":"","sticky":false,"template":"","format":"standard","meta":{"footnotes":""},"categories":[91],"tags":[505,218,3061,208,209,146,147,25,24,11475,185,896,15528,4147,23],"class_list":["post-612833","post","type-post","status-publish","format-standard","has-post-thumbnail","category-entretenimiento","tag-artistas","tag-canciones","tag-cantantes","tag-conciertos","tag-cultura","tag-entertainment","tag-entretenimiento","tag-es","tag-espana","tag-giras-musicales","tag-musica","tag-nueva-york","tag-patti-smith","tag-rosalia","tag-spain"],"share_on_mastodon":{"url":"https:\/\/pubeurope.com\/@es\/116770273196048448","error":""},"_links":{"self":[{"href":"https:\/\/www.europesays.com\/es\/wp-json\/wp\/v2\/posts\/612833","targetHints":{"allow":["GET"]}}],"collection":[{"href":"https:\/\/www.europesays.com\/es\/wp-json\/wp\/v2\/posts"}],"about":[{"href":"https:\/\/www.europesays.com\/es\/wp-json\/wp\/v2\/types\/post"}],"author":[{"embeddable":true,"href":"https:\/\/www.europesays.com\/es\/wp-json\/wp\/v2\/users\/2"}],"replies":[{"embeddable":true,"href":"https:\/\/www.europesays.com\/es\/wp-json\/wp\/v2\/comments?post=612833"}],"version-history":[{"count":0,"href":"https:\/\/www.europesays.com\/es\/wp-json\/wp\/v2\/posts\/612833\/revisions"}],"wp:featuredmedia":[{"embeddable":true,"href":"https:\/\/www.europesays.com\/es\/wp-json\/wp\/v2\/media\/612834"}],"wp:attachment":[{"href":"https:\/\/www.europesays.com\/es\/wp-json\/wp\/v2\/media?parent=612833"}],"wp:term":[{"taxonomy":"category","embeddable":true,"href":"https:\/\/www.europesays.com\/es\/wp-json\/wp\/v2\/categories?post=612833"},{"taxonomy":"post_tag","embeddable":true,"href":"https:\/\/www.europesays.com\/es\/wp-json\/wp\/v2\/tags?post=612833"}],"curies":[{"name":"wp","href":"https:\/\/api.w.org\/{rel}","templated":true}]}}