{"id":613015,"date":"2026-06-18T11:01:12","date_gmt":"2026-06-18T11:01:12","guid":{"rendered":"https:\/\/www.europesays.com\/es\/613015\/"},"modified":"2026-06-18T11:01:12","modified_gmt":"2026-06-18T11:01:12","slug":"la-seleccion-espanola-sub-23-afronta-la-andorra-morabanc-classica-con-pablo-torres-como-referencia-esciclismo","status":"publish","type":"post","link":"https:\/\/www.europesays.com\/es\/613015\/","title":{"rendered":"La Selecci\u00f3n Espa\u00f1ola sub-23 afronta la Andorra MoraBanc Cl\u00e0ssica con Pablo Torres como referencia &#8211; Esciclismo"},"content":{"rendered":"<ol>\n<li><a href=\"https:\/\/news.google.com\/rss\/articles\/CBMiakFVX3lxTE1IcDB5ajdqUlg0ZkFvOXZlWGdIU0tCYnNYaTFzZnNpYlhPSi03MlJOU3FZR2ktZ0FSV1U3MnJLdm1TZ2ZpQkozdG00UDhELUkySFVvSkc0T2NScGp0eEloLTJ0bjVJTUJiaHc?oc=5\" target=\"_blank\" rel=\"nofollow noopener\">La Selecci\u00f3n Espa\u00f1ola sub-23 afronta la Andorra MoraBanc Cl\u00e0ssica con Pablo Torres como referencia<\/a>&nbsp;&nbsp;Esciclismo<\/li>\n<li><a href=\"https:\/\/news.google.com\/rss\/articles\/CBMi3AFBVV95cUxPNU9ZRjBac1JsUHV3d3lHTk9qVXpvbVFib3RCQ3Y3cS1RekpsLWFITU1PeUE0cEFmMXE5aTViWnRwZzFLMnpaUmpQVmluc2tlZGROWTRMUkRaSG11MU1rM1g0OUd5aFJQWWF2ZWF5ZGdocVF5ZjZkZ3NqMXROQXp1NFc0bUc5VjRFRFZ4VTVvZ000QzFRZDlvQjlkdWluSi14YmdfM3dHYWJjU1ZDdFB6MHJnNktqOVctNlRYUUVTNHhLX3ZxVG5YZ2tvcl93TmhRWmtKVTQ1a19UdzBN?oc=5\" target=\"_blank\" rel=\"nofollow noopener\">Fernando Tercero disputar\u00e1 la Andorra MoraBanc Cl\u00e0ssica<\/a>&nbsp;&nbsp;La Tribuna de Ciudad Real<\/li>\n<li><a href=\"https:\/\/news.google.com\/rss\/articles\/CBMi9AFBVV95cUxQLU1MVFVqd2VUU1Q2OVJ0MFc1WEtNQ1JIZTF3QWp4elJRTjBzbXBoNmEzWkhsbGVITGJjOGlLcG5uOTdPQUJjWUdibll5RWRnc0NfRHhoOFlkU2F3N3JLME1STUxrbDMtclAzNnN3TkFsSXJVLV8zbVZodFh3Wm84MzFfYXM3SHhVTlJ1VEwtRVJUbjZweU1fc0V5bjV1M0JBdmlWNjZMNzZ1ZnRidzMyWE5UQVc5cVhudlpSUDF1N2JJT2tUZkdCQ0h0VWE3X1dQRm9wTkxmUnZwSTl5YWFXS2hrbDdnejlMUk90YVp2bGRmajBB?oc=5\" target=\"_blank\" rel=\"nofollow noopener\">La Selecci\u00f3n Espa\u00f1ola sub23 afronta la Andorra MoraBanc Cl\u00e0ssica con gran ambici\u00f3n<\/a>&nbsp;&nbsp;REAL FEDERACI\u00d3N ESPA\u00d1OLA DE CICLISMO<\/li>\n<li><a href=\"https:\/\/news.google.com\/rss\/articles\/CBMi8AFBVV95cUxPSnVLd2tMWUpOYmYySWJrOFZ5Q0F5YXN2NzAtSmV5YXNFb1ZMVEs5dGh3QmFzV3VrQkJSMWpwQXFscWF4MzgwNWdkekFTQUlYR25yYlJPTzRvVG1Gd0FFVDJ5cUJOUEJVZUdfQWpxNmw4TURMV3ZVYUJFWkVKa2Z2VFk5OV9jMnVqRWMtNF9JY2VvckNUY3lHUndjU3pva2hWN0JQcWE0TGY3NG5iaUVkRjEwc0VpcmJVZlZlbmRHbS1aY0l6V1h5UnlhcFhDYWEtLTJ6cHptMkE2eGFLNGpMSFRubUdkc2sycnE5eVJ0Mjg?oc=5\" target=\"_blank\" rel=\"nofollow noopener\">Lista de participantes de la Andorra MoraBanc Cl\u00e0ssica 2026: Tom Pidcock, Carlos Verona, Iv\u00e1n Sosa, Fernando Barcel\u00f3 y Nil Gimeno<\/a>&nbsp;&nbsp;Ciclismoaldia.es<\/li>\n<li><a href=\"https:\/\/news.google.com\/rss\/articles\/CBMirgFBVV95cUxOMkdYaGlnTWtDcEJmLV80QXRBcS1xeVFZWEFsVFZZSkZVQldPTzNHanVkTnBmQndKZkVDekRQQkNkVVloQ05jbWliWFROcjdYbkdGY05IWkJaMlJsekVkSjkyTXZiRzVUV1FFSTlraTNRRVZIUnRqcTBZZkgtUlg3VWM0bUk4NXBJS0ZxaF9sVXVYZWltbVd4ZE5RNlVybTE4ODNYWTJkUTYyc3pLb2c?oc=5\" target=\"_blank\" rel=\"nofollow noopener\">Cu\u00e1ndo y d\u00f3nde ver por TV y seguir online la Andorra MoraBanc Cl\u00e0ssica 2026<\/a>&nbsp;&nbsp;Ciclismoaldia.es<\/li>\n<\/ol>\n","protected":false},"excerpt":{"rendered":"La Selecci\u00f3n Espa\u00f1ola sub-23 afronta la Andorra MoraBanc Cl\u00e0ssica con Pablo Torres como referencia&nbsp;&nbsp;Esciclismo Fernando Tercero disputar\u00e1 la&hellip;\n","protected":false},"author":2,"featured_media":613016,"comment_status":"","ping_status":"","sticky":false,"template":"","format":"standard","meta":{"footnotes":""},"categories":[273],"tags":[95841,5593,114507,10098,4507,6783,4860,18791,313,10341,76606,59215,34314,312,168,24044,1053,1563,1882,622,25,24,2501,14218,61,9201,1783,1179,5329,59694,813,114506,4582,18807,1988,23,167,4039,11214],"class_list":["post-613015","post","type-post","status-publish","format-standard","has-post-thumbnail","category-ciclismo","tag-afrontara","tag-alta","tag-andorr","tag-andorra","tag-apenas","tag-calendario","tag-carrera","tag-carretera","tag-ciclismo","tag-citas","tag-classica","tag-competira","tag-consolidado","tag-cycling","tag-deportes","tag-dirigido","tag-domingo","tag-dos","tag-ediciones","tag-equipo","tag-es","tag-espana","tag-espanola","tag-exigentes","tag-internacional","tag-junio","tag-la","tag-mas","tag-montana","tag-morabanc","tag-nacional","tag-orengo","tag-pascual","tag-principado","tag-seleccion","tag-spain","tag-sports","tag-sub","tag-uci"],"share_on_mastodon":{"url":"https:\/\/pubeurope.com\/@es\/116770772540006360","error":""},"_links":{"self":[{"href":"https:\/\/www.europesays.com\/es\/wp-json\/wp\/v2\/posts\/613015","targetHints":{"allow":["GET"]}}],"collection":[{"href":"https:\/\/www.europesays.com\/es\/wp-json\/wp\/v2\/posts"}],"about":[{"href":"https:\/\/www.europesays.com\/es\/wp-json\/wp\/v2\/types\/post"}],"author":[{"embeddable":true,"href":"https:\/\/www.europesays.com\/es\/wp-json\/wp\/v2\/users\/2"}],"replies":[{"embeddable":true,"href":"https:\/\/www.europesays.com\/es\/wp-json\/wp\/v2\/comments?post=613015"}],"version-history":[{"count":0,"href":"https:\/\/www.europesays.com\/es\/wp-json\/wp\/v2\/posts\/613015\/revisions"}],"wp:featuredmedia":[{"embeddable":true,"href":"https:\/\/www.europesays.com\/es\/wp-json\/wp\/v2\/media\/613016"}],"wp:attachment":[{"href":"https:\/\/www.europesays.com\/es\/wp-json\/wp\/v2\/media?parent=613015"}],"wp:term":[{"taxonomy":"category","embeddable":true,"href":"https:\/\/www.europesays.com\/es\/wp-json\/wp\/v2\/categories?post=613015"},{"taxonomy":"post_tag","embeddable":true,"href":"https:\/\/www.europesays.com\/es\/wp-json\/wp\/v2\/tags?post=613015"}],"curies":[{"name":"wp","href":"https:\/\/api.w.org\/{rel}","templated":true}]}}