{"id":613116,"date":"2026-06-18T12:15:12","date_gmt":"2026-06-18T12:15:12","guid":{"rendered":"https:\/\/www.europesays.com\/es\/613116\/"},"modified":"2026-06-18T12:15:12","modified_gmt":"2026-06-18T12:15:12","slug":"el-pontevedres-cesar-portela-recibe-el-premio-de-arquitectura-antonio-palacios","status":"publish","type":"post","link":"https:\/\/www.europesays.com\/es\/613116\/","title":{"rendered":"El pontevedr\u00e9s C\u00e9sar Portela recibe el Premio de Arquitectura Antonio Palacios"},"content":{"rendered":"<p class=\"ft-text\">El arquitecto C\u00e9sar Portela (Pontevedra, 1937) recibir\u00e1 el Premio de Arquitectura en Piedra Antonio Palacios en el marco de Stonegal 2026, el gran encuentro internacional dedicado en exclusiva a la piedra natural.<strong> El galard\u00f3n reconoce la excelencia en el dise\u00f1o contempor\u00e1neo y reivindica el papel de la piedra natural como lenguaje <\/strong>arquitect\u00f3nico estrat\u00e9gico.<\/p>\n<p class=\"ft-text\">La entrega del premio tendr\u00e1 lugar hoy durante la StoneGala, una velada que se celebrar\u00e1 en el coraz\u00f3n de una cantera de granito de O Porri\u00f1o y que reunir\u00e1 a profesionales, instituciones y representantes del sector para reconocer a las personas, proyectos e iniciativas que impulsan el presente y el futuro de la arquitectura y la piedra natural.<\/p>\n<p class=\"ft-text\">Con este reconocimiento, <strong>Portela recoge el testigo del arquitecto portugu\u00e9s Eduardo Souto de Moura, Premio Pritzker y galardonado en la primera edici\u00f3n de Stonegal, <\/strong>consolidando un palmar\u00e9s que re\u00fane a algunas de las figuras m\u00e1s influyentes de la arquitectura contempor\u00e1nea.<\/p>\n<p class=\"ft-text\">Nacido en Pontevedra en 1937, C\u00e9sar Portela es una de las grandes referencias de la arquitectura espa\u00f1ola contempor\u00e1nea. <strong>En 1999 recibi\u00f3 el Premio Nacional de Arquitectura por el edificio de la estaci\u00f3n de autobuses de C\u00f3rdoba<\/strong> y, en <strong>2023, fue distinguido con la Medalla de Oro de la Arquitectura. <\/strong>Su trayectoria se ha caracterizado por una especial sensibilidad hacia el territorio, el paisaje y la memoria cultural de los lugares donde interviene.<\/p>\n<p class=\"ft-text\">A lo largo de su carrera, Portela ha desarrollado una obra marcada por la integraci\u00f3n de la arquitectura en su entorno geogr\u00e1fico y cultural, con el granito y la piedra natural como elementos estructurales y expresivos. Entre sus proyectos m\u00e1s reconocidos figuran la <strong>sede central de Abanca en Pontevedra<\/strong>; el Museo del Mar de Galicia, en Vigo, proyectado junto a Aldo Rossi; la Domus de A Coru\u00f1a, junto a Arata Isozaki; el Verbum &#8211; Casa de las Palabras, tambi\u00e9n en Vigo; o el Palacio de Congresos de A Coru\u00f1a, desarrollado junto a Ricardo Bofill.<\/p>\n<p class=\"ft-text\">A estas obras de escala urbana se suman intervenciones profundamente vinculadas al paisaje, como el Faro de Punta Nariga, en Malpica de Berganti\u00f1os; el Cementerio de Finisterre; el Auditorio y Palacio de Congresos Mar de Vigo; <strong>o el Mercado de Abastos de Pontevedra<\/strong>. Todas ellas reflejan una arquitectura atenta al contexto y al uso de materiales capaces de dialogar con el territorio.<\/p>\n<p>Stonegal 2026, escaparate internacional de la piedra natural<\/p>\n<p class=\"ft-text\">Stonegal celebra su segunda edici\u00f3n en el Instituto Ferial de Vigo, IFEVI, con el objetivo de consolidarse como el encuentro internacional de referencia para la industria de la piedra natural. El evento est\u00e1 promovido y organizado por Natural Stone Events y cuenta con la alianza estrat\u00e9gica del sector de la piedra natural de Galicia, l\u00edder en la producci\u00f3n de materiales como el granito y la pizarra.<\/p>\n<p class=\"ft-text\">La feria reune a m\u00e1s de 120 expositores directos y prev\u00e9 superar los 6.000 profesionales, en un contexto de alta proyecci\u00f3n exterior para la industria espa\u00f1ola de la piedra natural. El sector factura 2.735 millones de euros y registra una tasa media de exportaci\u00f3n de entre el 75% y el 80% de su producci\u00f3n.<\/p>\n<p class=\"ft-text\">Uno de los ejes principales de esta edici\u00f3n es el Summit \u00abArquitectura y Piedra\u00bb, un foro de debate t\u00e9cnico y cient\u00edfico centrado en la viabilidad, el c\u00e1lculo estructural y la sostenibilidad de la piedra natural en la edificaci\u00f3n contempor\u00e1nea. El programa cuenta con ponentes internacionales como Marisa Santamar\u00eda, Jean-Manuel Perraudin, Giuseppe Fallacara y Xavier Ferr\u00e9s Padr\u00f3.<\/p>\n","protected":false},"excerpt":{"rendered":"El arquitecto C\u00e9sar Portela (Pontevedra, 1937) recibir\u00e1 el Premio de Arquitectura en Piedra Antonio Palacios en el marco&hellip;\n","protected":false},"author":2,"featured_media":613117,"comment_status":"","ping_status":"","sticky":false,"template":"","format":"standard","meta":{"footnotes":""},"categories":[173],"tags":[64565,801,229,233,231,230,10919,114518,232,234,146,147,25,24,840,103916,843,3684,23],"class_list":["post-613116","post","type-post","status-publish","format-standard","has-post-thumbnail","category-arte-y-diseno","tag-antonio-palacios","tag-arquitectura","tag-arte","tag-arte-y-diseno","tag-arts","tag-arts-and-design","tag-cesar","tag-cesar-portela","tag-design","tag-diseno","tag-entertainment","tag-entretenimiento","tag-es","tag-espana","tag-pontevedres","tag-portela","tag-premio","tag-recibe","tag-spain"],"share_on_mastodon":{"url":"","error":""},"_links":{"self":[{"href":"https:\/\/www.europesays.com\/es\/wp-json\/wp\/v2\/posts\/613116","targetHints":{"allow":["GET"]}}],"collection":[{"href":"https:\/\/www.europesays.com\/es\/wp-json\/wp\/v2\/posts"}],"about":[{"href":"https:\/\/www.europesays.com\/es\/wp-json\/wp\/v2\/types\/post"}],"author":[{"embeddable":true,"href":"https:\/\/www.europesays.com\/es\/wp-json\/wp\/v2\/users\/2"}],"replies":[{"embeddable":true,"href":"https:\/\/www.europesays.com\/es\/wp-json\/wp\/v2\/comments?post=613116"}],"version-history":[{"count":0,"href":"https:\/\/www.europesays.com\/es\/wp-json\/wp\/v2\/posts\/613116\/revisions"}],"wp:featuredmedia":[{"embeddable":true,"href":"https:\/\/www.europesays.com\/es\/wp-json\/wp\/v2\/media\/613117"}],"wp:attachment":[{"href":"https:\/\/www.europesays.com\/es\/wp-json\/wp\/v2\/media?parent=613116"}],"wp:term":[{"taxonomy":"category","embeddable":true,"href":"https:\/\/www.europesays.com\/es\/wp-json\/wp\/v2\/categories?post=613116"},{"taxonomy":"post_tag","embeddable":true,"href":"https:\/\/www.europesays.com\/es\/wp-json\/wp\/v2\/tags?post=613116"}],"curies":[{"name":"wp","href":"https:\/\/api.w.org\/{rel}","templated":true}]}}