{"id":613184,"date":"2026-06-18T13:01:14","date_gmt":"2026-06-18T13:01:14","guid":{"rendered":"https:\/\/www.europesays.com\/es\/613184\/"},"modified":"2026-06-18T13:01:14","modified_gmt":"2026-06-18T13:01:14","slug":"la-justicia-aplaza-un-ano-el-fin-de-la-guerra-por-la-direccion-del-colegio-de-arquitectos-de-madrid","status":"publish","type":"post","link":"https:\/\/www.europesays.com\/es\/613184\/","title":{"rendered":"La Justicia aplaza un a\u00f1o el fin de la guerra por la direcci\u00f3n del Colegio de Arquitectos de Madrid"},"content":{"rendered":"<p style=\"\">Un d\u00eda antes de que el juez citara este mi\u00e9rcoles a la Junta de Gobierno en funciones del <strong>Colegio de Arquitectos de Madrid (COAM)<\/strong> y al grupo del aspirante a decano, Jes\u00fas San Vicente, para una vista que pretend\u00eda arrojar un poco de luz  &#8230; en el complejo escenario de este \u00f3rgano, un nuevo fallo, ahora del juzgado n\u00famero 23 de lo Contencioso-Administrativo, citaba en abril de 2027 a los mismos implicados. Sin embargo, en esta ocasi\u00f3n, concierne a la cuesti\u00f3n de fondo de la <a href=\"https:\/\/www.abc.es\/espana\/madrid\/juez-suspende-resolucion-dejaba-elecciones-actual-decano-20250516043603-nt.html\" target=\"_self\" data-voc-vtm-id=\"in-text-traffic\" title=\"guerra interna\" data-mrf-link=\"www.abc.es\" rel=\"nofollow noopener\">guerra interna<\/a> por la direcci\u00f3n del COAM: si proced\u00eda la exclusi\u00f3n de la candidatura del decano actual. <\/p>\n<p class=\"v-d-p\" style=\"\">Conviene no perderse en los distintos cap\u00edtulos que han tenido lugar el \u00faltimo a\u00f1o en torno a este colegio profesional. Para comprender el asunto hay que remontarse a las elecciones del pasado mayo de 2025, cuando comenz\u00f3 la controversia en torno a si la candidatura de Sigfrido Herr\u00e1ez, actual decano en funciones, era v\u00e1lida al considerar la Mesa Electoral que pretend\u00eda presentarse a un tercer mandato, algo que los estatutos no permiten. Herr\u00e1ez recurri\u00f3 la decisi\u00f3n ante el juzgado de lo Contencioso-Administrativo n\u00famero 18 de Madrid, que concedi\u00f3 medidas cautelares permitiendo su participaci\u00f3n en las elecciones \u2013en las que fue respaldado por el 53,9% de los colegiados que votaron\u2013, aunque sin pronunciarse sobre el fondo del asunto.<\/p>\n<p class=\"v-d-p\" style=\"\">Ahora, seg\u00fan el escrito al que ha tenido acceso ABC, el juzgado n\u00famero 23 de lo Contencioso-Administrativo ha admitido la demanda contra la resoluci\u00f3n que excluy\u00f3 a este decano de las elecciones y establece el pr\u00f3ximo <strong>15 de abril<\/strong> como fecha para una vista oral en la que analizar\u00e1 si la candidatura de Todos COAM era v\u00e1lida. Se conceden tambi\u00e9n unas medidas cautelares que suspenden la efectividad del acto de exclusi\u00f3n de la candidatura electoral de los demandantes y da un plazo de 10 d\u00edas para que se presenten alegaciones.<\/p>\n<ul class=\"v-cmp-rld__u\">\n<li class=\"v-cmp-rld__l\">\n<p><a class=\"v-a-lnk\" href=\"https:\/\/www.abc.es\/espana\/madrid\/mesa-electoral-colegio-arquitectos-madrilenos-frena-segunda-20251124111405-nt.html#vtm_modulosEngag=noticiasrelacionadas-cmp-uno:espana:noticia:1\" title=\"Sigfrido Herr\u00e1ez tomar\u00e1 posesi\u00f3n como decano del Colegio Oficial de Arquitectos de Madrid pese al requerimiento de la Mesa Electoral\" data-voc-vtm-id=\"in-text-traffic\" rel=\"nofollow noopener\" target=\"_blank\"><br \/>\n<img decoding=\"async\" loading=\"lazy\" src=\"https:\/\/www.europesays.com\/es\/wp-content\/uploads\/2026\/06\/1447923455-U22442435683Chd-366x256@diario_abc.jpg\" class=\"v-a-img\" width=\"258\" height=\"180\" alt=\"Sigfrido Herr\u00e1ez tomar\u00e1 posesi\u00f3n como decano del Colegio Oficial de Arquitectos de Madrid pese al requerimiento de la Mesa Electoral\"\/><br \/>\n<\/a><\/p>\n<\/li>\n<\/ul>\n<p class=\"v-d-p\" style=\"\">Este nuevo cap\u00edtulo llega despu\u00e9s de unas semanas de tensi\u00f3n. Un auto del 1 de junio del mismo juzgado que acept\u00f3 las cautelares que permit\u00edan la participaci\u00f3n en las elecciones del grupo que encabezaba Herr\u00e1ez, las revoc\u00f3 por un defecto de forma \u2013un a\u00f1o m\u00e1s tarde de la celebraci\u00f3n de los comicios\u2013 al considerar que la lista del actual decano deb\u00eda haber agotado al v\u00eda administrativa antes de acudir a la judicial. <\/p>\n<p class=\"v-d-p\" style=\"\">Ante esta situaci\u00f3n, la Mesa Electoral anunci\u00f3 la toma de posesi\u00f3n del candidato de Nexo COAM, cuesti\u00f3n que el titular de el juzgado n\u00famero 18 de lo Contencioso-Administrativo orden\u00f3 paralizar a la espera de lo que sucediera en la vista que tuvo lugar la ma\u00f1ana de este mi\u00e9rcoles y en la que las partes implicadas expusieron sus posturas. <\/p>\n<p class=\"v-d-p\" style=\"\">En una rueda de prensa, Herr\u00e1ez calific\u00f3 a este acto como una <a href=\"https:\/\/www.abc.es\/espana\/madrid\/suspendida-toma-posesion-decano-arquitectos-madrilenos-20250609192722-nt.html\" target=\"_self\" data-voc-vtm-id=\"in-text-traffic\" title=\"\u00abtoma del Capitolio\u00bb\" data-mrf-link=\"www.abc.es\" rel=\"nofollow noopener\">\u00abtoma del Capitolio\u00bb<\/a> e \u00abintento de asalto institucional del Colegio al margen de la legalidad y de la voluntad expresada en las urnas\u00bb. Por su parte, Jes\u00fas San Vicente niega que el acto se tratara de una \u00abtoma de la Bastilla\u00bb e incide en la Mesa Electoral \u00abdebe seguir vigilado hasta el final del proceso electoral\u00bb, por lo que sus decisiones son definitivas \u00abhasta que se proclame una candidatura\u00bb.<\/p>\n<p class=\"v-d-p\" style=\"\">As\u00ed, la crisis por la direcci\u00f3n del Colegio de Arquitectos que lleva enquistada ya un a\u00f1o parece que se extender\u00e1 otro m\u00e1s. Todo esto, sin que se haya conocido a\u00fan el fallo del juez que se reuni\u00f3 con las partes implicadas tras el anuncio de una toma de posesi\u00f3n que finalmente fue anulada.<\/p>\n","protected":false},"excerpt":{"rendered":"Un d\u00eda antes de que el juez citara este mi\u00e9rcoles a la Junta de Gobierno en funciones del&hellip;\n","protected":false},"author":2,"featured_media":613185,"comment_status":"","ping_status":"","sticky":false,"template":"","format":"standard","meta":{"footnotes":""},"categories":[173],"tags":[1611,35394,3739,229,233,231,230,42658,232,4796,234,146,147,25,24,772,69,2158,205,23],"class_list":["post-613184","post","type-post","status-publish","format-standard","has-post-thumbnail","category-arte-y-diseno","tag-ano","tag-aplaza","tag-arquitectos","tag-arte","tag-arte-y-diseno","tag-arts","tag-arts-and-design","tag-colegio","tag-design","tag-direccion","tag-diseno","tag-entertainment","tag-entretenimiento","tag-es","tag-espana","tag-fin","tag-guerra","tag-justicia","tag-madrid","tag-spain"],"share_on_mastodon":{"url":"https:\/\/pubeurope.com\/@es\/116771245208375006","error":""},"_links":{"self":[{"href":"https:\/\/www.europesays.com\/es\/wp-json\/wp\/v2\/posts\/613184","targetHints":{"allow":["GET"]}}],"collection":[{"href":"https:\/\/www.europesays.com\/es\/wp-json\/wp\/v2\/posts"}],"about":[{"href":"https:\/\/www.europesays.com\/es\/wp-json\/wp\/v2\/types\/post"}],"author":[{"embeddable":true,"href":"https:\/\/www.europesays.com\/es\/wp-json\/wp\/v2\/users\/2"}],"replies":[{"embeddable":true,"href":"https:\/\/www.europesays.com\/es\/wp-json\/wp\/v2\/comments?post=613184"}],"version-history":[{"count":0,"href":"https:\/\/www.europesays.com\/es\/wp-json\/wp\/v2\/posts\/613184\/revisions"}],"wp:featuredmedia":[{"embeddable":true,"href":"https:\/\/www.europesays.com\/es\/wp-json\/wp\/v2\/media\/613185"}],"wp:attachment":[{"href":"https:\/\/www.europesays.com\/es\/wp-json\/wp\/v2\/media?parent=613184"}],"wp:term":[{"taxonomy":"category","embeddable":true,"href":"https:\/\/www.europesays.com\/es\/wp-json\/wp\/v2\/categories?post=613184"},{"taxonomy":"post_tag","embeddable":true,"href":"https:\/\/www.europesays.com\/es\/wp-json\/wp\/v2\/tags?post=613184"}],"curies":[{"name":"wp","href":"https:\/\/api.w.org\/{rel}","templated":true}]}}