{"id":613291,"date":"2026-06-18T14:15:19","date_gmt":"2026-06-18T14:15:19","guid":{"rendered":"https:\/\/www.europesays.com\/es\/613291\/"},"modified":"2026-06-18T14:15:19","modified_gmt":"2026-06-18T14:15:19","slug":"el-ipswich-town-se-interesa-por-el-fichaje-de-etta-eyong-ser-deportivos-valencia","status":"publish","type":"post","link":"https:\/\/www.europesays.com\/es\/613291\/","title":{"rendered":"El Ipswich Town se interesa por el fichaje de Etta Eyong | SER Deportivos Valencia"},"content":{"rendered":"<p class=\"loc\">Valencia<\/p>\n<p>El Ipswich Town tiene entre sus principales objetivos de mercado al delantero del Levante Etta Eyong y ya se han producido varias llamadas para trasladar su inter\u00e9s y conocer las condiciones econ\u00f3micas de una posible operaci\u00f3n. <\/p>\n<p>Seg\u00fan ha podido saber la Cadena SER, el reci\u00e9n ascendido a la Premier League est\u00e1 analizando varios perfiles antes de decidir si en los pr\u00f3ximos d\u00edas presenta una oferta oficial por el delantero camerun\u00e9s y con el que ya ha contactado para saber su predisposici\u00f3n. <\/p>\n<p>El Ipswich Town necesita reforzar su ataque porque dos de sus tres delanteros con los que logr\u00f3 su regreso a la Premier League finalizan sus periodos de cesi\u00f3n, uno de ellos el espa\u00f1ol Iv\u00e1n Az\u00f3n que regresa al Como 1907 y Chuba Akpom que vuelve al Ajax. <\/p>\n<p>El Levante ya ha trasladado su predisposici\u00f3n para abrir una negociaci\u00f3n con el conjunto ingl\u00e9s y con la tranquilidad de saber que no necesitara vender antes del 30 de junio para arrojar un super\u00e1vit en las cuentas correspondientes al ejercicido 2025-2026.<\/p>\n<p>Etta Eyong tiene contrato con la entidad granota hasta el 30 de junio de 2029 y con una cl\u00e1usula de rescisi\u00f3n de 30 millones de euros y que asciende hasta los 40 para equipos de Premier League. <\/p>\n<p>El futbolista, que en su primera temporada en Primera ha marcado 7 goles y ha dado 4 asistencias, desestim\u00f3 en el mercado de invierno una propuesta muy importante a nivel econ\u00f3mico del CSKA de Mosc\u00fa y con un salario estratosf\u00e9rico por 4 temporadas. <\/p>\n<p>Fue el jugador el que rompi\u00f3 una operaci\u00f3n que superaba los 25 millones de euros porque su deseo siempre fue esperar a que pudiera llegar una propuesta de la liga inglesa y es posible que en las pr\u00f3ximas semanas se pueda transformar en una negociaci\u00f3n real y que le conduzca hasta la Premier League.<\/p>\n<p>    <img decoding=\"async\" src=\"https:\/\/www.europesays.com\/es\/wp-content\/uploads\/2026\/06\/1781792119_248_app-ser-4.png\" alt=\"Nueva APP de Cadena SER\" loading=\"lazy\" width=\"109\" height=\"82\"\/><\/p>\n<p>Descubre la nueva app de Cadena\u00a0SER<br \/>\n        Te ofrecemos una mejor experiencia de audio y video\n    <\/p>\n<p>    <a href=\"https:\/\/trackingcodes.prisamedia.com\/ser.html?utm_campaign=app-include-articulo&amp;utm_source=web\" class=\"p-a-fa-b\" rel=\"nofollow noopener\" target=\"_blank\">Descargar<\/a><\/p>\n<p>Recordemos que en una futura operaci\u00f3n de traspaso, el Villarreal obtendr\u00eda un beneficio en funci\u00f3n del valor definitivo de la venta y el C\u00e1diz recibir\u00eda el 50% de lo que ingresase el Villarreal. <\/p>\n<p>Sigue toda la \u00faltima hora en el canal de Whatsapp de Radio Valencia:<a href=\"https:\/\/eur01.safelinks.protection.outlook.com\/?url=https%3A%2F%2Fwhatsapp.com%2Fchannel%2F0029VaHjyqSFHWq2Q3iHB33R&amp;data=05%7C02%7CASanchezSa%40prisaradio.com%7Cbcbba1a7cd834febfc0008dc718f345b%7Cc4fd49f3e15a44d882e2c909735d2e45%7C0%7C0%7C638510107081166370%7CUnknown%7CTWFpbGZsb3d8eyJWIjoiMC4wLjAwMDAiLCJQIjoiV2luMzIiLCJBTiI6Ik1haWwiLCJXVCI6Mn0%3D%7C0%7C%7C%7C&amp;sdata=WFs4%2BokiRyjbxmDJgRU9c1ksYZP%2F7O9hOQ0C1W8Esm0%3D&amp;reserved=0\" target=\"_blank\" rel=\"nofollow noopener\" title=\"Direcci\u00f3n URL original: https:\/\/whatsapp.com\/channel\/0029VaHjyqSFHWq2Q3iHB33R. Haga clic o pulse si conf\u00eda en este v\u00ednculo.\">haz clic aqu\u00ed y suscr\u00edbete<\/a> para recibir toda la informaci\u00f3n y la actualidad del d\u00eda en tu m\u00f3vil.<\/p>\n","protected":false},"excerpt":{"rendered":"Valencia El Ipswich Town tiene entre sus principales objetivos de mercado al delantero del Levante Etta Eyong y&hellip;\n","protected":false},"author":2,"featured_media":613292,"comment_status":"","ping_status":"","sticky":false,"template":"","format":"standard","meta":{"footnotes":""},"categories":[93],"tags":[32976,1204,50245,168,25,24,41337,1205,7136,280,114535,525,1147,1209,288,1210,40538,11415,1212,16707,9,1215,20116,19596,114536,23,1219,167,1221,1222,1223,114537],"class_list":["post-613291","post","type-post","status-publish","format-standard","has-post-thumbnail","category-deportes","tag-athletic-competition","tag-club-football","tag-competitive-match","tag-deportes","tag-es","tag-espana","tag-etta-eyong","tag-european-football","tag-fans","tag-football","tag-football-season","tag-game","tag-girona","tag-joan-valls","tag-laliga","tag-laliga-ea-sports","tag-league-match","tag-levante-ud","tag-match","tag-match-day","tag-news","tag-nurphoto","tag-player","tag-professional-football","tag-september-20","tag-spain","tag-spanish-football","tag-sports","tag-sports-photography","tag-team","tag-urbanandsport","tag-week-5"],"share_on_mastodon":{"url":"https:\/\/pubeurope.com\/@es\/116771535395376911","error":""},"_links":{"self":[{"href":"https:\/\/www.europesays.com\/es\/wp-json\/wp\/v2\/posts\/613291","targetHints":{"allow":["GET"]}}],"collection":[{"href":"https:\/\/www.europesays.com\/es\/wp-json\/wp\/v2\/posts"}],"about":[{"href":"https:\/\/www.europesays.com\/es\/wp-json\/wp\/v2\/types\/post"}],"author":[{"embeddable":true,"href":"https:\/\/www.europesays.com\/es\/wp-json\/wp\/v2\/users\/2"}],"replies":[{"embeddable":true,"href":"https:\/\/www.europesays.com\/es\/wp-json\/wp\/v2\/comments?post=613291"}],"version-history":[{"count":0,"href":"https:\/\/www.europesays.com\/es\/wp-json\/wp\/v2\/posts\/613291\/revisions"}],"wp:featuredmedia":[{"embeddable":true,"href":"https:\/\/www.europesays.com\/es\/wp-json\/wp\/v2\/media\/613292"}],"wp:attachment":[{"href":"https:\/\/www.europesays.com\/es\/wp-json\/wp\/v2\/media?parent=613291"}],"wp:term":[{"taxonomy":"category","embeddable":true,"href":"https:\/\/www.europesays.com\/es\/wp-json\/wp\/v2\/categories?post=613291"},{"taxonomy":"post_tag","embeddable":true,"href":"https:\/\/www.europesays.com\/es\/wp-json\/wp\/v2\/tags?post=613291"}],"curies":[{"name":"wp","href":"https:\/\/api.w.org\/{rel}","templated":true}]}}