{"id":613353,"date":"2026-06-18T15:01:23","date_gmt":"2026-06-18T15:01:23","guid":{"rendered":"https:\/\/www.europesays.com\/es\/613353\/"},"modified":"2026-06-18T15:01:23","modified_gmt":"2026-06-18T15:01:23","slug":"euskadi-vuelve-a-conquistar-netflix-los-tres-municipios-vascos-donde-se-grabo-todo-lo-que-nunca-fuimos","status":"publish","type":"post","link":"https:\/\/www.europesays.com\/es\/613353\/","title":{"rendered":"Euskadi vuelve a conquistar Netflix: los tres municipios vascos donde se grab\u00f3 &#8216;Todo lo que nunca fuimos&#8217;"},"content":{"rendered":"<p class=\"c-paragraph\">La costa <a href=\"https:\/\/www.20minutos.es\/tags\/lugares\/guipuzcoa.html\" title=\"Guip\u00fazcoa\" rel=\"nofollow noopener\" target=\"_blank\">guipuzcoana<\/a> ha vuelto a la gran pantalla. Y lo ha hecho por todo lo alto: es el escenario de\u00a0Todo lo que nunca fuimos, la adaptaci\u00f3n de la novela hom\u00f3nima de Alice Kellen que se estren\u00f3 en cines el pasado 5 de junio. La pel\u00edcula, dirigida por Marina Seresesky y <b><a href=\"https:\/\/www.20minutos.es\/television\/maxi-iglesias-vuelve-revuelta-un-mes-despues-su-trato-con-broncano-hombre-palabra_6977918_0.html\" title=\"Maxi Iglesias vuelve a &#039;La Revuelta&#039; un mes despu\u00e9s de su trato con Broncano: &quot;Hombre de palabra&quot;\" rel=\"nofollow noopener\" target=\"_blank\">protagonizada por Maxi Iglesias y Margarida Corceiro<\/a><\/b>, cuenta la historia de Leah, una joven de 19 a\u00f1os que pierde a sus padres en un accidente de tr\u00e1fico y se ve obligada a mudarse con Axel, el amigo de su hermano.\u00a0<\/p>\n<p class=\"c-paragraph\">La novela transcurre en la costa vasca. Y la pel\u00edcula no iba a ser menos. El rodaje, que arranc\u00f3 en junio de 2025 y se prolong\u00f3 durante todo el verano, tuvo lugar en la provincia de Guip\u00fazcoa, y m\u00e1s concretamente en las <b>localidades de Zarautz, San Sebasti\u00e1n y Zumaia<\/b>. Y esta \u00faltima es la que concentra las localizaciones m\u00e1s reconocibles del filme.\u00a0<\/p>\n<p class=\"c-paragraph\"><b>La playa de Itzurun y el flysch protagonizan varias escenas.<\/b> Tambi\u00e9n se puede ver el\u00a0<b\/>sendero que conecta Itzurun con la cala de Sakoneta y la ermita de San Telmo, situada sobre los acantilados al final de la playa. La vivienda donde residen los protagonistas, una casa de estilo indianista de fachada blanca y con un gran porche, se encuentra a la salida de Zumaia en direcci\u00f3n a Getaria.<\/p>\n<p>De Zarautz a unos pintxos en Donostia<\/p>\n<p class=\"c-paragraph\">La segunda gran parada del rodaje fue Zarautz.\u00a0Su extensa playa y el paseo mar\u00edtimo de 2,5 kil\u00f3metros aparecen en varios clips. <b>Las escenas urbanas se grabaron en la calle Mayor y en el casco antiguo<\/b>, sobre todo en los alrededores de la plaza de Munoa. Y San Sebasti\u00e1n tambi\u00e9n se deja ver en algunas secuencias.\u00a0La playa de La Concha aparece en varias ocasiones a lo largo de la pel\u00edcula, pero adquiere especial protagonismo al final, cuando Leah recorre en solitario el paseo mar\u00edtimo.<\/p>\n<p class=\"c-paragraph\">Adem\u00e1s, aparece <b>el Monte Igueldo, con su ic\u00f3nico funicular y el mirador,<\/b> as\u00ed como la Parte Vieja donostiarra, durante la cena de pintxos del grupo de amigos. Y no solo eso. La pel\u00edcula incluye im\u00e1genes de la bah\u00eda de Pasaia, concretamente de Pasai Donibane, que aparece en una secuencia secundaria del tramo final de la historia con la entrada del puerto natural como tel\u00f3n de fondo.<\/p>\n","protected":false},"excerpt":{"rendered":"La costa guipuzcoana ha vuelto a la gran pantalla. Y lo ha hecho por todo lo alto: es&hellip;\n","protected":false},"author":2,"featured_media":613354,"comment_status":"","ping_status":"","sticky":false,"template":"","format":"standard","meta":{"footnotes":""},"categories":[169],"tags":[177,146,147,25,24,176,175,264,17909,6086,3215,23,67330,13687,72087],"class_list":["post-613353","post","type-post","status-publish","format-standard","has-post-thumbnail","category-cine","tag-cine","tag-entertainment","tag-entretenimiento","tag-es","tag-espana","tag-film","tag-movies","tag-pais-vasco","tag-rodajes","tag-san-sebastian","tag-seo20","tag-spain","tag-todo-lo-que-nunca-fuimos","tag-zarautz","tag-zumaia"],"share_on_mastodon":{"url":"https:\/\/pubeurope.com\/@es\/116771716292493790","error":""},"_links":{"self":[{"href":"https:\/\/www.europesays.com\/es\/wp-json\/wp\/v2\/posts\/613353","targetHints":{"allow":["GET"]}}],"collection":[{"href":"https:\/\/www.europesays.com\/es\/wp-json\/wp\/v2\/posts"}],"about":[{"href":"https:\/\/www.europesays.com\/es\/wp-json\/wp\/v2\/types\/post"}],"author":[{"embeddable":true,"href":"https:\/\/www.europesays.com\/es\/wp-json\/wp\/v2\/users\/2"}],"replies":[{"embeddable":true,"href":"https:\/\/www.europesays.com\/es\/wp-json\/wp\/v2\/comments?post=613353"}],"version-history":[{"count":0,"href":"https:\/\/www.europesays.com\/es\/wp-json\/wp\/v2\/posts\/613353\/revisions"}],"wp:featuredmedia":[{"embeddable":true,"href":"https:\/\/www.europesays.com\/es\/wp-json\/wp\/v2\/media\/613354"}],"wp:attachment":[{"href":"https:\/\/www.europesays.com\/es\/wp-json\/wp\/v2\/media?parent=613353"}],"wp:term":[{"taxonomy":"category","embeddable":true,"href":"https:\/\/www.europesays.com\/es\/wp-json\/wp\/v2\/categories?post=613353"},{"taxonomy":"post_tag","embeddable":true,"href":"https:\/\/www.europesays.com\/es\/wp-json\/wp\/v2\/tags?post=613353"}],"curies":[{"name":"wp","href":"https:\/\/api.w.org\/{rel}","templated":true}]}}