{"id":613645,"date":"2026-06-18T18:20:15","date_gmt":"2026-06-18T18:20:15","guid":{"rendered":"https:\/\/www.europesays.com\/es\/613645\/"},"modified":"2026-06-18T18:20:15","modified_gmt":"2026-06-18T18:20:15","slug":"2a-tour-belgica-merlier-ante-kooij-y-philipsen","status":"publish","type":"post","link":"https:\/\/www.europesays.com\/es\/613645\/","title":{"rendered":"2\u00aa Tour B\u00e9lgica: Merlier ante Kooij y Philipsen"},"content":{"rendered":"<p><strong>Jueves 18 junio 2\u00aa etapa. Merelbeke-Melle \u2013 Knokke-Heist<\/strong><\/p>\n<p><strong>Redacci\u00f3n \/\u00a0<a href=\"https:\/\/www.ciclo21.com\/whatsapp-telegram-2024\/\" target=\"_blank\" rel=\"noopener nofollow\">Ciclo 21<\/a><\/strong><\/p>\n<p style=\"text-align: justify;\"><strong>Tim Merlier se impuso en la segunda etapa del Tour de B\u00e9lgica tras una jornada dise\u00f1ada para los velocistas en Knokke-Heist<\/strong>. El corredor de Soudal super\u00f3 en el sprint final a Olav Kooij y Jasper Philipsen, logrando adem\u00e1s arrebatar el maillot de l\u00edder a Biniam Girmay.<\/p>\n<p style=\"text-align: justify;\">La etapa, de <strong>casi 198 kil\u00f3metros entre Merelbeke y Knokke-Heist<\/strong>, present\u00f3 un recorrido con peque\u00f1os repechos en la Zwalmstreek y paso por zonas de las Ardenas flamencas, adem\u00e1s de un tramo adoquinado en Lange Munte. Sin embargo, tras los intentos iniciales, el perfil se suaviz\u00f3 y el desenlace fue el esperado: una llegada masiva.<\/p>\n<p style=\"text-align: justify;\">La escapada del d\u00eda se form\u00f3 en los primeros kil\u00f3metros con <strong>seis corredores: Jonah Killy, Michiel Hillen, Victor Hannes, Viktor Vandenberghe, Stijn Appel y Victor Broex<\/strong>. Su ventaja lleg\u00f3 a rozar los dos minutos y medio, pero fue controlada sin grandes problemas por el pelot\u00f3n, con NSN Cycling y Soudal Quick-Step al frente de la persecuci\u00f3n.<\/p>\n<p style=\"text-align: justify;\">A unos 19 kil\u00f3metros de la meta, los fugados fueron neutralizados y se confirm\u00f3 la lucha entre los hombres r\u00e1pidos. En el final, el trabajo de Soudal Quick-Step fue determinante: primero con <strong>el apoyo de Jasper Stuyven y despu\u00e9s con el lanzamiento de Bert Van Lerberghe<\/strong>, que dej\u00f3 a Merlier en posici\u00f3n ideal para rematar con autoridad.<\/p>\n<p><a href=\"https:\/\/x.com\/ciclo21\" target=\"_blank\" rel=\"noopener nofollow\"><strong>DIRECTO X<\/strong><\/a><\/p>\n<p><strong>Viernes 19 junio: 3\u00aa etapa. Durbuy \u2013 Durbuy<\/strong><\/p>\n<p><a href=\"https:\/\/www.ciclo21.com\/wp-content\/uploads\/2026\/06\/Altimetria-3a-etapa-\u00a9-Tour-Belgica.jpg\" target=\"_blank\" rel=\"noopener nofollow\"><img fetchpriority=\"high\" decoding=\"async\" aria-describedby=\"caption-attachment-470221\" class=\"wp-image-470221 size-full lazy\" src=\"data:image\/svg+xml,%3Csvg%20xmlns=\" http:=\"\" data-src=\"https:\/\/www.europesays.com\/es\/wp-content\/uploads\/2026\/06\/Altimetria-3a-etapa-\u00a9-Tour-Belgica.jpg.webp\" alt=\"\" width=\"1600\" height=\"660\" data- data-\/><\/a><\/p>\n<p id=\"caption-attachment-470221\" class=\"wp-caption-text\">Altimetr\u00eda 3\u00aa etapa \u00a9 Tour B\u00e9lgica<\/p>\n<p><a href=\"https:\/\/www.ciclo21.com\/tour-belgica-2026-dorsales\/\" target=\"_blank\" rel=\"noopener nofollow\"><strong>TODAS LAS ETAPAS<\/strong><\/a><\/p>\n<p><a href=\"https:\/\/www.europesays.com\/es\/wp-content\/uploads\/2026\/06\/Tim-Merlier-aniquila-a-Olav-Kooij-y-Jasper-Philipsen-en-la-segunda-etapa-del-Tour-Belgica-\u00a9-Cor-Vos..jpeg\" target=\"_blank\" rel=\"noopener\"><img loading=\"lazy\" decoding=\"async\" aria-describedby=\"caption-attachment-470988\" class=\"wp-image-470988 size-full lazy\" src=\"data:image\/svg+xml,%3Csvg%20xmlns=\" http:=\"\" data-src=\"https:\/\/www.europesays.com\/es\/wp-content\/uploads\/2026\/06\/Tim-Merlier-aniquila-a-Olav-Kooij-y-Jasper-Philipsen-en-la-segunda-etapa-del-Tour-Belgica-\u00a9-Cor-Vos..jpeg\" alt=\"\" width=\"1280\" height=\"644\" data- data-\/><\/a><\/p>\n<p id=\"caption-attachment-470988\" class=\"wp-caption-text\">Tim Merlier aniquila a Olav Kooij y Jasper Philipsen en la segunda etapa del Tour B\u00e9lgica \u00a9 Cor Vos<\/p>\n<p><a href=\"https:\/\/www.ciclo21.com\/1a-tour-belgica-2026-girmay\/\" target=\"_blank\" rel=\"noopener nofollow\"><strong>1\u00aa Girmay (Girmay)<\/strong><\/a><\/p>\n<p><strong>CLASIFICACI\u00d3N 2\u00aa ETAPA<\/strong><\/p>\n<p><strong>CLASIFICACI\u00d3N COMPLETA<\/strong><\/p>\n<p><strong>DORSALES<\/strong><\/p>\n<p>Data powered by <a title=\"FirstCycling.com\" href=\"https:\/\/firstcycling.com\/race.php?r=60&amp;y=2026&amp;k=8\" rel=\"nofollow noopener\" target=\"_blank\">FirstCycling.com<\/a><\/p>\n<p><strong>PALMAR\u00c9S<\/strong><\/p>\n<p><a href=\"https:\/\/www.ciclo21.com\/5a-tour-belgica-2025-tim-merlier-filippo-baroncini\/\" target=\"_blank\" rel=\"noopener nofollow\"><strong>Edici\u00f3n 2025: Baroncini<\/strong><\/a><\/p>\n","protected":false},"excerpt":{"rendered":"Jueves 18 junio 2\u00aa etapa. Merelbeke-Melle \u2013 Knokke-Heist Redacci\u00f3n \/\u00a0Ciclo 21 Tim Merlier se impuso en la segunda&hellip;\n","protected":false},"author":2,"featured_media":613646,"comment_status":"","ping_status":"","sticky":false,"template":"","format":"standard","meta":{"footnotes":""},"categories":[273],"tags":[3076,313,312,168,25,24,25348,23,167,25349,114597],"class_list":["post-613645","post","type-post","status-publish","format-standard","has-post-thumbnail","category-ciclismo","tag-3076","tag-ciclismo","tag-cycling","tag-deportes","tag-es","tag-espana","tag-merlier-soudal","tag-spain","tag-sports","tag-tim-merlier","tag-tour-belgica"],"share_on_mastodon":{"url":"https:\/\/pubeurope.com\/@es\/116772498728352069","error":""},"_links":{"self":[{"href":"https:\/\/www.europesays.com\/es\/wp-json\/wp\/v2\/posts\/613645","targetHints":{"allow":["GET"]}}],"collection":[{"href":"https:\/\/www.europesays.com\/es\/wp-json\/wp\/v2\/posts"}],"about":[{"href":"https:\/\/www.europesays.com\/es\/wp-json\/wp\/v2\/types\/post"}],"author":[{"embeddable":true,"href":"https:\/\/www.europesays.com\/es\/wp-json\/wp\/v2\/users\/2"}],"replies":[{"embeddable":true,"href":"https:\/\/www.europesays.com\/es\/wp-json\/wp\/v2\/comments?post=613645"}],"version-history":[{"count":0,"href":"https:\/\/www.europesays.com\/es\/wp-json\/wp\/v2\/posts\/613645\/revisions"}],"wp:featuredmedia":[{"embeddable":true,"href":"https:\/\/www.europesays.com\/es\/wp-json\/wp\/v2\/media\/613646"}],"wp:attachment":[{"href":"https:\/\/www.europesays.com\/es\/wp-json\/wp\/v2\/media?parent=613645"}],"wp:term":[{"taxonomy":"category","embeddable":true,"href":"https:\/\/www.europesays.com\/es\/wp-json\/wp\/v2\/categories?post=613645"},{"taxonomy":"post_tag","embeddable":true,"href":"https:\/\/www.europesays.com\/es\/wp-json\/wp\/v2\/tags?post=613645"}],"curies":[{"name":"wp","href":"https:\/\/api.w.org\/{rel}","templated":true}]}}