{"id":613820,"date":"2026-06-18T20:22:02","date_gmt":"2026-06-18T20:22:02","guid":{"rendered":"https:\/\/www.europesays.com\/es\/613820\/"},"modified":"2026-06-18T20:22:02","modified_gmt":"2026-06-18T20:22:02","slug":"el-louvre-esta-al-limite-y-necesita-una-avalancha-de-inversiones-alerta-su-nuevo-director-la-voz-de-galicia","status":"publish","type":"post","link":"https:\/\/www.europesays.com\/es\/613820\/","title":{"rendered":"El Louvre \u00abest\u00e1 al l\u00edmite\u00bb y necesita una \u00abavalancha de inversiones\u00bb, alerta su nuevo director &#8211; La Voz de Galicia"},"content":{"rendered":"<ol>\n<li><a href=\"https:\/\/news.google.com\/rss\/articles\/CBMi5gFBVV95cUxOR2pFQS1Gc1E0R0FTeHVIbWtaN3JvUVRGUTdxY3dwTmQwd0FjYTRGU0VTaFltUWVsUEJCT19CLXZybDd6TTNBYTN2Vi1QdDJMU2dxaFMwQnpmTklkTEJpRjAtS0k0UV9DbjZiUmcxUnpWWnBEUkdKclZ0UlFiQUQ1Si01S0lJVEtzMEpPM0VYSVhfdE04UmV2cUpTdnpmVW5iSWxCaWM4d1U2UVBNOFhGMDduaUlFWDVrX1lzYmdMeHJxSlJrZ2paSTFFbE1lSUNBLTBHQWRCS0xvZUZXMUNxTEpFbHJWd9IBggJBVV95cUxNUG5uODFnQ2pzcXNRNGFGNVg5YUtnTzdhRWhuMzNMOWtRSVBCdlZKdXBMMkJ1dUR4MndPY05IREZKT3EtTVR1ejJvM3JDa0lWN1FSWC1kXzMwR3V0bXd4TmpoeVR1alJRNXk5al9jUHg3aHhYVjBVVXlPcnBlbVFoWmR3a0pxTzQ0My01eGpEanZBN2xLVGtTYUQ4QkZuSTB3c1RqeldQX3ZIblR5VHdYMHg3c2FONm15dW5pUl80RFYwVU9wRzZpTXBNWXlNcW9NSDBET3MybDQ2Qlh5ejZ3RTlrRWFPNVhUM0ZtVjFsSlYwd0VrN2swVjg4RkZxRDZjeXc?oc=5\" target=\"_blank\" rel=\"nofollow noopener\">El Louvre \u00abest\u00e1 al l\u00edmite\u00bb y necesita una \u00abavalancha de inversiones\u00bb, alerta su nuevo director<\/a>&nbsp;&nbsp;La Voz de Galicia<\/li>\n<li><a href=\"https:\/\/news.google.com\/rss\/articles\/CBMiggFBVV95cUxPQmhyZnRDTVQ0SXdMcmJnQ3FDdmJZX0JFQk9wTU5uZE5OaUhRRnNYRXpmZXYwUENUSDdXX0pWRnVmT041czdhVVVSejhVbmlXS001VmloeUtpdEZ0a2JRb0tSRDUxM1lyQVJ1WjNFNXZyUkF2c0FkMEZRYjJRWUx1QTJR0gGCAUFVX3lxTE9ta0dSZDVCOENMblREU21CTnU2WUdPYmVNREF6cXJuSG5GMEV3MW5FWmhkN09BcENnOGdUWEpjeldrWVFISHJVMDZ4Nlg1X1FzUFJqakdYWlZadVFjY3pfRXlZNnBnM25oNUNTQldxNzI5WUFGS2RlT2N6dTlpdV9qbmc?oc=5\" target=\"_blank\" rel=\"nofollow noopener\">El Museo del Louvre, \u00abal l\u00edmite\u00bb: su nuevo director advierte de una crisis de infraestructuras y seguridad<\/a>&nbsp;&nbsp;El Mundo<\/li>\n<li><a href=\"https:\/\/news.google.com\/rss\/articles\/CBMi4AFBVV95cUxPMHFfU2R5VGJpWUItUzkzV204dE9OQzJtdVl6Y1dFcFRWTHgzY1gtTG5jQXJVdUF2OVIweFd0QTZqYzRVS3RFemlhMHBWYWZJekhWeFBWMXhCYlRMcndmeWxlWDVRbWh4RDZzRVFDSmhFV3FnWmJ3RVNrcnpVcDVhbWd3WkVjbVRuOUtVVFF5TVZieGVYWThuclhkZ2ZFS1R5dTJ5MnpWZ21kRlkxWkRlNDIzd2VqdEo5bk1uSUxWcUtUYXBlT2NCV2NHSUhJZS1nZGRWZE5wWjM4bE1UQVd4dA?oc=5\" target=\"_blank\" rel=\"nofollow noopener\">El nuevo director ha expuesto un ambicioso plan de renovaci\u00f3n integral para hacer frente a los fallos de vigilancia en el complejo<\/a>&nbsp;&nbsp;facebook.com<\/li>\n<li><a href=\"https:\/\/news.google.com\/rss\/articles\/CBMiswFBVV95cUxORGc4dnJackpQanR3UzZ4c3JkZlJlc0F2ZFV4Sk5QM2pmRkhET25nNk11bm9BRjFxLWtpV3dpcHFtamp2MmVSemtHQ1dzSGZOakJ6eXJqcTlvNWRNTlhCNnZRazQ1eE51ZmlGYnUtYTNPMExvb2d1SnFTbUtQVWJTeXpFczd2UnktV2x1dllleE13enI0U0NQSVdVYldlZDRqQ2tNNk1yc05CRnloeGxBaENTWQ?oc=5\" target=\"_blank\" rel=\"nofollow noopener\">Alarma en el Louvre: \u00abEst\u00e1 al l\u00edmite, sus infraestructuras est\u00e1n llegando al final de un ciclo\u00bb<\/a>&nbsp;&nbsp;ABC<\/li>\n<li><a href=\"https:\/\/news.google.com\/rss\/articles\/CBMi9AFBVV95cUxNS0JRMzN4bExPd25lWkFkR25Mc0xOelhRTXJEMkRycl90dE1CQUZMc1ZfYVUyNlRlMzhiWWI4eGh4VGtWMFdDaTVlUVZVNms5T2kxMTU5cEx5LWNtOFVZMkdWMFlsOGFEQmU4QzlETV95eTRBOW9YLWF1QVdEa19EVDRXSmRGS3VBcXFBS0w0cGlsbjl6eU16czVmX1gyc1NWb0xIWnBvUjEzR2pLLTIzQUJ5bkpyVmdHcDl2d1lkRGJONWRUMVRncU9ZUUdSNmd4aDcwOHZwUTUtNjR1M2pSNGNlRkw4Z1pqempOaFhhQ0E0cW1o0gGDAkFVX3lxTE83YTBOdXNKYnM3Y09lQkFoSzVLR1RCLXA1SGd2VTRqVzJORXJERDVVVVBRTHFwV1g0Z0h5akVTM3pCTHJmMkJqcXBNQ0VDS24xX3g1Z0dIbmlLZ1ZXV1FLSlhlbVQzX0hlR3pfUU5NVlM5TXRkY20zclVUSTByZzlnaXNSM1VPQ3ZlSW9QczhEWVUtdjBERjVmRDB6QmFlQk9HcXhsYThVZkdqZ2hYdnFRLXpicXpmWXRqUjRDSnFvYzV3eU5oa3dlUHJicWlVQWYwcWFoa1B5OWxLX2FfalZLYkttSlZnN1RQWkYxam1TVTkwbVp0WlU0ckM2d3BuWmJxMms?oc=5\" target=\"_blank\" rel=\"nofollow noopener\">El Louvre admite que est\u00e1 al l\u00edmite y reclama millonaria inversi\u00f3n para evitar un deterioro mayor<\/a>&nbsp;&nbsp;Agencia Noticias Argentinas<\/li>\n<\/ol>\n","protected":false},"excerpt":{"rendered":"El Louvre \u00abest\u00e1 al l\u00edmite\u00bb y necesita una \u00abavalancha de inversiones\u00bb, alerta su nuevo director&nbsp;&nbsp;La Voz de Galicia&hellip;\n","protected":false},"author":2,"featured_media":613821,"comment_status":"","ping_status":"","sticky":false,"template":"","format":"standard","meta":{"footnotes":""},"categories":[173],"tags":[229,233,231,230,232,234,146,147,25,24,41530,23],"class_list":["post-613820","post","type-post","status-publish","format-standard","has-post-thumbnail","category-arte-y-diseno","tag-arte","tag-arte-y-diseno","tag-arts","tag-arts-and-design","tag-design","tag-diseno","tag-entertainment","tag-entretenimiento","tag-es","tag-espana","tag-museo-del-louvre","tag-spain"],"share_on_mastodon":{"url":"https:\/\/pubeurope.com\/@es\/116772978490836993","error":""},"_links":{"self":[{"href":"https:\/\/www.europesays.com\/es\/wp-json\/wp\/v2\/posts\/613820","targetHints":{"allow":["GET"]}}],"collection":[{"href":"https:\/\/www.europesays.com\/es\/wp-json\/wp\/v2\/posts"}],"about":[{"href":"https:\/\/www.europesays.com\/es\/wp-json\/wp\/v2\/types\/post"}],"author":[{"embeddable":true,"href":"https:\/\/www.europesays.com\/es\/wp-json\/wp\/v2\/users\/2"}],"replies":[{"embeddable":true,"href":"https:\/\/www.europesays.com\/es\/wp-json\/wp\/v2\/comments?post=613820"}],"version-history":[{"count":0,"href":"https:\/\/www.europesays.com\/es\/wp-json\/wp\/v2\/posts\/613820\/revisions"}],"wp:featuredmedia":[{"embeddable":true,"href":"https:\/\/www.europesays.com\/es\/wp-json\/wp\/v2\/media\/613821"}],"wp:attachment":[{"href":"https:\/\/www.europesays.com\/es\/wp-json\/wp\/v2\/media?parent=613820"}],"wp:term":[{"taxonomy":"category","embeddable":true,"href":"https:\/\/www.europesays.com\/es\/wp-json\/wp\/v2\/categories?post=613820"},{"taxonomy":"post_tag","embeddable":true,"href":"https:\/\/www.europesays.com\/es\/wp-json\/wp\/v2\/tags?post=613820"}],"curies":[{"name":"wp","href":"https:\/\/api.w.org\/{rel}","templated":true}]}}