{"id":61387,"date":"2025-08-21T01:09:13","date_gmt":"2025-08-21T01:09:13","guid":{"rendered":"https:\/\/www.europesays.com\/es\/61387\/"},"modified":"2025-08-21T01:09:13","modified_gmt":"2025-08-21T01:09:13","slug":"una-larga-cola-de-besos-a-la-virgen-de-los-reyes","status":"publish","type":"post","link":"https:\/\/www.europesays.com\/es\/61387\/","title":{"rendered":"Una larga cola de besos a la Virgen de los Reyes"},"content":{"rendered":"<p><img decoding=\"async\" class=\"voc-author__img\" src=\"https:\/\/www.europesays.com\/es\/wp-content\/uploads\/2025\/07\/autor-4048-foto-1.jpeg\" alt=\"M. J. R. Rechi\"\/><\/p>\n<p>20\/08\/2025<br \/>\n<br \/><strong><br \/>\nActualizado 21\/08\/2025 a las 01:24h.<br \/>\n<\/strong><\/p>\n<p class=\"voc-p\" style=\"\">Besar las manos de la <strong>Virgen de los Reyes<\/strong> es una aut\u00e9ntica proeza, pues los fieles han tenido que esperar en una cola de casi hora y media para estar tan solo unos segundos postrados ante las plantas de la patrona. Pero tambi\u00e9n es un fiel reflejo de la devoci\u00f3n que se le profesa: por m\u00e1s que pasen los siglos, el amor por la Virgen sigue siendo inmenso.<\/p>\n<p class=\"voc-p\" style=\"\">El tiempo, tras tantos d\u00edas de un calor insoportable, tambi\u00e9n ha favorecido que muchas personas mayores -que acudieron en menor medida durante la novena- hayan querido acercarse a la Virgen de los Reyes. Para pedirle, para darle las gracias, para mantener esa conversaci\u00f3n \u00edntima que cada uno sostiene solo con aguantarle la mirada.<\/p>\n<p class=\"voc-p\" style=\"\">El reloj a\u00fan no marcaba las seis de la tarde, el turismo segu\u00eda abierto, pero en la <strong>Puerta de San Miguel <\/strong>ya hab\u00eda m\u00e1s de veinte personas aguardando para ser las primeras en besar sus manos y, seguidamente, tomar asiento y permanecer all\u00ed hasta el cierre del culto. Conforme pasaban los minutos, el p\u00fablico se agolpaba en la puerta, y al abrirse, la fila ya alcanzaba la parroquia del Sagrario. A medida que avanzaba la tarde, lleg\u00f3 incluso a traspasar la Puerta del Perd\u00f3n, es decir, casi hasta los pies de la Giralda; o lo que es lo mismo, rodeaba la mitad de la Catedral.<\/p>\n<p class=\"voc-p\" style=\"\"><strong>Marcelino Manzano<\/strong>, fiel can\u00f3nigo y devoto de la Virgen de los Reyes, abr\u00eda el besamanos mientras los fieles comenzaban a besar sus manos desgastadas, se\u00f1al inequ\u00edvoca de que se trata de uno de los s\u00edmbolos de fe m\u00e1s importantes de Sevilla y de toda la di\u00f3cesis. En ese instante, comenzaba una aut\u00e9ntica catequesis: se pod\u00eda ver a los impedidos besar su faj\u00edn al no poder alcanzar sus manos; otros, emocionados, posaban las suyas sobre las de la Virgen durante unos segundos; y los reci\u00e9n nacidos eran presentados para recibir su bendici\u00f3n.<\/p>\n<p class=\"voc-p\" style=\"\">Nietos llevaban a sus abuelos a ver a la Virgen, reflejo de c\u00f3mo la devoci\u00f3n se transmite <strong>de generaci\u00f3n en generaci\u00f3n entre los sevillanos.<\/strong> Estaban quienes no deseaban besarla, solo verla, tomar asiento y mantener la mirada fija en ella durante el tiempo que hiciera falta; y tambi\u00e9n quienes quer\u00edan hacerle una foto, una forma de conservar un recuerdo de la Patrona y de tenerla cerca en el d\u00eda a d\u00eda.<\/p>\n<p class=\"voc-p\" style=\"\">Esto es un peque\u00f1o ejemplo de lo que representa la Virgen de los Reyes para Sevilla desde hace casi ocho siglos, solo fe, oraci\u00f3n, sin necesidad de ning\u00fan complemento m\u00e1s. Sus d\u00edas tocan a su fin, un agosto nuevamente intenso al ser muchos d\u00edas consecutivos, pero un ejemplo que hasta los cultos se quedan cortos ante la asistencia tan multitudinaria que tiene cada a\u00f1o, en tiempo estival, cuando las calles quedan desiertas, excepto en la Catedral porque todo el mundo quiere rendir pleites\u00eda a su patrona.<\/p>\n<p class=\"voc-p\" style=\"\">La Virgen<strong> continuar\u00e1 en el trascoro de la Catedral <\/strong>hasta que finalicen las obras de restauraci\u00f3n de la Capilla Real. Estar\u00e1 lejos de San Fernando durante unos meses, pero m\u00e1s cerca que nunca de todos los sevillanos, para que contin\u00faen busc\u00e1ndola en la intimidad de una de las grandes devociones, con may\u00fasculas, que tiene esta ciudad, la de un rostro que lleva reinando siglos por Sevilla.<\/p>\n<p>Reportar un error<\/p>\n","protected":false},"excerpt":{"rendered":"20\/08\/2025 Actualizado 21\/08\/2025 a las 01:24h. Besar las manos de la Virgen de los Reyes es una aut\u00e9ntica&hellip;\n","protected":false},"author":2,"featured_media":61388,"comment_status":"","ping_status":"","sticky":false,"template":"","format":"standard","meta":{"footnotes":""},"categories":[8],"tags":[9475,17,18,25560,25,24,13,14,11,21239,19,20,9,10,15,16,3051,23,12,21,22,7699],"class_list":{"0":"post-61387","1":"post","2":"type-post","3":"status-publish","4":"format-standard","5":"has-post-thumbnail","7":"category-espana","8":"tag-besos","9":"tag-breaking-news","10":"tag-breakingnews","11":"tag-cola","12":"tag-es","13":"tag-espana","14":"tag-featured-news","15":"tag-featurednews","16":"tag-headlines","17":"tag-larga","18":"tag-latest-news","19":"tag-latestnews","20":"tag-news","21":"tag-noticias","22":"tag-noticias-destacadas","23":"tag-noticiasdestacadas","24":"tag-reyes","25":"tag-spain","26":"tag-titulares","27":"tag-ultimas-noticias","28":"tag-ultimasnoticias","29":"tag-virgen"},"share_on_mastodon":{"url":"","error":""},"_links":{"self":[{"href":"https:\/\/www.europesays.com\/es\/wp-json\/wp\/v2\/posts\/61387","targetHints":{"allow":["GET"]}}],"collection":[{"href":"https:\/\/www.europesays.com\/es\/wp-json\/wp\/v2\/posts"}],"about":[{"href":"https:\/\/www.europesays.com\/es\/wp-json\/wp\/v2\/types\/post"}],"author":[{"embeddable":true,"href":"https:\/\/www.europesays.com\/es\/wp-json\/wp\/v2\/users\/2"}],"replies":[{"embeddable":true,"href":"https:\/\/www.europesays.com\/es\/wp-json\/wp\/v2\/comments?post=61387"}],"version-history":[{"count":0,"href":"https:\/\/www.europesays.com\/es\/wp-json\/wp\/v2\/posts\/61387\/revisions"}],"wp:featuredmedia":[{"embeddable":true,"href":"https:\/\/www.europesays.com\/es\/wp-json\/wp\/v2\/media\/61388"}],"wp:attachment":[{"href":"https:\/\/www.europesays.com\/es\/wp-json\/wp\/v2\/media?parent=61387"}],"wp:term":[{"taxonomy":"category","embeddable":true,"href":"https:\/\/www.europesays.com\/es\/wp-json\/wp\/v2\/categories?post=61387"},{"taxonomy":"post_tag","embeddable":true,"href":"https:\/\/www.europesays.com\/es\/wp-json\/wp\/v2\/tags?post=61387"}],"curies":[{"name":"wp","href":"https:\/\/api.w.org\/{rel}","templated":true}]}}