{"id":613883,"date":"2026-06-18T21:05:28","date_gmt":"2026-06-18T21:05:28","guid":{"rendered":"https:\/\/www.europesays.com\/es\/613883\/"},"modified":"2026-06-18T21:05:28","modified_gmt":"2026-06-18T21:05:28","slug":"los-cupos-dejan-de-ser-un-problema-para-el-baskonia","status":"publish","type":"post","link":"https:\/\/www.europesays.com\/es\/613883\/","title":{"rendered":"Los cupos dejan de ser un problema para el Baskonia"},"content":{"rendered":"<p>\n        El pr\u00f3ximo curso del <a href=\"https:\/\/www.noticiasdealava.eus\/baskonia\/\" title=\"Baskonia\" class=\"link copy\" rel=\"nofollow noopener\" target=\"_blank\"><strong>Baskonia<\/strong><\/a><strong> <\/strong>comienza a coger poco a poco forma despu\u00e9s de que se hayan dado a conocer esta semana <strong>varios objetivos<\/strong> por parte de la directiva durante<strong> <\/strong><a href=\"https:\/\/www.noticiasdealava.eus\/baskonia\/2026\/06\/17\/felix-fernandez-confirma-continuidad-galbiati-baskonia-11211722.html\" title=\"el desayuno informativo del mi\u00e9rcoles.\" class=\"link copy\" rel=\"nofollow noopener\" target=\"_blank\"><strong>el desayuno informativo del mi\u00e9rcoles.<\/strong><\/a> La continuidad de <strong>Paolo Galbiati,<\/strong> que todav\u00eda estaba en el aire hasta el 5 de julio, fue una de las muchas dudas resueltas por<strong> Felix Fern\u00e1ndez <\/strong>en la jornada matutina.\n<\/p>\n<p class=\"article-body__text \">\n        El director deportivo del Baskonia, adem\u00e1s de garantizar la permanencia del t\u00e9cnico italiano en el banquillo, tambi\u00e9n <strong>confirm\u00f3 las salidas de Omoruyi, Diakite y Forrest,<\/strong> as\u00ed como el inter\u00e9s del club en<strong> DJ Stewart, escolta-alero del Cedevita.<\/strong>\n<\/p>\n<p>            <a href=\"https:\/\/www.noticiasdealava.eus\/baskonia\/2026\/06\/17\/felix-fernandez-confirma-continuidad-galbiati-baskonia-11211722.html\" title=\"F\u00e9lix Fern\u00e1ndez confirma la continuidad de Galbiati en el Baskonia\" class=\"new__media\" rel=\"nofollow noopener\" target=\"_blank\"><\/p>\n<p>                <img alt=\"F\u00e9lix Fern\u00e1ndez confirma la continuidad de Galbiati en el Baskonia\" data-src=\"https:\/\/www.europesays.com\/es\/wp-content\/uploads\/2026\/06\/5338084a-2a61-426b-bcbc-da1dc073db88_16-9-aspect-ratio_default_0_x733y336.jpg\" class=\"lozad\"\/><\/p>\n<p>        <\/a><\/p>\n<p>        <a href=\"https:\/\/www.noticiasdealava.eus\/baskonia\/2026\/06\/17\/felix-fernandez-confirma-continuidad-galbiati-baskonia-11211722.html\" title=\"F\u00e9lix Fern\u00e1ndez confirma la continuidad de Galbiati en el Baskonia\" class=\"new__headline\" rel=\"nofollow noopener\" target=\"_blank\"><br \/>\n            F\u00e9lix Fern\u00e1ndez confirma la continuidad de Galbiati en el Baskonia<br \/>\n        <\/a><\/p>\n<p class=\"article-body__text \">\n        Adem\u00e1s, Fern\u00e1ndez desvel\u00f3 que <strong>Matteo Spagnolo,<\/strong> quien hace unos meses parec\u00eda tenerlo hecho con la <strong>Universidad de Nebraska<\/strong> <strong>para emigrar al baloncesto de los Estados Unidos, <\/strong>seguir\u00e1 en el Baskonia junto a <strong>Stefan Joksimovic, que pasar\u00e1 a formar parte del primer equipo.\u00a0<\/strong>\n<\/p>\n<p class=\"article-body__text \">\n        Dos noticias que suponen afianzar los cimientos del proyecto a futuro y <strong>un alivio de cara al tema de los cupos de formaci\u00f3n,<\/strong> un asunto donde a\u00f1os atr\u00e1s el Baskonia sufri\u00f3 de lo lindo para contar con <strong>el m\u00ednimo exigido por la Liga ACB.<\/strong>\n<\/p>\n<p>            <a href=\"https:\/\/www.noticiasdealava.eus\/baskonia\/2026\/06\/17\/spagnolo-seguira-baskonia-quiere-quedarse-11212010.html\" title=\"Spagnolo seguir\u00e1 en el Baskonia: \u201cQuiere quedarse aqu\u00ed\u201d\" class=\"new__media\" rel=\"nofollow noopener\" target=\"_blank\"><\/p>\n<p>                <img alt=\"Spagnolo seguir\u00e1 en el Baskonia: \u201cQuiere quedarse aqu\u00ed\u201d\" data-src=\"https:\/\/www.europesays.com\/es\/wp-content\/uploads\/2026\/06\/115834bc-dd44-4d86-87bc-b96dc34f5a33_16-9-aspect-ratio_default_0.jpg\" class=\"lozad\"\/><\/p>\n<p>        <\/a><\/p>\n<p>        <a href=\"https:\/\/www.noticiasdealava.eus\/baskonia\/2026\/06\/17\/spagnolo-seguira-baskonia-quiere-quedarse-11212010.html\" title=\"Spagnolo seguir\u00e1 en el Baskonia: \u201cQuiere quedarse aqu\u00ed\u201d\" class=\"new__headline\" rel=\"nofollow noopener\" target=\"_blank\"><br \/>\n            Spagnolo seguir\u00e1 en el Baskonia: \u201cQuiere quedarse aqu\u00ed\u201d<br \/>\n        <\/a><\/p>\n<p>  Los seis cupos en la plantilla <\/p>\n<p class=\"article-body__text \">\n        Salvo sorpresa en forma de alguna salida,<strong> el\u00a0Baskonia arrancar\u00e1 la pretemporada con seis cupos de formaci\u00f3n en el primer equipo.<\/strong> Adem\u00e1s de los ya mencionados <strong>Spagnolo y Joksimovic, Rafa Villar, Rodions Kurucs, Khalifa Diop y Tadas Sedekerskis<\/strong> completan una lista que le otorga plena garant\u00eda y un alivio de cara a realizar convocatorias a Galbiati.\n<\/p>\n<p class=\"article-body__text \">\n        Los seis jugadores cuentan con una<strong> mezcla de juventud (Joksimovic, Villar, Spagnolo, Khalifa) y veteran\u00eda (Kurucs y Tadas) <\/strong>que le puede venir de perlas al equipo en <strong>una temporada que se prev\u00e9 igual de larga entre Euroliga, Liga, Supercopa y una posible Copa, <\/strong>que esta \u00faltima.<strong> <\/strong>Todos ellos han contado con minutos esta temporada y Galbiati ya ha ido probando <strong>al descarado Joksimovic en la rotaci\u00f3n exterior.<\/strong>\n<\/p>\n<p class=\"article-photo__footer\">\n            Stefan Joksimovic ser\u00e1 parte del primer equipo el curso que viene.            Pilar Barco        <\/p>\n<p class=\"article-body__text \">\n        Por su parte,<strong> Villar tambi\u00e9n ha sido un jugador importante dentro de la rotaci\u00f3n del Baskonia, especialmente en la Liga ACB, <\/strong>competici\u00f3n en la que ha aportado frescura y energ\u00eda en defensa y en la que se ha convertido <strong>el jugador con m\u00e1s partidos disputados a lo largo del curso (37).<\/strong>\n<\/p>\n<p class=\"article-body__text \">\n        En cuanto a<strong> Kurucs, ha sido junto a Spagnolo el cupo m\u00e1s \u00fatil para Galbiati<\/strong> esta temporada. El jugador let\u00f3n, <strong>formado en las filas del Barcelona, <\/strong>fue uno de los grandes h\u00e9roes del<strong> s\u00e9ptimo entorchado copero obtenido en Valencia.<\/strong> Quitando algunas molestias f\u00edsicas, no ha desentonado en su primer a\u00f1o en Vitoria.\n<\/p>\n<p>            <a href=\"https:\/\/www.noticiasdealava.eus\/baskonia\/2026\/06\/17\/baskonia-ingresara-cerca-30-millones-11212752.html\" title=\"El Baskonia ingresar\u00e1 cerca de 30 millones por la hist\u00f3rica expansi\u00f3n de la Euroliga\" class=\"new__media\" rel=\"nofollow noopener\" target=\"_blank\"><\/p>\n<p>                <img alt=\"El Baskonia ingresar\u00e1 cerca de 30 millones por la hist\u00f3rica expansi\u00f3n de la Euroliga\" data-src=\"https:\/\/www.europesays.com\/es\/wp-content\/uploads\/2026\/06\/2eec295c-fafa-4814-9507-f8a735fc5edc_16-9-aspect-ratio_default_0.jpg\" class=\"lozad\"\/><\/p>\n<p>        <\/a><\/p>\n<p>        <a href=\"https:\/\/www.noticiasdealava.eus\/baskonia\/2026\/06\/17\/baskonia-ingresara-cerca-30-millones-11212752.html\" title=\"El Baskonia ingresar\u00e1 cerca de 30 millones por la hist\u00f3rica expansi\u00f3n de la Euroliga\" class=\"new__headline\" rel=\"nofollow noopener\" target=\"_blank\"><br \/>\n            El Baskonia ingresar\u00e1 cerca de 30 millones por la hist\u00f3rica expansi\u00f3n de la Euroliga<br \/>\n        <\/a><\/p>\n<p class=\"article-body__text \">\n        Est\u00e1 por verse como llegar\u00e1n al siguiente curso <strong>Khalifa Diop y Tadas,<\/strong> dos jugadores que apenas tuvieron minutos en la segunda vuelta del campeonato despu\u00e9s de sufrir <strong>lesiones que no les han permitido ayudar al equipo<\/strong> todo lo que les hubiese gustado.\u00a0\n<\/p>\n<p class=\"article-body__text \">\n        A diferencia del p\u00edvot formado en las categor\u00edas<strong> inferiores del Gran Canaria,<\/strong> el capit\u00e1n del Baskonia s\u00ed que logr\u00f3 recuperarse de su lesi\u00f3n antes del cierre del curso, pero<strong> los pocos minutos sobre la cancha dejaron en evidencia que no se encontraba en la mejor forma posible.<\/strong>\n<\/p>\n<p class=\"article-photo__footer\">\n            Khalifa Diop, lastrado por su grave lesi\u00f3n en la segunda vuelta de esta temporada, busca volver a ser \u00fatil en la rotaci\u00f3n de Galbiati.            Pilar Barco        <\/p>\n<p>  Extracomunitarios <\/p>\n<p class=\"article-body__text \">\n        Con el tema de los cupos de formaci\u00f3n ya solucionado, <strong>el principal quebradero de cabeza ahora es el de los extracomunitarios,<\/strong> <strong>si bien cabe la posibilidad de que DJ Stewart aterrice pr\u00f3ximamente en el Buesa Arena con un valioso pasaporte europeo<\/strong> bajo el brazo.\n<\/p>\n<p>            <a href=\"https:\/\/www.noticiasdealava.eus\/baskonia\/2026\/06\/17\/baskonia-confirma-interes-dj-stewart-11212114.html\" title=\"&quot;DJ Stewart nos gusta&quot;, asegura Fern\u00e1ndez\" class=\"new__media\" rel=\"nofollow noopener\" target=\"_blank\"><\/p>\n<p>                <img alt=\"&quot;DJ Stewart nos gusta&quot;, asegura Fern\u00e1ndez\" data-src=\"https:\/\/estaticosgn-cdn.deia.eus\/clip\/35868a15-dd55-4cfc-8438-d43b525ad510_16-9-aspect-ratio_default_0_x521y230.\" class=\"lozad\"\/><\/p>\n<p>        <\/a><\/p>\n<p>        <a href=\"https:\/\/www.noticiasdealava.eus\/baskonia\/2026\/06\/17\/baskonia-confirma-interes-dj-stewart-11212114.html\" title=\"&quot;DJ Stewart nos gusta&quot;, asegura Fern\u00e1ndez\" class=\"new__headline\" rel=\"nofollow noopener\" target=\"_blank\"><br \/>\n            \u00abDJ Stewart nos gusta\u00bb, asegura Fern\u00e1ndez<br \/>\n        <\/a><\/p>\n<p class=\"article-body__text \">\n        Con<strong> la continuidad de Kobi Simmons<\/strong> ya certificada y<strong> la salida de Markquis Nowell<\/strong> en camino, resta por saber qu\u00e9 suceder\u00e1 con <strong>Howard. <\/strong>El de New Jersey tiene <strong>dos a\u00f1os m\u00e1s de contrato con un salario astron\u00f3mico<\/strong> que no favorece su permanencia en Vitoria.<\/p>\n","protected":false},"excerpt":{"rendered":"El pr\u00f3ximo curso del Baskonia comienza a coger poco a poco forma despu\u00e9s de que se hayan dado&hellip;\n","protected":false},"author":2,"featured_media":613884,"comment_status":"","ping_status":"","sticky":false,"template":"","format":"standard","meta":{"footnotes":""},"categories":[269],"tags":[299,298,4714,7959,4795,168,25,24,285,114625,8235,114626,25866,831,1239,1429,9632,27806,4716,23,167,28003,27666],"class_list":["post-613883","post","type-post","status-publish","format-standard","has-post-thumbnail","category-baloncesto","tag-baloncesto","tag-basketball","tag-baskonia","tag-cupos","tag-dejan","tag-deportes","tag-es","tag-espana","tag-fichajes","tag-galbiat","tag-joksimovic","tag-khalifa-diop","tag-kurucs","tag-liga-acb","tag-mercado","tag-plantilla","tag-problema","tag-sedekerskis","tag-spagnolo","tag-spain","tag-sports","tag-tadas","tag-villar"],"share_on_mastodon":{"url":"https:\/\/pubeurope.com\/@es\/116773147620552199","error":""},"_links":{"self":[{"href":"https:\/\/www.europesays.com\/es\/wp-json\/wp\/v2\/posts\/613883","targetHints":{"allow":["GET"]}}],"collection":[{"href":"https:\/\/www.europesays.com\/es\/wp-json\/wp\/v2\/posts"}],"about":[{"href":"https:\/\/www.europesays.com\/es\/wp-json\/wp\/v2\/types\/post"}],"author":[{"embeddable":true,"href":"https:\/\/www.europesays.com\/es\/wp-json\/wp\/v2\/users\/2"}],"replies":[{"embeddable":true,"href":"https:\/\/www.europesays.com\/es\/wp-json\/wp\/v2\/comments?post=613883"}],"version-history":[{"count":0,"href":"https:\/\/www.europesays.com\/es\/wp-json\/wp\/v2\/posts\/613883\/revisions"}],"wp:featuredmedia":[{"embeddable":true,"href":"https:\/\/www.europesays.com\/es\/wp-json\/wp\/v2\/media\/613884"}],"wp:attachment":[{"href":"https:\/\/www.europesays.com\/es\/wp-json\/wp\/v2\/media?parent=613883"}],"wp:term":[{"taxonomy":"category","embeddable":true,"href":"https:\/\/www.europesays.com\/es\/wp-json\/wp\/v2\/categories?post=613883"},{"taxonomy":"post_tag","embeddable":true,"href":"https:\/\/www.europesays.com\/es\/wp-json\/wp\/v2\/tags?post=613883"}],"curies":[{"name":"wp","href":"https:\/\/api.w.org\/{rel}","templated":true}]}}