{"id":613899,"date":"2026-06-18T21:14:38","date_gmt":"2026-06-18T21:14:38","guid":{"rendered":"https:\/\/www.europesays.com\/es\/613899\/"},"modified":"2026-06-18T21:14:38","modified_gmt":"2026-06-18T21:14:38","slug":"el-entorno-inmunitario-del-linfoma-folicular-puede-predecir-su-transformacion-agresiva","status":"publish","type":"post","link":"https:\/\/www.europesays.com\/es\/613899\/","title":{"rendered":"El entorno inmunitario del linfoma folicular puede predecir su transformaci\u00f3n agresiva"},"content":{"rendered":"<p class=\"mostrar_fragmento\">Un estudio del\u00a0\u00c1rea de C\u00e1ncer Hematol\u00f3gico\u00a0del Cancer Center Cl\u00ednica Universidad de Navarra (CCUN), publicado en la revista\u00a0Cancers,\u00a0ha identificado alteraciones en el entorno inmunitario que rodea al\u00a0linfoma folicular\u00a0y que podr\u00edan explicar por qu\u00e9 algunos casos evolucionan hacia formas m\u00e1s agresivas de la enfermedad. Los investigadores analizaron muestras de pacientes mediante t\u00e9cnicas &#8230;            &#13;\n        <\/p>\n<p> &#13;<br \/>\n&#13;<\/p>\n<p>Un estudio del\u00a0<strong>\u00c1rea de C\u00e1ncer Hematol\u00f3gico<\/strong>\u00a0<strong>del <\/strong><strong>Cancer<\/strong><strong> Center Cl\u00ednica Universidad de Navarra (CCUN)<\/strong>, publicado en la revista\u00a0Cancers,\u00a0ha identificado <strong>alteraciones en el entorno inmunitario que rodea al<\/strong>\u00a0<strong>linfoma folicular<\/strong>\u00a0y que podr\u00edan explicar por qu\u00e9 algunos casos evolucionan hacia formas m\u00e1s agresivas de la enfermedad. Los investigadores analizaron muestras de pacientes mediante t\u00e9cnicas de secuenciaci\u00f3n avanzada capaces de identificar las alteraciones gen\u00e9ticas del tumor, la actividad de sus genes y la posici\u00f3n de cada c\u00e9lula dentro del tejido.<\/p>\n<p>Seg\u00fan la\u00a0<strong>Dra. Sof\u00eda <\/strong><strong>Huerga<\/strong>, hemat\u00f3loga del CCUN, \u00abeste tipo de linfoma es indolente, lo que quiere decir que, en muchos casos, su progresi\u00f3n es lenta y no requiere un tratamiento agresivo. Sin embargo, hay un peque\u00f1o porcentaje que se transformar\u00e1n en linfomas difusos, que son m\u00e1s invasivos.\u00a0 Nuestro objetivo ha sido entender qu\u00e9 hay detr\u00e1s de esa transformaci\u00f3n para poder identificar antes a los pacientes con mayor riesgo y anticiparnos a la evoluci\u00f3n de la enfermedad\u00bb.<\/p>\n<p>En el estudio se han secuenciado el ADN y el ARN de cada c\u00e9lula de forma individual para reconstruir su arquitectura clonal, detectar mutaciones e identificar los programas de expresi\u00f3n g\u00e9nica de c\u00e9lulas tumorales e inmunes. Seg\u00fan\u00a0<strong>Be\u00f1at Ariceta<\/strong>, t\u00e9cnico de investigaci\u00f3n bioinform\u00e1tico del\u00a0Grupo de Investigaci\u00f3n en Hematolog\u00eda Traslacional\u00a0del Cima Universidad de Navarra, \u00abgeneralmente, el linfoma se analiza en bloque. Sin embargo, con esta tecnolog\u00eda podemos observar detalles que pueden quedar ocultos como c\u00e9lulas inmunitarias que est\u00e1n agotadas o cu\u00e1les est\u00e1n pr\u00f3ximas entre s\u00ed dentro del ganglio y que podr\u00edan estar interactuando con el tumor\u00bb.<\/p>\n<p>Los resultados muestran que, en los casos que evolucionan hacia formas m\u00e1s agresivas, el entorno inmunitario del tumor se altera y <strong>aparecen c\u00e9lulas inmunitarias \u00abagotadas\u00bb<\/strong> muy pr\u00f3ximas a las c\u00e9lulas tumorales, lo que podr\u00eda favorecer la progresi\u00f3n de la enfermedad. \u00abEstamos abriendo puertas para identificar mejor a los pacientes con mayor riesgo de padecer una enfermedad m\u00e1s agresiva. Esto nos ayudar\u00eda a dise\u00f1ar tratamientos que no solo ataquen al tumor, sino tambi\u00e9n al entorno inmunitario que le permite avanzar\u00bb, se\u00f1ala el\u00a0<strong>Dr. Miguel \u00c1ngel Canales<\/strong>, especialista del \u00c1rea de C\u00e1ncer Hematol\u00f3gico del CCUN.<\/p>\n<p> &#13;<\/p>\n<p><strong>Un tipo de linfoma prevalente<\/strong><\/p>\n<p>El linfoma folicular es uno de los subtipos m\u00e1s frecuentes de linfoma no Hodgkin y representa entre el 20% y el 30% de estos tumores. Aunque suele tener una evoluci\u00f3n lenta, una parte de los pacientes desarrolla formas m\u00e1s agresivas de la enfermedad, lo que hace especialmente relevante avanzar en herramientas pron\u00f3sticas que permitan anticipar esa transformaci\u00f3n.<\/p>\n<p>&#13;<br \/>\n            SEGUIR LEYENDO&#13;\n        <\/p>\n","protected":false},"excerpt":{"rendered":"Un estudio del\u00a0\u00c1rea de C\u00e1ncer Hematol\u00f3gico\u00a0del Cancer Center Cl\u00ednica Universidad de Navarra (CCUN), publicado en la revista\u00a0Cancers,\u00a0ha identificado&hellip;\n","protected":false},"author":2,"featured_media":613900,"comment_status":"","ping_status":"","sticky":false,"template":"","format":"standard","meta":{"footnotes":""},"categories":[92],"tags":[8681,12718,55426,42819,50567,14908,23769,858,114628,7438,1021,114629,1083,25,24,95767,9951,107137,10290,1080,165,10010,40006,1294,4863,869,11123,8328,1817,3479,9760,8392,7411,789,885,166,86521,23,3271,8447,3389,3001],"class_list":["post-613899","post","type-post","status-publish","format-standard","has-post-thumbnail","category-salud","tag-adn","tag-agotadas","tag-agresiva","tag-agresivas","tag-analizado","tag-aparecen","tag-arn","tag-casos","tag-ccun","tag-celula","tag-celulas","tag-difuso","tag-entorno","tag-es","tag-espana","tag-evolucionan","tag-favorecer","tag-folicular","tag-formas","tag-ha","tag-health","tag-inmunitarias","tag-inmunitario","tag-investigacion","tag-linfoma","tag-lo","tag-muestran","tag-muestras","tag-pacientes","tag-podria","tag-predecir","tag-progresion","tag-proximas","tag-puede","tag-resultados","tag-salud","tag-secuenciacion","tag-spain","tag-su","tag-transformacion","tag-tumorales","tag-unica"],"share_on_mastodon":{"url":"https:\/\/pubeurope.com\/@es\/116773183177501912","error":""},"_links":{"self":[{"href":"https:\/\/www.europesays.com\/es\/wp-json\/wp\/v2\/posts\/613899","targetHints":{"allow":["GET"]}}],"collection":[{"href":"https:\/\/www.europesays.com\/es\/wp-json\/wp\/v2\/posts"}],"about":[{"href":"https:\/\/www.europesays.com\/es\/wp-json\/wp\/v2\/types\/post"}],"author":[{"embeddable":true,"href":"https:\/\/www.europesays.com\/es\/wp-json\/wp\/v2\/users\/2"}],"replies":[{"embeddable":true,"href":"https:\/\/www.europesays.com\/es\/wp-json\/wp\/v2\/comments?post=613899"}],"version-history":[{"count":0,"href":"https:\/\/www.europesays.com\/es\/wp-json\/wp\/v2\/posts\/613899\/revisions"}],"wp:featuredmedia":[{"embeddable":true,"href":"https:\/\/www.europesays.com\/es\/wp-json\/wp\/v2\/media\/613900"}],"wp:attachment":[{"href":"https:\/\/www.europesays.com\/es\/wp-json\/wp\/v2\/media?parent=613899"}],"wp:term":[{"taxonomy":"category","embeddable":true,"href":"https:\/\/www.europesays.com\/es\/wp-json\/wp\/v2\/categories?post=613899"},{"taxonomy":"post_tag","embeddable":true,"href":"https:\/\/www.europesays.com\/es\/wp-json\/wp\/v2\/tags?post=613899"}],"curies":[{"name":"wp","href":"https:\/\/api.w.org\/{rel}","templated":true}]}}