{"id":613980,"date":"2026-06-18T22:13:40","date_gmt":"2026-06-18T22:13:40","guid":{"rendered":"https:\/\/www.europesays.com\/es\/613980\/"},"modified":"2026-06-18T22:13:40","modified_gmt":"2026-06-18T22:13:40","slug":"efecto-paula-blasi-mas-ciclistas-mas-licencias-menos-miedo-pero-la-igualdad-se-resiste-en-un-deporte-en-auge","status":"publish","type":"post","link":"https:\/\/www.europesays.com\/es\/613980\/","title":{"rendered":"Efecto Paula Blasi: m\u00e1s ciclistas, m\u00e1s licencias, menos miedo&#8230; Pero la igualdad se resiste en un deporte en auge"},"content":{"rendered":"<p class=\"paragraph\" id=\"paragraph_1\">Hace poco m\u00e1s de un mes, el ciclismo femenino espa\u00f1ol protagoniz\u00f3 una de esas haza\u00f1as que pasar\u00e1n a la historia del deporte cuando la catalana Paula Blasi, de 23 a\u00f1os, se coron\u00f3 como <strong>la primera espa\u00f1ola en ganar La Vuelta Femenina<\/strong>.<\/p>\n<p class=\"paragraph\" id=\"paragraph_2\">Lo logr\u00f3 en la \u00faltima etapa de la carrera, en el ascenso al m\u00edtico puerto asturiano L\u2019Angliru, uno de los m\u00e1s duros con 12,5 kms de subida y una pendiente media del 10%.<\/p>\n<p class=\"paragraph\" id=\"paragraph_3\">La proeza de la deportista, que <strong>apenas lleva un par de a\u00f1os como corredora profesional <\/strong>\u2014antes compiti\u00f3 en atletismo y duatl\u00f3n\u2014 sirvi\u00f3, adem\u00e1s, para confirmar lo que ya se intuye desde hace un tiempo. Y es que <strong>el ciclismo femenino en Espa\u00f1a vive un auge imparable<\/strong>. A nivel competici\u00f3n y, tambi\u00e9n, en la pr\u00e1ctica amateur.<\/p>\n<p><img decoding=\"async\" alt=\"Blasi, con su medalla de bronce en el Mundial de Ciclismo en 2025.\" data-imgm=\"true\" height=\"576\" loading=\"lazy\"  src=\"https:\/\/www.europesays.com\/es\/wp-content\/uploads\/2026\/06\/h:576&#038;h=jmQJ1abx.jpeg\"  width=\"1024\"\/><\/p>\n<p>                                                            Blasi, con su medalla de bronce en el Mundial de Ciclismo en 2025.<\/p>\n<p>                    Europa Press<\/p>\n<p class=\"paragraph\" id=\"paragraph_4\">Seg\u00fan datos recientes de la Real Federaci\u00f3n Espa\u00f1ola de Ciclismo (RFEC), el federado en Espa\u00f1a <strong>ha duplicado en la \u00faltima d\u00e9cada el n\u00famero de licencias<\/strong> pasando de las 3.100 de 2015 a casi 7.000 en la actualidad. Una cifra que supone aproximadamente un 10% del total.<\/p>\n<p class=\"paragraph\" id=\"paragraph_5\">Strava, la conocida red social de referencia para ciclistas (y otras disciplinas deportivas como el running) confirma este auge <strong>con un aumento en 2024 del 19% de mujeres sobre ruedas <\/strong>que usan la aplicaci\u00f3n, superando el 11% de crecimiento global.<\/p>\n<p><img loading=\"lazy\" decoding=\"async\" alt=\"Pepa S\u00e1nchez, atleta de 76 a\u00f1os, en una producci\u00f3n de Magas.\" height=\"240\" src=\"https:\/\/www.europesays.com\/es\/wp-content\/uploads\/2026\/06\/h:240&#038;h=WKUVIWDp.jpeg\" width=\"320\" data-lazy-status=\"processed\" data-lazy-info=\"remove loading item 1\"\/><\/p>\n<p class=\"paragraph\" id=\"paragraph_6\">Adem\u00e1s, el movimiento Women in Bike, impulsado por la RFEC y Movistar, re\u00fane a la mayor comunidad de ocio en el pa\u00eds con m\u00e1s de 140.000 participaciones y <strong>30.000 quedadas organizadas<\/strong> desde su creaci\u00f3n en 2018 (se pueden consultar en www.rfec.com).<\/p>\n<p class=\"paragraph\" id=\"paragraph_7\">Es un hecho: no es una moda pasajera sino un fen\u00f3meno en r\u00e1pido ascenso.<\/p>\n<p class=\"paragraph\" id=\"paragraph_8\">Y no es que antes no hubiera grandes corredoras, pero la profesionalizaci\u00f3n y la visibilidad televisiva favorecen el boom, mientras que la Real Federaci\u00f3n Espa\u00f1ola de Ciclismo (RFEC) y el Consejo Superior de Deportes (CSD)<strong> impulsan pol\u00edticas activas de igualdad<\/strong>.<\/p>\n<p class=\"paragraph\" id=\"paragraph_9\">Adem\u00e1s, cada vez existen m\u00e1s referentes femeninos y mayor presencia medi\u00e1tica, especialmente en los entornos digitales, donde las aficionadas valoran la dimensi\u00f3n m\u00e1s social y de networking de este deporte.<\/p>\n<p>Paula Blasi, &#8216;\u00eddola&#8217;<\/p>\n<p class=\"paragraph\" id=\"paragraph_10\">El caso de Paula Blasi, corredora del UAE, es de los que hacen historia. <strong>Por primera vez, una espa\u00f1ola ha ganado La VueltaFemenina<\/strong>, que forma parte del World Tour, la m\u00e1xima categor\u00eda del circuito internacional.<\/p>\n<p class=\"paragraph\" id=\"paragraph_11\">Tambi\u00e9n era la primera vez que un <strong>pelot\u00f3n femenino sub\u00eda el puerto de L\u2019Angliru<\/strong>, una etapa considerada la m\u00e1s dura en la historia de la carrera. Y en la que las corredoras ven\u00edan de superar otros tres antes del ascenso final, convirti\u00e9ndola en una aut\u00e9ntica etapa reina sin precedentes en el ciclismo femenino.<\/p>\n<p class=\"paragraph\" id=\"paragraph_12\">\u00abYo supe de ella por primera vez hace tres a\u00f1os, cuando empez\u00f3\u00bb, comenta Gema Pascual, ol\u00edmpica y actual seleccionadora nacional de ciclismo en carretera femenino de la RFEC.<\/p>\n<p class=\"paragraph\" id=\"paragraph_13\">\u00ab<strong>Es una <\/strong><strong>killer<\/strong><strong>, ambiciosa y superexigente<\/strong> con ella misma. Cuando no le salen las cosas bien, tiene mucho car\u00e1cter y hay que decirle \u2018Paula, tranquila, que hay cosas que se aprenden y es normal que no salgan a la primera'\u00bb, confiesa.<\/p>\n<p class=\"paragraph\" id=\"paragraph_14\">Asegura Pascual que la catalana tambi\u00e9n \u00ab<strong>es una ganadora nata, una corredora inusual<\/strong> que esqu\u00eda igual de bien que corre a pie\u2026 Y tiene un plus: es buena compa\u00f1era, se preocupa por ellas. Y eso en este deporte importante\u00bb.<\/p>\n<p><img decoding=\"async\" alt=\"Merche Castellanos, jugadora del Balonmano Costa del Sol\" height=\"180\" loading=\"lazy\" width=\"320\" data-lazy-status=\"processed\" id=\"5500cc366a\" src=\"https:\/\/www.elespanol.com\/mujer\/protagonistas\/20260618\/efecto-paula-blasi-ciclistas-licencias-miedo-igualdad-resiste-deporte-auge\/[\" https:=\"\" data-lazy-info=\"changed src\"\/><\/p>\n<p class=\"paragraph\" id=\"paragraph_15\">Dori Ruano, tambi\u00e9n hist\u00f3rica exciclista \u2013Campeona de Espa\u00f1a, Campeona del Mundo y tres veces ol\u00edmpica adem\u00e1s de comentarista en TV\u2013 destaca la proeza de Blasi como un potente<strong> impulso para el ciclismo femenino<\/strong>.<\/p>\n<p class=\"paragraph\" id=\"paragraph_16\">\u00abTengo muchas esperanzas de que despu\u00e9s de esto <strong>los <\/strong><strong>sponsors<\/strong><strong> empiecen a interesarse por los equipos de las corredoras<\/strong> un poquito m\u00e1s\u00bb, confiesa.<\/p>\n<p class=\"paragraph\" id=\"paragraph_17\">Esto es s\u00f3lo la punta del iceberg. Ruano da fe de ello afirmando que en categor\u00edas inferiores tambi\u00e9n existe much\u00edsimo talento como el de <strong>Usoa Ostolaza o Alejandra Neira<\/strong>.<\/p>\n<p class=\"paragraph\" id=\"paragraph_18\">\u00abComo dato, en Salamanca existen tres equipos femeninos, cadetes y juveniles, pero no hay ninguno masculino\u00bb, a\u00f1ade.<\/p>\n<p class=\"paragraph\" id=\"paragraph_19\">La seleccionadora nacional, Gema Pascual, coincide en esta idea mencionando a otras influyentes corredoras previas, pero que tuvieron mucha menos visibilidad. Cita a la vasca<strong> Joane Somarriba Arrola, ganadora del Tour de Francia en tres ocasiones<\/strong> y del Giro de Italia dos, adem\u00e1s de ser medalla de oro en contrarreloj en el campeonato del Mundo del 2003.<\/p>\n<p class=\"paragraph\" id=\"paragraph_20\">O la balear <strong>Mavi Garc\u00eda, primera espa\u00f1ola en ganar una etapa <\/strong>en el Tour de Francia Femmes (2025) \u2013lo logr\u00f3 con 41 a\u00f1os\u2013, medalla de bronce en el Giro de Italia (2022) y r\u00e9cord en t\u00edtulos nacionales con nueve campeonatos de Espa\u00f1a entre ruta y contrarreloj.<\/p>\n<p class=\"paragraph\" id=\"paragraph_21\">Sin olvidar a <strong>Ane Santiesteban, retirada el pasado a\u00f1o<\/strong>. Todo un referente nacional, particip\u00f3 en los Juegos Ol\u00edmpicos de R\u00edo 2016 y Tokio 2020, y obtuvo la medalla de plata en los Mediterr\u00e1neos de 2018.<\/p>\n<p class=\"paragraph\" id=\"paragraph_22\">Por \u00faltimo, a\u00f1ade a la pamplonica Paula Ostiz, otras de las joyas del ciclismo espa\u00f1ol con 19 a\u00f1os. Es campeona del mundo j\u00fanior en ruta (2025), campeona de Europa contrarreloj (2024 y 2025) y medalla de plata en l\u00ednea en los Mundiales de Z\u00farich (2024).<\/p>\n<p>Brecha de g\u00e9nero<\/p>\n<p class=\"paragraph\" id=\"paragraph_23\">El Consejo Superior de Deportes (CSD) public\u00f3 en 2025 que las desigualdades entre hombres y mujeres en la pr\u00e1ctica deportiva en Espa\u00f1a <strong>se redujo hasta 6,7 puntos, el m\u00ednimo hist\u00f3rico<\/strong>.<\/p>\n<p class=\"paragraph\" id=\"paragraph_24\">Hablamos de un crecimiento exponencial, pero no hace tanto tiempo era diferente. Dori Ruano lo recuerda bien.<\/p>\n<p class=\"paragraph\" id=\"paragraph_25\">Pionera en nuestro pa\u00eds, fue profesional en las d\u00e9cadas de los 80, 90 y 2000 <strong>participando en los JJOO de Barcelona 92<\/strong>, S\u00eddney 2000 y Atenas 2004. En 2005 se retir\u00f3 tras el Campeonato Mundial celebrado en Madrid.<\/p>\n<p class=\"paragraph\" id=\"paragraph_26\">\u00abEn mi \u00e9poca, <strong>ver a una mujer entrenando y con actitud competitiva se consideraba muy masculino<\/strong>. Chirriaba en la sociedad de entonces. Yo era vista como un bicho raro, me han gritado cosas como &#8216;\u00a1vete a fregar!'\u00bb, asegura.<\/p>\n<p class=\"paragraph\" id=\"paragraph_27\">Hoy ya no es as\u00ed, aunque sigue habiendo notables diferencias entre g\u00e9neros. Y es que los \u00fanicos ingresos que percib\u00eda hace a\u00f1os una corredora como ella o una gimnasta como Almudena Cid<strong> proced\u00edan de las becas ADO<\/strong>, que son ayudas econ\u00f3micas para deportistas espa\u00f1oles de \u00e9lite.<\/p>\n<p class=\"paragraph\" id=\"paragraph_28\">Y no de sponsors. Porque las marcas no ten\u00edan inter\u00e9s en vincularse a una mujer. La situaci\u00f3n ha ido mejorando, aunque los sueldos a\u00fan no est\u00e1n totalmente regularizados en el \u00e1mbito femenino ni equiparados a los hombres.<\/p>\n<p class=\"paragraph\" id=\"paragraph_29\">Poco antes de la pandemia, la Uni\u00f3n Ciclista Internacional (UCI) empez\u00f3 a fijar los femeninos en la primera y segunda divisiones: WorldTour y ProTeam. La tercera categor\u00eda, la Continental, est\u00e1 especificada para ellos pero no para ellas.<\/p>\n<p class=\"paragraph\" id=\"paragraph_30\">\u00ab<strong>Se deja al libre albedr\u00edo de cada pa\u00eds<\/strong>, y Espa\u00f1a s\u00ed la ha regularizado\u00bb, confirma Dori Ruano. Pero no garantiza equipos en Continental. De hecho, han desaparecido los grupos femeninos de esta secci\u00f3n.<\/p>\n<p class=\"paragraph\" id=\"paragraph_31\">La RFEC obliga a que, para tener un equipo continental femenino, se tiene que pagar el Salario M\u00ednimo Interprofesional (SMI) con cotizaciones a la Seguridad Social, obvio.<\/p>\n<p class=\"paragraph\" id=\"paragraph_32\">\u00abY los que hab\u00eda en Espa\u00f1a no han conseguido esos recursos y no pueden optar a ese tercer nivel\u201d, explica. Una situaci\u00f3n injusta y preocupante, dado el enorme talento que existe aqu\u00ed en las categor\u00edas inferiores.<\/p>\n<p><img decoding=\"async\" alt=\"Michele Kang.\" height=\"240\" loading=\"lazy\" width=\"320\" data-lazy-status=\"processed\" id=\"6c51557dfe\" src=\"https:\/\/www.elespanol.com\/mujer\/protagonistas\/20260618\/efecto-paula-blasi-ciclistas-licencias-miedo-igualdad-resiste-deporte-auge\/[\" https:=\"\" data-lazy-info=\"changed src\"\/><\/p>\n<p class=\"paragraph\" id=\"paragraph_33\">Tras la proeza de Paula Blasi es m\u00e1s que posible \u2014adem\u00e1s de necesario\u2014 que esto empiece a cambiar. La seleccionadora Gema Pascual cree que para lograr las mismas oportunidades, \u00ab<strong>hay que ir r\u00e1pido, pero paso a paso<\/strong>. Estamos capacitadas para tener los mejores profesionales y mujeres en el pelot\u00f3n nacional\u00bb.<\/p>\n<p>Retransmisiones y oportunidades<\/p>\n<p class=\"paragraph\" id=\"paragraph_34\">Entre las principales desigualdades que lastran el ciclismo femenino en Espa\u00f1a est\u00e1 la escasez en los minutos retransmitidos, si se compara con las carreras masculinas.<\/p>\n<p class=\"paragraph\" id=\"paragraph_35\">Pero<strong> la visibilidad es fundamental<\/strong>. Si no se pueden ver en televisi\u00f3n, no existe. Y eso lleva a que no haya patrocinadores. La ausencia de estos ya sabemos lo que significa: que no hay dinero para los equipos ni para las ciclistas.<\/p>\n<p class=\"paragraph\" id=\"paragraph_36\">En el caso de La Vuelta que gan\u00f3 Paula Blasi, se pudo seguir en Teledeporte y online en la plataforma digital RTVE Play, pero no en La 1, como ya denunci\u00f3 en su momento Dori Ruano.<\/p>\n<p class=\"paragraph\" id=\"paragraph_37\">\u00abY no es normal. \u00bfC\u00f3mo le dices t\u00fa al patrocinador que has estado ah\u00ed luchando por meterte en la escapada?\u00bb, se pregunta.<\/p>\n<p class=\"paragraph\" id=\"paragraph_38\">Adem\u00e1s, la rentabilidad sigue siendo el gran argumento que sustenta estas diferencias. Dori Ruano reflexiona: \u00ab\u00bf<strong>A qui\u00e9n le gustaba la F\u00f3rmula 1 antes de Fernando Alonso <\/strong>y las carreras de los domingos a mediod\u00eda?. Las normas las hacen los hombres,<strong> los deportes tambi\u00e9n son patriarcales<\/strong>\u00ab.<\/p>\n<p>Biolog\u00eda que marca<\/p>\n<p class=\"paragraph\" id=\"paragraph_39\">El hecho de que las normas las establezcan mayoritariamente hombres hace que las discriminaciones que sufren ellas sean a\u00fan m\u00e1s profundas.<\/p>\n<p class=\"paragraph\" id=\"paragraph_40\">Y la biolog\u00eda, evidentemente muy diferente entre ambos g\u00e9neros, deber\u00eda tenerse en cuenta: \u00ab<strong>Hay que adaptarlo a nuestra fisiolog\u00eda<\/strong>\u00ab.<\/p>\n<p class=\"paragraph\" id=\"paragraph_41\">La excorredora asegura que la comparaci\u00f3n deber\u00eda<strong> centrarse en otros par\u00e1metros<\/strong>: \u00abSi tenemos en cuenta la biolog\u00eda femenina, nuestra exigencia pueden ser incluso mayor\u00bb.<\/p>\n<p class=\"paragraph\" id=\"paragraph_42\">En efecto, la evidencia cient\u00edfica afirma que una mujer ciclista con la regla experimenta una mayor percepci\u00f3n de trabajo f\u00edsico si se compara con un hombre, necesitando m\u00e1s energ\u00eda para mantener un ritmo similar.<\/p>\n<p class=\"paragraph\" id=\"paragraph_43\">Con la menstruaci\u00f3n se pierde hierro, y si se pedalea al m\u00e1ximo rendimiento, los gl\u00f3bulos rojos se ven afectados.<\/p>\n<p class=\"paragraph\" id=\"paragraph_44\">\u00abSi le metes 200 km, \u00bfqu\u00e9 hace tu cuerpo? <strong>Elimina la regla porque le resta fuerza<\/strong>. Hay corredoras que no menstr\u00faan. Despu\u00e9s vienen las amenorreas, los problemas con la densidad \u00f3sea\u2026\u00bb, se queja Ruano.<\/p>\n<p class=\"paragraph\" id=\"paragraph_45\">Aun as\u00ed, cree que estamos en el buen camino: \u00abSi echo la vista atr\u00e1s, desde la d\u00e9cada de los 80 hasta ahora, claro que hemos avanzado\u00bb.<\/p>\n<p>Influencers sobre rueda<\/p>\n<p class=\"paragraph\" id=\"paragraph_46\">A nivel amateur, el ciclismo femenino tambi\u00e9n <strong>ha experimentado un crecimiento tras la pandemia<\/strong>. Sobre todo en gravel, que combina carretera y pistas y resulta m\u00e1s accesible y segura que el mountain bike o la carretera.<\/p>\n<p class=\"paragraph\" id=\"paragraph_47\"><strong>Muchas mujeres se han unido a este deporte<\/strong> igual que ocurri\u00f3 con el fen\u00f3meno del running, como un modo de socializaci\u00f3n. Ellos generalmente buscan rendimiento, pero <strong>ellas prefieren compa\u00f1\u00eda y entretenimiento<\/strong>. Y las quedadas han aumentado.<\/p>\n<p class=\"paragraph\" id=\"paragraph_48\">Y en este aspecto, la figura de la influencer es muy importante. Aparte de la competici\u00f3n,<strong> la dimensi\u00f3n social inspirada por las creadoras de contenido<\/strong> en el \u00e1mbito digital tiene un gran impacto.<\/p>\n<p class=\"paragraph\" id=\"paragraph_49\"><strong>Anita Gonz\u00e1lez (@anita_gonzale.z), con m\u00e1s de 185.000 seguidores en Instagram<\/strong>, es un gran ejemplo. Para ella, la bici es una forma de vida.<\/p>\n<p class=\"paragraph\" id=\"paragraph_50\">\u00abTe lleva a descubrir lugares, desconectar, conocer personas y vivir experiencias. Quiero transmitir libertad, aventura, superaci\u00f3n y autenticidad\u00bb, explica.<\/p>\n<p class=\"paragraph\" id=\"paragraph_51\">Y anima a cualquier mujer a probar el ciclismo porque transforma a nivel mental: \u00abTe hace sentir fuerte, independiente y capaz de llegar mucho m\u00e1s lejos de lo que imaginabas\u00bb.<\/p>\n<p class=\"paragraph\" id=\"paragraph_52\"><strong>Fen\u00f3menos como el de Paula Blasi \u00abinspiran much\u00edsimo <\/strong>y hace que otras mujeres se sientan identificadas y piensen \u2018yo tambi\u00e9n puedo'\u00bb, asegura Gonz\u00e1lez, tambi\u00e9n fot\u00f3grafa y gravel lover. Ella tambi\u00e9n observa diferencias entre sus compa\u00f1eros masculinos.<\/p>\n<p class=\"paragraph\" id=\"paragraph_53\">Y es que en el universo de las redes sociales queda mucho por hacer a nivel de visibilidad, apoyo e igualdad de oportunidades.<\/p>\n<p class=\"paragraph\" id=\"paragraph_54\">\u00abPero es muy bonito que cada vez haya m\u00e1s mujeres viajando, creando comunidad y perdiendo el miedo a empezar.<strong> El ciclismo conecta a gente muy diferente<\/strong>\u00ab, destaca.<\/p>\n<p class=\"paragraph\" id=\"paragraph_55\">Y concluye que, cada vez m\u00e1s, \u00abse da espacio a perfiles femeninos y a otras formas de comunicar este deporte, m\u00e1s cercanas y naturales. Poco a poco, se est\u00e1 abriendo y eso es muy positivo para todos\u00bb.<\/p>\n","protected":false},"excerpt":{"rendered":"Hace poco m\u00e1s de un mes, el ciclismo femenino espa\u00f1ol protagoniz\u00f3 una de esas haza\u00f1as que pasar\u00e1n a&hellip;\n","protected":false},"author":2,"featured_media":613981,"comment_status":"","ping_status":"","sticky":false,"template":"","format":"standard","meta":{"footnotes":""},"categories":[273],"tags":[313,312,634,168,25,24,6874,23,167],"class_list":["post-613980","post","type-post","status-publish","format-standard","has-post-thumbnail","category-ciclismo","tag-ciclismo","tag-cycling","tag-deporte","tag-deportes","tag-es","tag-espana","tag-protagonistas","tag-spain","tag-sports"],"share_on_mastodon":{"url":"https:\/\/pubeurope.com\/@es\/116773415928491209","error":""},"_links":{"self":[{"href":"https:\/\/www.europesays.com\/es\/wp-json\/wp\/v2\/posts\/613980","targetHints":{"allow":["GET"]}}],"collection":[{"href":"https:\/\/www.europesays.com\/es\/wp-json\/wp\/v2\/posts"}],"about":[{"href":"https:\/\/www.europesays.com\/es\/wp-json\/wp\/v2\/types\/post"}],"author":[{"embeddable":true,"href":"https:\/\/www.europesays.com\/es\/wp-json\/wp\/v2\/users\/2"}],"replies":[{"embeddable":true,"href":"https:\/\/www.europesays.com\/es\/wp-json\/wp\/v2\/comments?post=613980"}],"version-history":[{"count":0,"href":"https:\/\/www.europesays.com\/es\/wp-json\/wp\/v2\/posts\/613980\/revisions"}],"wp:featuredmedia":[{"embeddable":true,"href":"https:\/\/www.europesays.com\/es\/wp-json\/wp\/v2\/media\/613981"}],"wp:attachment":[{"href":"https:\/\/www.europesays.com\/es\/wp-json\/wp\/v2\/media?parent=613980"}],"wp:term":[{"taxonomy":"category","embeddable":true,"href":"https:\/\/www.europesays.com\/es\/wp-json\/wp\/v2\/categories?post=613980"},{"taxonomy":"post_tag","embeddable":true,"href":"https:\/\/www.europesays.com\/es\/wp-json\/wp\/v2\/tags?post=613980"}],"curies":[{"name":"wp","href":"https:\/\/api.w.org\/{rel}","templated":true}]}}