{"id":614108,"date":"2026-06-18T23:52:42","date_gmt":"2026-06-18T23:52:42","guid":{"rendered":"https:\/\/www.europesays.com\/es\/614108\/"},"modified":"2026-06-18T23:52:42","modified_gmt":"2026-06-18T23:52:42","slug":"isabelle-junot-brilla-en-su-regreso-a-la-moda-con-el-vestido-blanco-de-verano-perfecto-y-un-cambio-de-look-que-le-ilumina-el-rostro","status":"publish","type":"post","link":"https:\/\/www.europesays.com\/es\/614108\/","title":{"rendered":"Isabelle Junot brilla en su regreso a la moda con el vestido blanco de verano perfecto y un cambio de look que le ilumina el rostro"},"content":{"rendered":"<p id=\"et0khWtotG\" data-wc=\"132\">Desde que dio a luz a su segunda hija, Simona, hace tan solo tres meses, son contadas las apariciones p\u00fablicas de <strong>Isabelle Junot<\/strong>, y con toda raz\u00f3n, pues est\u00e1 volcada de lleno en su familia; hasta <a class=\"hm-link ho-link\" href=\"https:\/\/www.hola.com\/actualidad\/20260609906295\/la-preciosa-foto-de-isabelle-junot-4-generaciones-en-copenhague\/\" data-mrf-recirculation=\"article-body-link\" rel=\"nofollow noopener\" target=\"_blank\">realiz\u00f3 un viaje a Copenhague en el que la menor de las ni\u00f1as pudo conocer su bisabuela materna<\/a>, la madre de Nina Wendelboe-Larsen. De modo que, poco a poco, la marquesa de Cubas est\u00e1 retomando su agenda de compromisos y su faceta de creadora de contenido, por la que es tan conocida y querida. Una se\u00f1al de ello es que haya asistido al <a class=\"hm-link ho-link\" href=\"https:\/\/www.hola.com\/actualidad\/20260618908177\/anna-padilla-laura-matamoros-fiesta-new-era-todos-los-invitados\/\" data-mrf-recirculation=\"article-body-link\" rel=\"nofollow noopener\" target=\"_blank\">evento de apertura de La Plaza NEW de El Corte Ingl\u00e9s<\/a>, un recinto experiencial que reunir\u00e1, hasta el 21 de junio, todas las tendencias m\u00e1s buscadas de la temporada por la generaci\u00f3n Z.<\/p>\n<p> <img src=\"https:\/\/www.europesays.com\/es\/wp-content\/uploads\/2026\/06\/a66b26f40527-dlu612292319.jpg\"   width=\"682\" height=\"1024\" loading=\"lazy\" decoding=\"async\" alt=\"Isabelle Junot reaparece en Madrid con un vestido de algod\u00f3n bordado y sus nuevas mechas que rejuvenecen\" fetchpriority=\"auto\" class=\"image ho-image\"\/>\u00a9 GTRES<br \/>\nIsabelle Junot reaparece en el evento m\u00e1s &#8216;cool&#8217; que da la bienvenida al verano en Madrid<\/p>\n<p id=\"ep89a7H0Ey\" data-wc=\"119\">Planes de terraza con amigas, cenas sin hora de vuelta y looks ligeros que no necesitan abrigos pesados&#8230; Nada como la llegada del verano. Y como nunca sabes d\u00f3nde acabar\u00e1s, es recomendable ir siempre ideal. Por eso, hemos pensado fichar las mejores tendencias del verano en la\u00a0esperada apertura de La Plaza NEW, que se encuentra en el exterior del centro de Castellana (junto a la estaci\u00f3n de Nuevos Ministerios) y permanecer\u00e1 abierta del 19 al 21 de junio. Para conocer todas las novedades, tambi\u00e9n han acudido\u00a0<a class=\"hm-link ho-link\" href=\"https:\/\/www.hola.com\/moda\/20260618908201\/victoria-federica-look-ola-de-calor-pantalones-vaqueros-anchos-el-corte-ingles\/\" data-mrf-recirculation=\"article-body-link\" rel=\"nofollow noopener\" target=\"_blank\">las chicas que mejor visten de las redes sociales y arist\u00f3cratas amantes de la moda como Victoria de Marichalar<\/a>, su amiga Rochi Laff\u00f3n, Mar\u00eda Garc\u00eda de Jaime o, por supuesto, Isabelle Junot.\u00a0<\/p>\n<p> <img src=\"https:\/\/www.europesays.com\/es\/wp-content\/uploads\/2026\/06\/603652e671d6-001193735019073967x1200.jpg\"   width=\"1080\" height=\"1800\" loading=\"lazy\" decoding=\"async\" alt=\"Vestido de algod\u00f3n bordado de Isabelle Junot\" fetchpriority=\"auto\" class=\"image ho-image\"\/>\u00a9 Lloyd&#8217;s<br \/>\nUn vestido de algod\u00f3n bordado de flores para hacer frente a la ola de calor<\/p>\n<p id=\"ep0aW3xIay\" data-wc=\"144\">La marquesa de Cubas ha elegido, para hacer frente a esta ola de calor que est\u00e1 azotando Europa,<strong>\u00a0un ligero vestido de algod\u00f3n blanco sin mangas, con cuello caja y un bordado de motivos florales<\/strong> en varios colores. Pertenece a las novedades estivales de<strong>\u00a0Lloyd&#8217;s<\/strong> y est\u00e1 disponible en El Corte Ingl\u00e9s por<strong>\u00a0160 euros<\/strong>, una verdadera oportunidad de inversi\u00f3n considerando lo f\u00e1cil que es de amortizar este dise\u00f1o tan vers\u00e1til y bonito. Puedes escoger elevarla a la categor\u00eda de prenda elegante, con unas sandalias de tac\u00f3n en tonos tierra o beige, como ha hecho Isabelle esta tarde de jueves con este par de la firma flordeasoka, o decantarte por <a class=\"hm-link ho-link\" href=\"https:\/\/www.hola.com\/moda\/20260529904384\/los-4-zapatos-planos-que-definiran-el-verano-segun-las-chicas-espanolas-mas-estilosas\/\" data-mrf-recirculation=\"article-body-link\" rel=\"nofollow noopener\" target=\"_blank\">sandalias planas, e incluso bailarinas de alguna tonalidad potente<\/a>, si tu plan es m\u00e1s casual. Para completar el estilismo, ha cargado sus esenciales en un bolsito de piel trenzada marr\u00f3n chocolate, de Bottega Veneta.\u00a0<\/p>\n<p> <img src=\"https:\/\/www.europesays.com\/es\/wp-content\/uploads\/2026\/06\/5b395dd5d8ef-dlu612292320.jpg\"   width=\"682\" height=\"1024\" loading=\"lazy\" decoding=\"async\" alt=\"Isabelle Junot reaparece en Madrid con un vestido de algod\u00f3n bordado y sus nuevas mechas que rejuvenecen\" fetchpriority=\"auto\" class=\"image ho-image\"\/>\u00a9 GTRES<br \/>\nAnalizamos su cambio de look: las mechas\u00a0smokey gold y su nueva melena midi que sustituye al &#8216;bob&#8217; casta\u00f1o<\/p>\n<p id=\"ei5P_MQ1Q7-\" data-wc=\"81\">Estamos acostumbradas a que Isabelle vista sencilla pero elegante, y con ese toque original transforma cualquier conjunto b\u00e1sico en uno de experta; lo que s\u00ed nos ha sorprendido en este caso ha sido su reciente cambio de look en la melena: ha abandonado su tradicional casta\u00f1o por unas mechas smokey gold.\u00a0Se trata de una variante de las balayage que <strong>se aplica sobre cabellos casta\u00f1os y morenos trabajando<\/strong><strong>\u00a0m\u00e1s los contornos del rostro para crear un efecto de luminosidad y profundidad.<\/strong>\u00a0<\/p>\n<p> <img src=\"https:\/\/www.europesays.com\/es\/wp-content\/uploads\/2026\/06\/7bdc76610559-dlu612292318.jpg\"   width=\"1024\" height=\"682\" loading=\"lazy\" decoding=\"async\" alt=\"Isabelle Junot reaparece en Madrid con un vestido de algod\u00f3n bordado y sus nuevas mechas que rejuvenecen\" fetchpriority=\"auto\" class=\"image ho-image\"\/>\u00a9 GTRES<\/p>\n<p id=\"eGGPfHpb1c\" data-wc=\"81\">El resultado es un cabello con reflejos dorados y ahumados que dista mucho del <strong>&#8216;bob&#8217; casta\u00f1o<\/strong> que le ve\u00edamos a Isabelle hace solo unas semanas. Sobre este estilo cl\u00e1sico, que fue caracter\u00edstico de su imagen desde el verano de 2024, <a class=\"hm-link ho-link\" href=\"https:\/\/www.hola.com\/belleza\/20240904716329\/isabelle-junot-cambio-look-corte-de-pelo-bob\/\" data-mrf-recirculation=\"article-body-link\" rel=\"nofollow noopener\" target=\"_blank\">su peluquero de confianza, Gabriel Llanos, nos confesaba<\/a>: \u00abEs una apuesta superfresca y que marca una nueva etapa, coincidiendo con un proyecto nuevo para el que quer\u00eda nueva imagen con un aire diferente, as\u00ed que no ha sido un corte improvisado\u00bb.\u00a0<\/p>\n<p id=\"ecvIHyuPDs\" data-wc=\"89\">Que la especialista en nutrici\u00f3n haya vuelto a ponerse en sus manos para dar forma a <strong>esta melena midi con esas mechas doradas que gritan verano<\/strong> nos da a entender que se encuentra en el proceso de emprender <a class=\"hm-link ho-link\" href=\"https:\/\/www.hola.com\/padres\/20260527903653\/isabelle-junot-habla-sobre-culpa-materna-en-posparto\/\" data-mrf-recirculation=\"article-body-link\" rel=\"nofollow noopener\" target=\"_blank\">una etapa distinta en su vida, quiz\u00e1 marcada por esta segunda maternidad<\/a> o por un reto profesional que todav\u00eda est\u00e1 por desvelar. Lo cierto es que un buen cambio de look puede levantarnos el \u00e1nimo y convertirnos en la mejor versi\u00f3n de nosotras mismas, e Isabelle no tiene miedo de reinventarse.<\/p>\n","protected":false},"excerpt":{"rendered":"Desde que dio a luz a su segunda hija, Simona, hace tan solo tres meses, son contadas las&hellip;\n","protected":false},"author":2,"featured_media":614109,"comment_status":"","ping_status":"","sticky":false,"template":"","format":"standard","meta":{"footnotes":""},"categories":[174],"tags":[1024,255,253,146,147,25,24,256,39747,1023,338,23,23527],"class_list":["post-614108","post","type-post","status-publish","format-standard","has-post-thumbnail","category-famosos","tag-actualidad-moda","tag-celebrities","tag-discover","tag-entertainment","tag-entretenimiento","tag-es","tag-espana","tag-famosos","tag-isabelle-junot","tag-moda","tag-portada","tag-spain","tag-tendencias-primavera-verano"],"share_on_mastodon":{"url":"https:\/\/pubeurope.com\/@es\/116773805231054821","error":""},"_links":{"self":[{"href":"https:\/\/www.europesays.com\/es\/wp-json\/wp\/v2\/posts\/614108","targetHints":{"allow":["GET"]}}],"collection":[{"href":"https:\/\/www.europesays.com\/es\/wp-json\/wp\/v2\/posts"}],"about":[{"href":"https:\/\/www.europesays.com\/es\/wp-json\/wp\/v2\/types\/post"}],"author":[{"embeddable":true,"href":"https:\/\/www.europesays.com\/es\/wp-json\/wp\/v2\/users\/2"}],"replies":[{"embeddable":true,"href":"https:\/\/www.europesays.com\/es\/wp-json\/wp\/v2\/comments?post=614108"}],"version-history":[{"count":0,"href":"https:\/\/www.europesays.com\/es\/wp-json\/wp\/v2\/posts\/614108\/revisions"}],"wp:featuredmedia":[{"embeddable":true,"href":"https:\/\/www.europesays.com\/es\/wp-json\/wp\/v2\/media\/614109"}],"wp:attachment":[{"href":"https:\/\/www.europesays.com\/es\/wp-json\/wp\/v2\/media?parent=614108"}],"wp:term":[{"taxonomy":"category","embeddable":true,"href":"https:\/\/www.europesays.com\/es\/wp-json\/wp\/v2\/categories?post=614108"},{"taxonomy":"post_tag","embeddable":true,"href":"https:\/\/www.europesays.com\/es\/wp-json\/wp\/v2\/tags?post=614108"}],"curies":[{"name":"wp","href":"https:\/\/api.w.org\/{rel}","templated":true}]}}