{"id":614116,"date":"2026-06-18T23:59:42","date_gmt":"2026-06-18T23:59:42","guid":{"rendered":"https:\/\/www.europesays.com\/es\/614116\/"},"modified":"2026-06-18T23:59:42","modified_gmt":"2026-06-18T23:59:42","slug":"atencion-primaria-apuesta-por-la-ecografia-clinica-para-anticiparse-al-scrhm","status":"publish","type":"post","link":"https:\/\/www.europesays.com\/es\/614116\/","title":{"rendered":"Atenci\u00f3n Primaria apuesta por la ecograf\u00eda cl\u00ednica para anticiparse al SCRHM"},"content":{"rendered":"<p class=\"mostrar_fragmento\">La Sociedad Espa\u00f1ola de M\u00e9dicos Generales y de Familia (SEMG) present\u00f3, en el marco de su 32.\u00ba Congreso Nacional, celebrado en Oviedo del 11 al 13 de junio, el documento &#8216;Ecograf\u00eda cl\u00ednica en el s\u00edndrome cardio-renal-hepato-metab\u00f3lico (SCRHM) para m\u00e9dicos de familia&#8217;, elaborado por los Grupos de Trabajo de Ecograf\u00eda y &#8230;            &#13;\n        <\/p>\n<p> &#13;<\/p>\n<p>La <strong>Sociedad Espa\u00f1ola de M\u00e9dicos Generales y de Familia<\/strong> (SEMG) present\u00f3, en el marco de su <strong>32.\u00ba Congreso Nacional<\/strong>, celebrado en Oviedo del 11 al 13 de junio, el documento &#8216;<a href=\"https:\/\/www.semg.es\/images\/2026\/documentos\/Eco_clnica_SCRHM_SEMG.pdf\" rel=\"nofollow noopener\" target=\"_blank\">Ecograf\u00eda cl\u00ednica en el s\u00edndrome cardio-renal-hepato-metab\u00f3lico (SCRHM) para m\u00e9dicos de familia<\/a>&#8216;, elaborado por los Grupos de Trabajo de Ecograf\u00eda y de Enfermedad Cardiovascular y Diabetes de la propia sociedad cient\u00edfica.<\/p>\n<p>El trabajo aborda uno de los principales retos cl\u00ednicos de la Atenci\u00f3n Primaria: la compleja interacci\u00f3n entre el coraz\u00f3n, el ri\u00f1\u00f3n, el h\u00edgado y el metabolismo en el <strong>s\u00edndrome cardio-renal-hepato-metab\u00f3lico<\/strong> (SCRHM), una entidad que condiciona de forma determinante la evoluci\u00f3n y el pron\u00f3stico global de los pacientes.<\/p>\n<p>La <strong>ecograf\u00eda cl\u00ednica<\/strong> se ha consolidado como una herramienta accesible, segura, sin radiaci\u00f3n y de gran utilidad en la consulta del m\u00e9dico de familia, al permitir una valoraci\u00f3n r\u00e1pida y orientada a la toma de decisiones. En este sentido, es id\u00f3nea como <strong>apoyo a la exploraci\u00f3n cl\u00ednica tradicional<\/strong>, contribuyendo a reducir la incertidumbre diagn\u00f3stica, optimizar recursos y mejorar la calidad y la seguridad asistencial mediante una atenci\u00f3n m\u00e1s personalizada.<\/p>\n<p>La nueva publicaci\u00f3n de SEMG tiene un <strong>enfoque eminentemente pr\u00e1ctico<\/strong>, con el objetivo de facilitar la incorporaci\u00f3n de la ecograf\u00eda cl\u00ednica en la valoraci\u00f3n de pacientes con sospecha o diagn\u00f3stico de SCRHM en el \u00e1mbito de la Atenci\u00f3n Primaria. Los autores insisten en que la ecograf\u00eda no se plantea como sustituto de pruebas de mayor complejidad, sino como una herramienta complementaria capaz de aportar informaci\u00f3n inmediata para <strong>identificar signos precoces de descompensaci\u00f3n<\/strong>, monitorizar la respuesta al tratamiento y mejorar la adecuaci\u00f3n de las derivaciones al nivel hospitalario.<\/p>\n<p> &#13;<\/p>\n<p><strong>Ejemplos cl\u00ednicos reales<\/strong><\/p>\n<p>El documento se estructura en diferentes secciones que combinan los fundamentos del SCRHM y de la ecograf\u00eda cl\u00ednica con <strong>aplicaciones pr\u00e1cticas en consulta<\/strong>, incluyendo ejemplos cl\u00ednicos reales que facilitan la comprensi\u00f3n de su uso en distintos escenarios asistenciales. Destaca especialmente su utilidad para <strong>estandarizar procedimientos sencillos y reproducibles<\/strong>, as\u00ed como para integrar los hallazgos ecogr\u00e1ficos en algoritmos cl\u00ednicos de toma de decisiones.<\/p>\n<p>Entre los objetivos principales del documento est\u00e1 facilitar el reconocimiento temprano del SCRHM en la pr\u00e1ctica diaria, incorporar la ecograf\u00eda cl\u00ednica como parte de la exploraci\u00f3n f\u00edsica avanzada, <strong>mejorar la toma de decisiones cl\u00ednicas mediante la integraci\u00f3n de hallazgos ecogr\u00e1ficos<\/strong>, promover la coordinaci\u00f3n multidisciplinar y fomentar la formaci\u00f3n continuada de los m\u00e9dicos de familia en esta competencia. En conjunto, el trabajo apuesta por la ecograf\u00eda cl\u00ednica como una herramienta clave para avanzar hacia una Atenci\u00f3n Primaria m\u00e1s resolutiva, segura y eficiente.<\/p>\n<p>Del mismo modo, los autores destacan el valor transformador de esta t\u00e9cnica en manos del m\u00e9dico de familia, al permitir <strong>anticiparse a la progresi\u00f3n de la enfermedad<\/strong>, prevenir complicaciones y reforzar una atenci\u00f3n m\u00e1s integral y centrada en el paciente con SCRHM, consolidando as\u00ed su papel como herramienta estrat\u00e9gica en la pr\u00e1ctica cl\u00ednica diaria.<\/p>\n<p>&#13;<br \/>\n            SEGUIR LEYENDO&#13;\n        <\/p>\n","protected":false},"excerpt":{"rendered":"La Sociedad Espa\u00f1ola de M\u00e9dicos Generales y de Familia (SEMG) present\u00f3, en el marco de su 32.\u00ba Congreso&hellip;\n","protected":false},"author":2,"featured_media":614117,"comment_status":"","ping_status":"","sticky":false,"template":"","format":"standard","meta":{"footnotes":""},"categories":[92],"tags":[83440,87383,304,49180,1348,93731,13952,79481,83282,25,24,165,114675,1157,28447,1684,78935,3579,17289,977,918,3725,59252,166,114674,9857,33517,23,9086],"class_list":["post-614116","post","type-post","status-publish","format-standard","has-post-thumbnail","category-salud","tag-ajustar","tag-anticiparse","tag-apuesta","tag-asistencial","tag-atencion","tag-cardio","tag-clinica","tag-derivaciones","tag-ecografia","tag-es","tag-espana","tag-health","tag-hepato","tag-imagen","tag-integrar","tag-mejor","tag-metabolico","tag-nivel","tag-primaria","tag-primer","tag-propone","tag-reconocer","tag-renal","tag-salud","tag-scrhm","tag-semg","tag-sindrome","tag-spain","tag-tecnica"],"share_on_mastodon":{"url":"https:\/\/pubeurope.com\/@es\/116773831804400318","error":""},"_links":{"self":[{"href":"https:\/\/www.europesays.com\/es\/wp-json\/wp\/v2\/posts\/614116","targetHints":{"allow":["GET"]}}],"collection":[{"href":"https:\/\/www.europesays.com\/es\/wp-json\/wp\/v2\/posts"}],"about":[{"href":"https:\/\/www.europesays.com\/es\/wp-json\/wp\/v2\/types\/post"}],"author":[{"embeddable":true,"href":"https:\/\/www.europesays.com\/es\/wp-json\/wp\/v2\/users\/2"}],"replies":[{"embeddable":true,"href":"https:\/\/www.europesays.com\/es\/wp-json\/wp\/v2\/comments?post=614116"}],"version-history":[{"count":0,"href":"https:\/\/www.europesays.com\/es\/wp-json\/wp\/v2\/posts\/614116\/revisions"}],"wp:featuredmedia":[{"embeddable":true,"href":"https:\/\/www.europesays.com\/es\/wp-json\/wp\/v2\/media\/614117"}],"wp:attachment":[{"href":"https:\/\/www.europesays.com\/es\/wp-json\/wp\/v2\/media?parent=614116"}],"wp:term":[{"taxonomy":"category","embeddable":true,"href":"https:\/\/www.europesays.com\/es\/wp-json\/wp\/v2\/categories?post=614116"},{"taxonomy":"post_tag","embeddable":true,"href":"https:\/\/www.europesays.com\/es\/wp-json\/wp\/v2\/tags?post=614116"}],"curies":[{"name":"wp","href":"https:\/\/api.w.org\/{rel}","templated":true}]}}