{"id":614255,"date":"2026-06-19T02:03:17","date_gmt":"2026-06-19T02:03:17","guid":{"rendered":"https:\/\/www.europesays.com\/es\/614255\/"},"modified":"2026-06-19T02:03:17","modified_gmt":"2026-06-19T02:03:17","slug":"la-pareja-de-ayuso-llego-a-multiplicar-por-siete-sus-ingresos-de-quiron-tras-iniciar-su-relacion-con-la-presidenta-madrilena","status":"publish","type":"post","link":"https:\/\/www.europesays.com\/es\/614255\/","title":{"rendered":"La pareja de Ayuso lleg\u00f3 a multiplicar por siete sus ingresos de Quir\u00f3n tras iniciar su relaci\u00f3n con la presidenta madrile\u00f1a"},"content":{"rendered":"<p class=\"article-text\">\n        La carrera empresarial de Alberto Gonz\u00e1lez Amador ha cambiado radicalmente desde que es pareja de Isabel D\u00edaz Ayuso. Sus sociedades llegaron a multiplicar por siete la facturaci\u00f3n al Grupo Quir\u00f3n a partir del inicio de la relaci\u00f3n sentimental entre el empresario y la presidenta de la Comunidad de Madrid. El Grupo Quir\u00f3n es el principal beneficiario de la pol\u00edtica de privatizaci\u00f3n de parte del servicio sanitario que lleva a cabo el Gobierno que preside Isabel D\u00edaz Ayuso, con alrededor de 1.000 millones de facturaci\u00f3n anual salidos de las arcas p\u00fablicas.\u00a0\n    <\/p>\n<p class=\"article-text\">\n        Un escrito de la Agencia Tributaria remitido al juzgado que investiga a Gonz\u00e1lez Amador ha permitido aflorar el negocio del novio de la presidenta con Quir\u00f3n Prevenci\u00f3n desde que son pareja. elDiario.es revel\u00f3 hace dos a\u00f1os que en 2021, cuando comenz\u00f3 la relaci\u00f3n, los ingresos de Gonz\u00e1lez Amador procedentes de Quir\u00f3n <a href=\"https:\/\/www.eldiario.es\/politica\/pagos-quiron-pareja-ayuso-multiplicaron-cuatro-iniciarse-relacion-presidenta-madrilena_1_11242311.html\" target=\"_blank\" data-mrf-recirculation=\"links-noticia\" class=\"link\" rel=\"nofollow noopener\">se multiplicaron por cuatro respecto del ejercicio anterior.<\/a> Ahora, gracias al escrito de Hacienda, trasciende que los ingresos del empresario y comisionista no dejaron de crecer en los dos a\u00f1os posteriores, 2022 y 2023. En total, desde que arranc\u00f3 la relaci\u00f3n, Gonz\u00e1lez Amador ha multiplicado por siete sus ingresos del gigante de la sanidad privada.\u00a0\n    <\/p>\n","protected":false},"excerpt":{"rendered":"La carrera empresarial de Alberto Gonz\u00e1lez Amador ha cambiado radicalmente desde que es pareja de Isabel D\u00edaz Ayuso.&hellip;\n","protected":false},"author":2,"featured_media":614256,"comment_status":"","ping_status":"","sticky":false,"template":"","format":"standard","meta":{"footnotes":""},"categories":[5],"tags":[6984,17,18,25,24,13,14,11,9566,21861,19,20,17359,36121,114713,9,10,15,16,2477,14107,9111,5977,5294,23,12,21,22],"class_list":["post-614255","post","type-post","status-publish","format-standard","has-post-thumbnail","category-titulares","tag-ayuso","tag-breaking-news","tag-breakingnews","tag-es","tag-espana","tag-featured-news","tag-featurednews","tag-headlines","tag-ingresos","tag-iniciar","tag-latest-news","tag-latestnews","tag-llego","tag-madrilena","tag-multiplicar","tag-news","tag-noticias","tag-noticias-destacadas","tag-noticiasdestacadas","tag-pareja","tag-presidenta","tag-quiron","tag-relacion","tag-siete","tag-spain","tag-titulares","tag-ultimas-noticias","tag-ultimasnoticias"],"share_on_mastodon":{"url":"https:\/\/pubeurope.com\/@es\/116774319074240767","error":""},"_links":{"self":[{"href":"https:\/\/www.europesays.com\/es\/wp-json\/wp\/v2\/posts\/614255","targetHints":{"allow":["GET"]}}],"collection":[{"href":"https:\/\/www.europesays.com\/es\/wp-json\/wp\/v2\/posts"}],"about":[{"href":"https:\/\/www.europesays.com\/es\/wp-json\/wp\/v2\/types\/post"}],"author":[{"embeddable":true,"href":"https:\/\/www.europesays.com\/es\/wp-json\/wp\/v2\/users\/2"}],"replies":[{"embeddable":true,"href":"https:\/\/www.europesays.com\/es\/wp-json\/wp\/v2\/comments?post=614255"}],"version-history":[{"count":0,"href":"https:\/\/www.europesays.com\/es\/wp-json\/wp\/v2\/posts\/614255\/revisions"}],"wp:featuredmedia":[{"embeddable":true,"href":"https:\/\/www.europesays.com\/es\/wp-json\/wp\/v2\/media\/614256"}],"wp:attachment":[{"href":"https:\/\/www.europesays.com\/es\/wp-json\/wp\/v2\/media?parent=614255"}],"wp:term":[{"taxonomy":"category","embeddable":true,"href":"https:\/\/www.europesays.com\/es\/wp-json\/wp\/v2\/categories?post=614255"},{"taxonomy":"post_tag","embeddable":true,"href":"https:\/\/www.europesays.com\/es\/wp-json\/wp\/v2\/tags?post=614255"}],"curies":[{"name":"wp","href":"https:\/\/api.w.org\/{rel}","templated":true}]}}