{"id":614415,"date":"2026-06-19T04:30:18","date_gmt":"2026-06-19T04:30:18","guid":{"rendered":"https:\/\/www.europesays.com\/es\/614415\/"},"modified":"2026-06-19T04:30:18","modified_gmt":"2026-06-19T04:30:18","slug":"carlos-alcaraz-a-un-paso-de-volver-la-revision-medica-que-marcara-su-regreso","status":"publish","type":"post","link":"https:\/\/www.europesays.com\/es\/614415\/","title":{"rendered":"Carlos Alcaraz, a un paso de volver: la revisi\u00f3n m\u00e9dica que marcar\u00e1 su regreso"},"content":{"rendered":"<p style=\"\">Siguen pasando los d\u00edas y el circuito ten\u00edstico contin\u00faa echando de menos a <a href=\"https:\/\/www.laverdad.es\/carlos-alcaraz\/\" data-voc-vtm-id=\"in-text-traffic\" title=\"Carlos Alcaraz\" data-mrf-link=\"www.laverdad.es\" rel=\"nofollow noopener\" target=\"_blank\">Carlos Alcaraz<\/a>, que con los a\u00f1os ha dejado de ser un  &#8230; simple jugador a convertirse en un fen\u00f3meno social cuya <a href=\"https:\/\/www.laverdad.es\/carlos-alcaraz\/mayo-extrano-carlos-alcaraz-vacaciones-amigos-entrenamientos-20260602193904-nt.html\" data-voc-vtm-id=\"in-text-traffic\" title=\"ausencia\" data-mrf-link=\"www.laverdad.es\" rel=\"nofollow noopener\" target=\"_blank\">ausencia<\/a> castiga al mundo de la raqueta y la afici\u00f3n. Pero este delicado momento en la carrera del murciano est\u00e1 cerca de llegar a su fin. El n\u00famero dos del mundo ya cuenta los d\u00edas para regresar a la competici\u00f3n, para la que a\u00fan quedan varias semanas. Pero no falta tanto para volver a entrenar al 100%.<\/p>\n<p class=\"v-d-p\" style=\"\">El murciano pasa en las pr\u00f3ximas horas una revisi\u00f3n m\u00e9dica con el doctor \u00c1ngel Ruiz-Cotorro, el que fuera m\u00e9dico de Rafa Nadal y de la Real Federaci\u00f3n Espa\u00f1ola de Tenis, y todo parece indicar que su lesi\u00f3n en la mu\u00f1eca derecha puede pasar pronto a la historia. Una resonancia y un pen\u00faltimo examen exhaustivo en la zona y, concretamente, en el fibrocart\u00edlago son los \u00faltimos obst\u00e1culos a sortear por Carlitos, que aunque ya <a href=\"https:\/\/www.laverdad.es\/carlos-alcaraz\/alcaraz-entrena-munequera-crece-optimismo-entorno-quiere-20260612142628-nt.html\" data-voc-vtm-id=\"in-text-traffic\" title=\"ha vuelto a coger la raqueta\" data-mrf-link=\"www.laverdad.es\" rel=\"nofollow noopener\" target=\"_blank\">ha vuelto a coger la raqueta<\/a> y ha sudado de lo lindo en su academia de El Palmar, a\u00fan no ha podido golpear de derechas ni ejercitarse al 100%.<\/p>\n<p class=\"v-d-p\" style=\"\">Eso es justo lo que desea, desde hace demasiado, el pupilo de Samuel L\u00f3pez. Que los m\u00e9dicos le confirmen que ya puede engrasar su derecha, golpear con mayor potencia y mover con total libertad la mu\u00f1eca derecha. El tenista de El Palmar ha dejado atr\u00e1s la aparatosa f\u00e9rula con la que apareci\u00f3 hace varias semanas y se ha dejado ver con una mu\u00f1equera que le protege y fortalece la zona. Sigue dando pasos para su regreso, pero a\u00fan le falta el definitivo, que llegar\u00e1 este fin de semana.<\/p>\n<p>\nEl f\u00edsico, a punto\n<\/p>\n<p class=\"v-d-p\" style=\"\">A la espera del &#8216;Ok&#8217; m\u00e9dico, el murciano lleva semanas preparando su cuerpo para la acci\u00f3n. Carrera continua por Murcia con Alberto Lled\u00f3, su preparador f\u00edsico y la sombra del n\u00famero dos del mundo estos \u00faltimos d\u00edas. M\u00e1s kil\u00f3metros para sus piernas junto a Fran Rubio, uno de sus fisioterapeutas y amigo personal, sobre una pista de atletismo en la que Alcaraz acab\u00f3 fundido, tal y como mostr\u00f3 \u00e9l en sus redes sociales. Y esto unido a partidillos con amigos, su hermano \u00c1lvaro y su entrenador, Samuel L\u00f3pez, en los que exhibi\u00f3 que su dejada no se oxida, aunque sea con la izquierda. Todo ello son peque\u00f1os o grandes pasos que ha ido dando el campe\u00f3n del Open de Australia 2026 en las \u00faltimas semanas.<\/p>\n<p class=\"v-d-p\" style=\"\">Exprimirse f\u00edsicamente no le ha privado de disfrutar de ese tiempo libre que no le gustar\u00eda tener justo cuando est\u00e1 cerca de comenzar el torneo de Wimbledon, ese que ha conquistado dos veces. Alcaraz se dej\u00f3 ver en La Casita de Bad Bunny en Madrid, ha cogido el avi\u00f3n pero para irse de vacaciones con los suyos y ha recuperado parte del tiempo perdido con su familia. Ahora est\u00e1 muy cerca de volver a hacer lo que m\u00e1s le gusta: jugar al tenis y dar espect\u00e1culo. El objetivo no es otro que la gira norteamericana sobre cemento. Y en el punto de mira solo existe una fecha: agosto.<\/p>\n","protected":false},"excerpt":{"rendered":"Siguen pasando los d\u00edas y el circuito ten\u00edstico contin\u00faa echando de menos a Carlos Alcaraz, que con los&hellip;\n","protected":false},"author":2,"featured_media":614416,"comment_status":"","ping_status":"","sticky":false,"template":"","format":"standard","meta":{"footnotes":""},"categories":[274],"tags":[4736,415,168,25,24,22731,11119,4191,2596,20902,23,167,327,326,865],"class_list":["post-614415","post","type-post","status-publish","format-standard","has-post-thumbnail","category-tenis","tag-alcaraz","tag-carlos","tag-deportes","tag-es","tag-espana","tag-marcara","tag-medica","tag-paso","tag-regreso","tag-revision","tag-spain","tag-sports","tag-tenis","tag-tennis","tag-volver"],"share_on_mastodon":{"url":"https:\/\/pubeurope.com\/@es\/116774897367197686","error":""},"_links":{"self":[{"href":"https:\/\/www.europesays.com\/es\/wp-json\/wp\/v2\/posts\/614415","targetHints":{"allow":["GET"]}}],"collection":[{"href":"https:\/\/www.europesays.com\/es\/wp-json\/wp\/v2\/posts"}],"about":[{"href":"https:\/\/www.europesays.com\/es\/wp-json\/wp\/v2\/types\/post"}],"author":[{"embeddable":true,"href":"https:\/\/www.europesays.com\/es\/wp-json\/wp\/v2\/users\/2"}],"replies":[{"embeddable":true,"href":"https:\/\/www.europesays.com\/es\/wp-json\/wp\/v2\/comments?post=614415"}],"version-history":[{"count":0,"href":"https:\/\/www.europesays.com\/es\/wp-json\/wp\/v2\/posts\/614415\/revisions"}],"wp:featuredmedia":[{"embeddable":true,"href":"https:\/\/www.europesays.com\/es\/wp-json\/wp\/v2\/media\/614416"}],"wp:attachment":[{"href":"https:\/\/www.europesays.com\/es\/wp-json\/wp\/v2\/media?parent=614415"}],"wp:term":[{"taxonomy":"category","embeddable":true,"href":"https:\/\/www.europesays.com\/es\/wp-json\/wp\/v2\/categories?post=614415"},{"taxonomy":"post_tag","embeddable":true,"href":"https:\/\/www.europesays.com\/es\/wp-json\/wp\/v2\/tags?post=614415"}],"curies":[{"name":"wp","href":"https:\/\/api.w.org\/{rel}","templated":true}]}}