{"id":614571,"date":"2026-06-19T06:59:16","date_gmt":"2026-06-19T06:59:16","guid":{"rendered":"https:\/\/www.europesays.com\/es\/614571\/"},"modified":"2026-06-19T06:59:16","modified_gmt":"2026-06-19T06:59:16","slug":"nico-williams-declara-su-amor-eterno-al-athletic-en-pleno-mundial","status":"publish","type":"post","link":"https:\/\/www.europesays.com\/es\/614571\/","title":{"rendered":"Nico Williams declara su amor eterno al Athletic en pleno Mundial"},"content":{"rendered":"<p style=\"\">Hace casi un a\u00f1o, Nico Williams renovaba su contrato con el Athletic por ocho temporadas m\u00e1s, hasta el 30 de junio de 2035, y aumentaba  &#8230; su asequible cl\u00e1usula de rescisi\u00f3n -entonces de 58 millones de euros- a una cantidad aproximada de 90 millones. Despu\u00e9s de una temporada irregular y marcada por las lesiones, a Nico no se le pasa otra cosa por la cabeza que no sea triunfar de rojiblanco. As\u00ed lo ha manifestado esta madrugada en una entrevista radif\u00f3nica desde la concentraci\u00f3n de la selecci\u00f3n espa\u00f1ola en Estados Unidos. \u00abSi fuese por m\u00ed, firmo estar ah\u00ed toda la vida\u00bb, afirma.<\/p>\n<p class=\"v-d-p\" style=\"\">La declaraci\u00f3n de amor eterno al Athletic ha sido total. Cuando Manu Carre\u00f1o le ha preguntado por el Bar\u00e7a y un posible pago de la cl\u00e1usula, a Nico le ha entrado la risa. \u00abBuff&#8230; no&#8230;\u00bb, ha dicho de primeras. \u00abAhora estoy muy a gusto\u00bb. Esta frase la ha repetido hasta en cuatro ocasiones. \u00abLo primero que quiero hacer es devolver el cari\u00f1o que me han dado este a\u00f1o\u00bb, asegura.<\/p>\n<p class=\"v-d-p\" style=\"\">Nico tiene en mente \u00abdisfrutar al m\u00e1ximo\u00bb en el Athletic y \u00abpoder cumplir mi contrato entero\u00bb. Aunque conoce los entresijos del mundo del f\u00fatbol y entiende que puede ocurrir algo ajeno a sus intereses que le obligue a hacer las maletas. Lo explica con un ejemplo: \u00abImag\u00ednate que el presidente me dice &#8216;no Nico, que quiero venderte&#8217;. Si el club quiere deshacerse de m\u00ed por X o por A, pues tocar\u00e1 marcharse y ya est\u00e1. Pero si fuese por m\u00ed, firmo estar ah\u00ed toda la vida\u00bb.<\/p>\n<p class=\"v-d-p\" style=\"\">Entonces le recordaron que tiene contrato en vigor hasta 2035 y Nico volvi\u00f3 a insistir en que \u00aben el f\u00fatbol puede pasar cualquier cosa\u00bb, pero \u00ablo que me gustar\u00eda a m\u00ed es eso (permanecer en el Athletic toda su carrera)\u00bb.<\/p>\n","protected":false},"excerpt":{"rendered":"Hace casi un a\u00f1o, Nico Williams renovaba su contrato con el Athletic por ocho temporadas m\u00e1s, hasta el&hellip;\n","protected":false},"author":2,"featured_media":614572,"comment_status":"","ping_status":"","sticky":false,"template":"","format":"standard","meta":{"footnotes":""},"categories":[268],"tags":[371,1733,2182,2797,168,25,24,1141,26826,114753,280,282,1070,1446,2464,281,23,167,2606,308],"class_list":["post-614571","post","type-post","status-publish","format-standard","has-post-thumbnail","category-futbol","tag-ahi","tag-amor","tag-athletic","tag-declara","tag-deportes","tag-es","tag-espana","tag-estar","tag-eterno","tag-firmo","tag-football","tag-futbol","tag-mundial","tag-nico","tag-pleno","tag-soccer","tag-spain","tag-sports","tag-vida","tag-williams"],"share_on_mastodon":{"url":"https:\/\/pubeurope.com\/@es\/116775483398208745","error":""},"_links":{"self":[{"href":"https:\/\/www.europesays.com\/es\/wp-json\/wp\/v2\/posts\/614571","targetHints":{"allow":["GET"]}}],"collection":[{"href":"https:\/\/www.europesays.com\/es\/wp-json\/wp\/v2\/posts"}],"about":[{"href":"https:\/\/www.europesays.com\/es\/wp-json\/wp\/v2\/types\/post"}],"author":[{"embeddable":true,"href":"https:\/\/www.europesays.com\/es\/wp-json\/wp\/v2\/users\/2"}],"replies":[{"embeddable":true,"href":"https:\/\/www.europesays.com\/es\/wp-json\/wp\/v2\/comments?post=614571"}],"version-history":[{"count":0,"href":"https:\/\/www.europesays.com\/es\/wp-json\/wp\/v2\/posts\/614571\/revisions"}],"wp:featuredmedia":[{"embeddable":true,"href":"https:\/\/www.europesays.com\/es\/wp-json\/wp\/v2\/media\/614572"}],"wp:attachment":[{"href":"https:\/\/www.europesays.com\/es\/wp-json\/wp\/v2\/media?parent=614571"}],"wp:term":[{"taxonomy":"category","embeddable":true,"href":"https:\/\/www.europesays.com\/es\/wp-json\/wp\/v2\/categories?post=614571"},{"taxonomy":"post_tag","embeddable":true,"href":"https:\/\/www.europesays.com\/es\/wp-json\/wp\/v2\/tags?post=614571"}],"curies":[{"name":"wp","href":"https:\/\/api.w.org\/{rel}","templated":true}]}}