{"id":614811,"date":"2026-06-19T09:59:16","date_gmt":"2026-06-19T09:59:16","guid":{"rendered":"https:\/\/www.europesays.com\/es\/614811\/"},"modified":"2026-06-19T09:59:16","modified_gmt":"2026-06-19T09:59:16","slug":"una-experta-en-protocolo-sentencia-lo-que-ha-hecho-trump-con-los-deditos-al-firmar-el-acuerdo","status":"publish","type":"post","link":"https:\/\/www.europesays.com\/es\/614811\/","title":{"rendered":"Una experta en protocolo sentencia lo que ha hecho &#8216;Trump con los deditos al firmar el acuerdo&#8217;"},"content":{"rendered":"<p>Es lo m\u00e1s comentado a uno y otro lado del charco. No, no es una referencia al oc\u00e9ano Atl\u00e1ntico, sino al aut\u00e9ntico maremoto de cr\u00edticas que est\u00e1 cosechando el presidente estadounidense Donald Trump al trascender el<a href=\"https:\/\/www.huffingtonpost.es\/global\/cinco-dias-dan-angustia-todas-incognitas-acuerdo-eeuuiran-mundo-ansia-f202606.html\" rel=\"nofollow noopener\" target=\"_blank\"> acuerdo suscrito con las autoridades iran\u00edes<\/a> para poner fin a la guerra que iniciaron unilateralmente EEUU e Israel \u2014actor que convenci\u00f3 y <a href=\"https:\/\/www.huffingtonpost.es\/global\/el-tormento-paz-netanyahu-rendicion-confrontacion-gloria-f202606.html\" rel=\"nofollow noopener\" target=\"_blank\">arrastr\u00f3 a la Casa Blanca a una guerra total<\/a> que ten\u00eda como objetivo hacer caer a los ayatol\u00e1s\u2014.\u00a0<\/p>\n<p>Todo el mundo se hace la misma pregunta, <a href=\"https:\/\/www.huffingtonpost.es\/global\/acuerdomarco-eeuu-ean-si-diferencias-obama-f202606.html\" rel=\"nofollow noopener\" target=\"_blank\">\u00bfcu\u00e1l es realmente la diferencia entre lo cerrado esta madrugada y el pacto realizado por la Administraci\u00f3n Obama<\/a>, el mismo que Trump ya rompi\u00f3 durante su primer mandato? Lo cierto es que los puntos de m\u00e1ximos son muy parecidos, pero hace ocho a\u00f1os no se cre\u00f3 un fondo de 300.000 millones para que Ir\u00e1n reconstruya lo destruido por EEUU-Israel durante la Operaci\u00f3n Furia \u00c9pica.\u00a0<\/p>\n<p>En ese marco, se ha registrado una escena muy significativa durante la r\u00fabrica del acuerdo que ya ha sido sometida a la lupa del an\u00e1lisis protocolario y del lenguaje no verbal. En este nueva &#8216;suerte de tratado de Versalles posmoderno&#8217; \u2014de nuevo con advertencias acerca de <a href=\"https:\/\/www.huffingtonpost.es\/global\/ha-logrado-trump-objetivos-guerraan-f202606.html\" rel=\"nofollow noopener\" target=\"_blank\">potencias humilladas<\/a>, pero sin Alemania en la ecuaci\u00f3n\u2014 una experta en la materia ha analizado uno de esos momentos que definen y caracterizan a Trump, concretamente acerca de lo que ha hecho \u00abcon los deditos al firmar el acuerdo con Ir\u00e1n\u00bb.<\/p>\n<p>La experta dicta sentencia sobre Trump y Macron: \u00ab\u00a1Es de manual!\u00bb<\/p>\n<p>En este sentido, Patrycia Centeno ha dejado un an\u00e1lisis a trav\u00e9s de su cuenta en X (<a href=\"https:\/\/x.com\/PoliticayModa\/status\/2067470959288738060\" target=\"_blank\" rel=\"nofollow\">@PoliticayModa<\/a>), en la que ha puesto el foco en la primera reacci\u00f3n de Trump tras firmar el documento marco. \u00abEl petr\u00f3leo baja, las acciones suben\u00bb, ha presumido, acompa\u00f1ando la afirmaci\u00f3n con los gestos de hacia arriba y hacia abajo con los dedos de la mano.\u00a0<\/p>\n<p>\u00abSu personalidad enferma, lo aleja de la realidad\u00bb<\/p>\n<p>As\u00ed, Centeno contin\u00faa desgranando lo que ocurre a continuaci\u00f3n, en referencia al resto de los asistentes a la r\u00fabrica, con protagonistas como el mandatario galo, Emmanuel Macron. \u00abY cuando le aplauden y felicitan (por no conseguir NADA)\u00bb, recuerda la experta, lo que Trump deja es una \u00abmirada de orgullo del ni\u00f1o consentido\u00bb. En esa l\u00ednea, sentencia que \u00absu personalidad enferma (lo aleja de la realidad)\u00bb, algo que considera que \u00ab\u00a1es de manual!\u00bb.<\/p>\n","protected":false},"excerpt":{"rendered":"Es lo m\u00e1s comentado a uno y otro lado del charco. No, no es una referencia al oc\u00e9ano&hellip;\n","protected":false},"author":2,"featured_media":614812,"comment_status":"","ping_status":"","sticky":false,"template":"","format":"standard","meta":{"footnotes":""},"categories":[42],"tags":[89903,1895,17,18,352,13,14,11,61,62,63,64,3137,74,19,20,9,10,15,16,5403,1195,28545,12,21,22,65,66,67],"class_list":["post-614811","post","type-post","status-publish","format-standard","has-post-thumbnail","category-internacional","tag-ataque-contra-iran","tag-barack-obama","tag-breaking-news","tag-breakingnews","tag-donald-trump","tag-featured-news","tag-featurednews","tag-headlines","tag-internacional","tag-international","tag-international-news","tag-internationalnews","tag-iran","tag-israel","tag-latest-news","tag-latestnews","tag-news","tag-noticias","tag-noticias-destacadas","tag-noticiasdestacadas","tag-oriente-medio","tag-petroleo","tag-protocolo","tag-titulares","tag-ultimas-noticias","tag-ultimasnoticias","tag-world","tag-world-news","tag-worldnews"],"share_on_mastodon":{"url":"","error":"Validation failed: Text character limit of 500 exceeded"},"_links":{"self":[{"href":"https:\/\/www.europesays.com\/es\/wp-json\/wp\/v2\/posts\/614811","targetHints":{"allow":["GET"]}}],"collection":[{"href":"https:\/\/www.europesays.com\/es\/wp-json\/wp\/v2\/posts"}],"about":[{"href":"https:\/\/www.europesays.com\/es\/wp-json\/wp\/v2\/types\/post"}],"author":[{"embeddable":true,"href":"https:\/\/www.europesays.com\/es\/wp-json\/wp\/v2\/users\/2"}],"replies":[{"embeddable":true,"href":"https:\/\/www.europesays.com\/es\/wp-json\/wp\/v2\/comments?post=614811"}],"version-history":[{"count":0,"href":"https:\/\/www.europesays.com\/es\/wp-json\/wp\/v2\/posts\/614811\/revisions"}],"wp:featuredmedia":[{"embeddable":true,"href":"https:\/\/www.europesays.com\/es\/wp-json\/wp\/v2\/media\/614812"}],"wp:attachment":[{"href":"https:\/\/www.europesays.com\/es\/wp-json\/wp\/v2\/media?parent=614811"}],"wp:term":[{"taxonomy":"category","embeddable":true,"href":"https:\/\/www.europesays.com\/es\/wp-json\/wp\/v2\/categories?post=614811"},{"taxonomy":"post_tag","embeddable":true,"href":"https:\/\/www.europesays.com\/es\/wp-json\/wp\/v2\/tags?post=614811"}],"curies":[{"name":"wp","href":"https:\/\/api.w.org\/{rel}","templated":true}]}}