{"id":61514,"date":"2025-08-21T02:25:10","date_gmt":"2025-08-21T02:25:10","guid":{"rendered":"https:\/\/www.europesays.com\/es\/61514\/"},"modified":"2025-08-21T02:25:10","modified_gmt":"2025-08-21T02:25:10","slug":"mario-aparicio-ciclista-del-burgos-burpellet-correr-una-gran-vuelta-es-un-sueno","status":"publish","type":"post","link":"https:\/\/www.europesays.com\/es\/61514\/","title":{"rendered":"Mario Aparicio, ciclista del Burgos Burpellet: \u00abCorrer una gran vuelta es un sue\u00f1o\u00bb"},"content":{"rendered":"<p>Natural de Aranda de Duero, el joven ciclista Mario Aparicio ha cuajado una notable actuaci\u00f3n en la Vuelta a Burgos 2025, siendo decimosegundo en la general. A sus 25 a\u00f1os, atraviesa un gran momento de forma, lo que le puede valer una llamada de su equipo, el Burgos Burpellet BH, para disputar la Vuelta aEspa\u00f1a a partir del 23 de agosto, lo que significar\u00eda su debut en una gran vuelta.<\/p>\n<p><strong>\u00bfQu\u00e9 balance hace de la Vuelta a Burgos?<\/strong><\/p>\n<p>Estoy muy contento. Vuelta, corredor y equipo de la casa, siempre intentas hacerlo lo mejor posible. Sientes una ilusi\u00f3n muy diferente a otras carreras. Ven\u00eda con dudas, pero creo que me ha salido una gran carrera.<\/p>\n<p><strong>\u00bfEn alg\u00fan momento de la prueba ha sentido presi\u00f3n por ser corredor local?<\/strong><\/p>\n<p>Entre cari\u00f1o y presi\u00f3n. La gente apoya mucho, sobre todo en las Lagunas (de Neila) o en Burgos ciudad, porque animan a los corredores de aqu\u00ed. La presi\u00f3n es m\u00e1s de uno mismo y de querer hacerlo bien ante tu gente.<\/p>\n<p>Atraviesa un gran momento de forma, \u00bfqu\u00e9 siente ante la posibilidad de debutar en la Vuelta a Espa\u00f1a?<\/p>\n<p>Siempre es un gran reto. Ser\u00eda mi primera granvuelta. Sientes nerviosismo o miedo sobre c\u00f3mo afrontarla, pero con muchas ganas. Correr una grande es un sue\u00f1o siendo ciclista y para m\u00ed ser\u00eda algo muy bonito.<\/p>\n<p><strong>\u00bfQu\u00e9 objetivos se marca para el desaf\u00edo de correr &#8216;La Vuelta&#8217;?<\/strong><\/p>\n<p>Cuento con un buen estado de forma. Lo ideal ser\u00eda marcar varias etapas e intentar ser lo m\u00e1s combativo posible en la fuga. Ser\u00e1 lo que nos pida el equipo m\u00e1s all\u00e1 de hacer una buena clasificaci\u00f3n general. Mi oportunidad puede estar en las escapadas de las etapas de monta\u00f1a.<\/p>\n<p><strong>\u00bfEst\u00e1 siendo 2025 su mejor a\u00f1o como profesional?<\/strong><\/p>\n<p>Es cierto que he tenido resultados m\u00e1s destacados que en 2024, que fue tambi\u00e9n un gran a\u00f1o ganando dos generales de monta\u00f1a y dos carreras. Aun as\u00ed, este a\u00f1o es un paso diferente, no tan visible, pero con mejores resultados y carreras. Creo que s\u00ed podr\u00eda ser mi mejor a\u00f1o en la categor\u00eda profesional.<\/p>\n<p><strong>Su trayectoria profesional se inici\u00f3 con el Burgos Burpellet BH, \u00bfc\u00f3mo ha sido su evoluci\u00f3n durante este per\u00edodo?<\/strong><\/p>\n<p>El equipo ha crecido mucho, principalmente invirtiendo en la mejora de nuestro rendimiento y buscando mejores carreras. Personalmente, creo que mi progresi\u00f3n ha sido siempre ascendente.<\/p>\n<p><strong>Tiene contrato con su equipo hasta el 2026. \u00bfQu\u00e9 prop\u00f3sitos tiene?<\/strong><\/p>\n<p>Terminar este a\u00f1o bien y preparar el siguiente con metas m\u00e1s ambiciosas. Seguir mejorando, pelear por cotas m\u00e1s altas y buscar resultados m\u00e1s ambiciosos.\u00a0<\/p>\n","protected":false},"excerpt":{"rendered":"Natural de Aranda de Duero, el joven ciclista Mario Aparicio ha cuajado una notable actuaci\u00f3n en la Vuelta&hellip;\n","protected":false},"author":2,"featured_media":61515,"comment_status":"","ping_status":"","sticky":false,"template":"","format":"standard","meta":{"footnotes":""},"categories":[273],"tags":[3592,313,312,168,25,24,11164,23,167,3466,11162],"class_list":{"0":"post-61514","1":"post","2":"type-post","3":"status-publish","4":"format-standard","5":"has-post-thumbnail","7":"category-ciclismo","8":"tag-aranda-de-duero","9":"tag-ciclismo","10":"tag-cycling","11":"tag-deportes","12":"tag-es","13":"tag-espana","14":"tag-lagunas-de-neila","15":"tag-spain","16":"tag-sports","17":"tag-sueno","18":"tag-vuelta-ciclista-a-burgos"},"share_on_mastodon":{"url":"","error":""},"_links":{"self":[{"href":"https:\/\/www.europesays.com\/es\/wp-json\/wp\/v2\/posts\/61514","targetHints":{"allow":["GET"]}}],"collection":[{"href":"https:\/\/www.europesays.com\/es\/wp-json\/wp\/v2\/posts"}],"about":[{"href":"https:\/\/www.europesays.com\/es\/wp-json\/wp\/v2\/types\/post"}],"author":[{"embeddable":true,"href":"https:\/\/www.europesays.com\/es\/wp-json\/wp\/v2\/users\/2"}],"replies":[{"embeddable":true,"href":"https:\/\/www.europesays.com\/es\/wp-json\/wp\/v2\/comments?post=61514"}],"version-history":[{"count":0,"href":"https:\/\/www.europesays.com\/es\/wp-json\/wp\/v2\/posts\/61514\/revisions"}],"wp:featuredmedia":[{"embeddable":true,"href":"https:\/\/www.europesays.com\/es\/wp-json\/wp\/v2\/media\/61515"}],"wp:attachment":[{"href":"https:\/\/www.europesays.com\/es\/wp-json\/wp\/v2\/media?parent=61514"}],"wp:term":[{"taxonomy":"category","embeddable":true,"href":"https:\/\/www.europesays.com\/es\/wp-json\/wp\/v2\/categories?post=61514"},{"taxonomy":"post_tag","embeddable":true,"href":"https:\/\/www.europesays.com\/es\/wp-json\/wp\/v2\/tags?post=61514"}],"curies":[{"name":"wp","href":"https:\/\/api.w.org\/{rel}","templated":true}]}}