{"id":61522,"date":"2025-08-21T02:29:12","date_gmt":"2025-08-21T02:29:12","guid":{"rendered":"https:\/\/www.europesays.com\/es\/61522\/"},"modified":"2025-08-21T02:29:12","modified_gmt":"2025-08-21T02:29:12","slug":"debo-tener-un-angel-de-la-guarda-porque-me-salio-una-pelicula-estupenda-que-hice-bastante-bien-aprobe-el-examen-y-a-partir-de-ahi-nunca-me-ha-vuelto-a-pedir-que-me-examine","status":"publish","type":"post","link":"https:\/\/www.europesays.com\/es\/61522\/","title":{"rendered":"Debo tener un \u00e1ngel de la guarda porque me sali\u00f3 una pel\u00edcula estupenda que hice bastante bien, aprob\u00e9 el examen y a partir de ah\u00ed nunca me ha vuelto a pedir que me examine"},"content":{"rendered":"<p data-journey-content=\"true\" data-node-id=\"0\" class=\"body-dropcap css-16svq0q emevuu60\">Nacida en 1959 en Madrid como Victoria M\u00e9rida Rojas, la entrada de <strong data-node-id=\"0.1\">Victoria Abril<\/strong> en el mundo del espect\u00e1culo no fue menos precoz que audaz. A los 15 a\u00f1os ya brillaba en televisi\u00f3n, pero fue el cine quien captur\u00f3 su esencia. Su irrupci\u00f3n en la gran pantalla se produjo en los <a href=\"https:\/\/www.harpersbazaar.com\/es\/famosas\/el-estilo-de\/a64011478\/jane-fonda-peor-momento-anos-70-protesta\/\" target=\"_blank\" data-vars-ga-outbound-link=\"https:\/\/www.harpersbazaar.com\/es\/famosas\/el-estilo-de\/a64011478\/jane-fonda-peor-momento-anos-70-protesta\/\" data-vars-ga-ux-element=\"Hyperlink\" data-vars-ga-call-to-action=\"a\u00f1os 70\" data-node-id=\"0.3\" class=\"body-link css-156jt4g emevuu60\" rel=\"nofollow noopener\">a\u00f1os 70<\/a>, aunque ser\u00eda en la d\u00e9cada siguiente cuando se consolidar\u00eda como una fuerza imparable. <\/p>\n<p data-journey-content=\"true\" data-node-id=\"1\" class=\"css-i9p093 emevuu60\">\u00abVicente Aranda para m\u00ed casi casi es mi br\u00fajula, porque Vicente Aranda apost\u00f3 por m\u00ed siempre hace doce a\u00f1os cuando no era nada\u00bb, declar\u00f3 la actriz en el programa de televisi\u00f3n <a href=\"https:\/\/www.youtube.com\/watch?v=xRM38SwnlQE\" target=\"_blank\" rel=\"nofollow noopener\" data-vars-ga-outbound-link=\"https:\/\/www.youtube.com\/watch?v=xRM38SwnlQE\" data-vars-ga-ux-element=\"Hyperlink\" data-vars-ga-call-to-action=\"La Tarde\" data-node-id=\"1.1.0\" class=\"body-link css-156jt4g emevuu60\">La Tarde<\/a> en 1987 sobre quien le dirigi\u00f3 en cintas como por ejemplo Lute: camina o revienta, Asesinato en el Comit\u00e9 Central, Cambio de sexo o Amantes, la cual le vali\u00f3 el Oso de Plata a la Mejor Actriz en Berl\u00edn. <\/p>\n<p><img draggable=\"true\" alt=\"victoria abril and patxi andion in murder in the central commitee a shot of the movie directed by vicente aranda (photo by quim llenas\/cover\/getty images)\" title=\"Victoria Abril and Patxi Andion in 'Murder in the Central Commitee' A shot of the movie directed by Vicente Aranda\" loading=\"lazy\" width=\"3820\" height=\"2556\" decoding=\"async\" data-nimg=\"1\" style=\"color:transparent;width:100%;height:auto;\"   src=\"https:\/\/www.europesays.com\/es\/wp-content\/uploads\/2025\/08\/gettyimages-89454681-68958dde16c4c.jpeg\" class=\"css-0 e1g79fud0\"\/>Quim Llenas<\/p>\n<p>Victoria Abril y Patxi Andion en la pel\u00edcula Asesinato en el comit\u00e9 central.<\/p>\n<p data-journey-content=\"true\" data-node-id=\"3\" class=\"css-i9p093 emevuu60\">En Francia, pa\u00eds que la adopt\u00f3 con fervor, se convirti\u00f3 en una estrella de culto. Actu\u00f3 bajo la direcci\u00f3n de cineastas como Patrice Ch\u00e9reau o Bertrand Tavernier, y trabaj\u00f3 en proyectos que cruzaban lo comercial y lo vanguardista. \u00abMe fui por una raz\u00f3n muy clara, un par de ojos negros, y resulta que vino el trabajo. Un trabajo que yo buscaba y no buscaba porque tampoco me lo cre\u00eda, era llegar y besar el santo. Sobre todo porque me hab\u00eda costado tanto en Espa\u00f1a\u00bb, coment\u00f3 Victoria Abril en la mencionada entrevista realizada por Bibiana Fern\u00e1ndez. <\/p>\n<p data-journey-content=\"true\" data-node-id=\"5\" class=\"css-i9p093 emevuu60\">\u00ab<strong data-node-id=\"5.1\">Debo tener un \u00e1ngel de la guarda porque me sali\u00f3 una pel\u00edcula estupenda que hice bastante bien, aprob\u00e9 el examen y a partir de ah\u00ed nunca me ha vuelto a pedir que me examine<\/strong>\u00ab, explic\u00f3 sobre triunfo m\u00e1s all\u00e1 de nuestras fronteras, donde no ha tenido que demostrar su val\u00eda antes de cada proyecto. \u00abEs la \u00fanica diferencia que veo en cuanto a, en cuanto al cine de all\u00ed de aqu\u00ed, que aqu\u00ed hay que seguir examin\u00e1ndose cada a\u00f1o (&#8230;). All\u00ed cuando se ha aprobado el examen lo has aprobado y pasas y ya nadie pone en duda si lo has aprobado\u00bb, afirm\u00f3.<\/p>\n<p><img draggable=\"true\" alt=\"paris, france 09\/02\/1992: director pedro almodovar and actress victoria abril poses during a portrait session in paris, france on 09\/02\/1992. (photo by eric fougere\/corbis via getty images)\" title=\"Pedro Almodovar And Victoria Abril Portrait Session\" loading=\"lazy\" width=\"2048\" height=\"2711\" decoding=\"async\" data-nimg=\"1\" style=\"color:transparent;width:100%;height:auto;\"   src=\"https:\/\/www.europesays.com\/es\/wp-content\/uploads\/2025\/08\/gettyimages-902727062-689590d4d3518.jpeg\" class=\"css-0 e1g79fud0\"\/>Eric Fougere &#8211; Corbis<\/p>\n<p>Victoria Abril junto a Pedro Almod\u00f3var en 1990.<\/p>\n<p data-journey-content=\"true\" data-node-id=\"7\" class=\"css-i9p093 emevuu60\">Ya en la d\u00e9cada de los 90 fue <strong data-node-id=\"7.1\"><a href=\"https:\/\/www.harpersbazaar.com\/es\/famosas\/el-estilo-de\/a65113147\/penelope-cruz-primer-encuentro-pedro-almodovar-anos-90-pelicula-poder-hacer-padres-dejarian\/\" target=\"_blank\" data-vars-ga-outbound-link=\"https:\/\/www.harpersbazaar.com\/es\/famosas\/el-estilo-de\/a65113147\/penelope-cruz-primer-encuentro-pedro-almodovar-anos-90-pelicula-poder-hacer-padres-dejarian\/\" data-vars-ga-ux-element=\"Hyperlink\" data-vars-ga-call-to-action=\"Pedro Almod\u00f3var\" data-node-id=\"7.1.0\" class=\"body-link css-156jt4g emevuu60\" rel=\"nofollow noopener\">Pedro Almod\u00f3var<\/a><\/strong> quien se encarg\u00f3 de sellar internacionalmente el mito de Victoria Abril gracias a \u00a1\u00c1tame!, donde interpret\u00f3 a la hero\u00edna de un cuento retorcido de amor y secuestro, junto a <a href=\"https:\/\/www.harpersbazaar.com\/es\/famosas\/el-estilo-de\/a65155427\/pedro-almodovar-sobre-los-comienzos-de-antonio-banderas-en-el-cine-nadie-representaba-en-los-anos-80-el-deseo-como-el\/\" target=\"_blank\" data-vars-ga-outbound-link=\"https:\/\/www.harpersbazaar.com\/es\/famosas\/el-estilo-de\/a65155427\/pedro-almodovar-sobre-los-comienzos-de-antonio-banderas-en-el-cine-nadie-representaba-en-los-anos-80-el-deseo-como-el\/\" data-vars-ga-ux-element=\"Hyperlink\" data-vars-ga-call-to-action=\"Antonio Banderas\" data-node-id=\"7.5\" class=\"body-link css-156jt4g emevuu60\" rel=\"nofollow noopener\">Antonio Banderas<\/a>; y Tacones lejanos, la historia de una hija eclipsada por la figura materna en la que coincidi\u00f3 con Marisa Paredes, Miguel Bos\u00e9 y <a href=\"https:\/\/www.harpersbazaar.com\/es\/famosas\/el-estilo-de\/a65434369\/javier-bardem-pelicula-penelope-cruz-ultimo-dia-rodaje-tomamos-copa\/\" target=\"_blank\" data-vars-ga-outbound-link=\"https:\/\/www.harpersbazaar.com\/es\/famosas\/el-estilo-de\/a65434369\/javier-bardem-pelicula-penelope-cruz-ultimo-dia-rodaje-tomamos-copa\/\" data-vars-ga-ux-element=\"Hyperlink\" data-vars-ga-call-to-action=\"Javier Bardem\" data-node-id=\"7.9\" class=\"body-link css-156jt4g emevuu60\" rel=\"nofollow noopener\">Javier Bardem<\/a>. <\/p>\n<p data-journey-content=\"true\" data-node-id=\"8\" class=\"css-i9p093 emevuu60\">Carlos Saura, Eduardo Campoy, Manuel G\u00f3mez Pereira y Agust\u00edn D\u00edaz Yanes son otros de los cineastas espa\u00f1oles con los que Victoria Abril ha trabajado a lo largo de los a\u00f1os. A las \u00f3rdenes de este \u00faltimo se puso en 1995 en Nadie hablar\u00e1 de nosotras cuando hayamos muerto, papel por el que gan\u00f3 <strong data-node-id=\"8.3\">su hasta ahora \u00fanico Premio Goya<\/strong> aunque ha sido nominada en nueve ocasiones, seis de ellas consecutivas.  <\/p>\n<p>Contenidos relacionados<\/p>\n","protected":false},"excerpt":{"rendered":"Nacida en 1959 en Madrid como Victoria M\u00e9rida Rojas, la entrada de Victoria Abril en el mundo del&hellip;\n","protected":false},"author":2,"featured_media":61523,"comment_status":"","ping_status":"","sticky":false,"template":"","format":"standard","meta":{"footnotes":""},"categories":[174],"tags":[255,253,146,147,25,24,256,23],"class_list":{"0":"post-61522","1":"post","2":"type-post","3":"status-publish","4":"format-standard","5":"has-post-thumbnail","7":"category-famosos","8":"tag-celebrities","9":"tag-discover","10":"tag-entertainment","11":"tag-entretenimiento","12":"tag-es","13":"tag-espana","14":"tag-famosos","15":"tag-spain"},"share_on_mastodon":{"url":"","error":""},"_links":{"self":[{"href":"https:\/\/www.europesays.com\/es\/wp-json\/wp\/v2\/posts\/61522","targetHints":{"allow":["GET"]}}],"collection":[{"href":"https:\/\/www.europesays.com\/es\/wp-json\/wp\/v2\/posts"}],"about":[{"href":"https:\/\/www.europesays.com\/es\/wp-json\/wp\/v2\/types\/post"}],"author":[{"embeddable":true,"href":"https:\/\/www.europesays.com\/es\/wp-json\/wp\/v2\/users\/2"}],"replies":[{"embeddable":true,"href":"https:\/\/www.europesays.com\/es\/wp-json\/wp\/v2\/comments?post=61522"}],"version-history":[{"count":0,"href":"https:\/\/www.europesays.com\/es\/wp-json\/wp\/v2\/posts\/61522\/revisions"}],"wp:featuredmedia":[{"embeddable":true,"href":"https:\/\/www.europesays.com\/es\/wp-json\/wp\/v2\/media\/61523"}],"wp:attachment":[{"href":"https:\/\/www.europesays.com\/es\/wp-json\/wp\/v2\/media?parent=61522"}],"wp:term":[{"taxonomy":"category","embeddable":true,"href":"https:\/\/www.europesays.com\/es\/wp-json\/wp\/v2\/categories?post=61522"},{"taxonomy":"post_tag","embeddable":true,"href":"https:\/\/www.europesays.com\/es\/wp-json\/wp\/v2\/tags?post=61522"}],"curies":[{"name":"wp","href":"https:\/\/api.w.org\/{rel}","templated":true}]}}