{"id":61524,"date":"2025-08-21T02:31:07","date_gmt":"2025-08-21T02:31:07","guid":{"rendered":"https:\/\/www.europesays.com\/es\/61524\/"},"modified":"2025-08-21T02:31:07","modified_gmt":"2025-08-21T02:31:07","slug":"la-pasion-lectora-nos-hace-seguir-adelante-el-foro-internacional-del-libro-y-la-lectura-de-la-fundacion-mempo-giardinelli","status":"publish","type":"post","link":"https:\/\/www.europesays.com\/es\/61524\/","title":{"rendered":"\u00abLa pasi\u00f3n lectora nos hace seguir adelante\u00bb | El Foro Internacional del Libro y la Lectura, de la\u00a0Fundaci\u00f3n Mempo Giardinelli"},"content":{"rendered":"<p><b>\u00abLo hacemos con mucho amor y porque no podemos evitarlo\u00bb<\/b>. Desde Resistencia, Chaco, las palabras de <b>Mempo Giardinelli<\/b>, la figura detr\u00e1s de todo lo que viene pasando desde hace ya treinta a\u00f1os -y ahora volver\u00e1 a ocurrir durante dos intensos d\u00edas, hoy y ma\u00f1ana- se disparan en m\u00faltiples direcciones. Giardinelli habla de lo dif\u00edcil que fue este a\u00f1o lograr esta \u00abpatriada\u00bb, de las figuras centrales de las letras locales e internacionales convocadas, de la otra \u00abpatriada\u00bb, la de los docentes, bibliotecarios y mediadores de lectura que llegan desde \u00abel interior profundo\u00bb del Chaco y desde otras provincias, \u00e1vidos de escuchar, formarse y compartir. Contra fuertes vientos y mareas, el <b>30\u00b0 Foro Internacional por el Fomento del Libro y la Lectura<\/b>, organizado por la Fundaci\u00f3n Mempo Giardineli, ser\u00e1 una realidad en la capital chaque\u00f1a. Volver\u00e1 a provocar su efecto multiplicador, ahora en la especial ocasi\u00f3n de un n\u00famero redondo, sus tres d\u00e9cadas de realizaci\u00f3n ininterrumpida.\u00a0<\/p>\n<p>Mar\u00eda Teresa Andruetto a cargo de la conferencia de apertura,\u00a0Isol,\u00a0Camila Fabbri, Eduardo Sacheri, Graciela Bialet, Emilce Moler, Mar\u00eda Fernanda Maquieira, Andr\u00e9s Sobico, el peruano\u00a0Jorge Eslava, el venezolano\u00a0Fanuel Han\u00e1n D\u00edaz, son solo algunos de los escritores, editores, investigadores, ilustradores y autores integrales que participan. Lo que digan y compartan y debatan en el Auditorio de la Casa de las Culturas ser\u00e1 solo una de las patas de este evento, que se completa con otras de de singular importancia: la oportunidad de que todos estos invitados visiten escuelas y bibliotecas, ante auditorios de ni\u00f1os, ni\u00f1as y j\u00f3venes que vienen leyendo especialmente sus obras, y los talleres que dar\u00e1n para docentes y mediadores. Ambas espacios pensados para impulsar ese efecto multiplicador del que, en todos estos a\u00f1os, hay conmovedoras pruebas y an\u00e9cdotas.\u00a0<\/p>\n<p>Cumplea\u00f1os redondo<\/p>\n<p>\u00abEl a\u00f1o 30 es simb\u00f3lico y nos toca en un pa\u00eds tan quebrantado, en una sociedad como la chaque\u00f1a que la est\u00e1 pasando muy mal.\u00a0Los docentes chaque\u00f1os son h\u00e9roes, los esfuerzos que hacen para venir son conmovedores. Gente que viene del interior profundo del Chaco, que junta el mango, se las rebusca, se junta con otros para abaratar transporte, alojamiento. Es emocionante y no puedo si no agradecer a un pueblo que quiere leer y ejercer su libertad de hacerlo\u00bb, es lo primero que destaca Giardinelli.\u00a0<\/p>\n<p>\u00abYo que soy chaque\u00f1o de nacimiento, me siento emocionado con mi pueblo, con estos maestros y bibliotecarias que son heroicos. Todo esto es tambi\u00e9n el resultado de 30 a\u00f1os de trabajo, de una huella que se ha sembrado y que permanece\u00bb, sigue agradeciendo. Habla de lo que hubo que \u00abachicar\u00bb este a\u00f1o por los recursos m\u00e1s escasos (un d\u00eda menos, para que sea m\u00e1s accesible el alojamiento para la gente, un lugar m\u00e1s peque\u00f1o que el anterior pero nada desde\u00f1able, con su capacidad para casi 400 asistentes). Pero habla, sobre todo, de lo que significa poder seguir haciendo este foro: \u00abLa pasi\u00f3n lectora es lo que nos ayuda a levantarnos y nos hace seguir adelante. Y <b>hay mucho amor puesto en juego en todo esto<\/b>\u00ab, asegura.\u00a0<\/p>\n<p>Por una ciudadan\u00eda lectora<\/p>\n<p>La Fundaci\u00f3n Mempo Giardinelli naci\u00f3 en los 90, cuando el escritor decidi\u00f3 \u00abponer a trabajar\u00bb el dinero que gan\u00f3 en el premio R\u00f3mulo Gallegos: en su caso, lo invirti\u00f3 en dar a otros de leer, de m\u00faltiples maneras, de los cuales la realizaci\u00f3n sostenida de este foro es solo una. \u00ab<b>Ayudar a construir una ciudadan\u00eda lectora, que sepa<br \/>\nejercer y defender su derecho a la lectura<\/b>\u00bb es el objetivo detr\u00e1s de todo el trabajo acad\u00e9mico de su Instituto de Estudios Superiores, sus programas de padrinazgos de escuelas rurales y otros como el premiado \u00abAbuelas<br \/>\nCuentacuentos\u00bb, un voluntariado distinguido que obtuvo premios internacionales y fue replicado en muchas ciudades argentinas y de Latinoam\u00e9rica.<\/p>\n<p>En el caso del foro, en sus 30 a\u00f1os de vida convoc\u00f3 a <b>m\u00e1s de mil escritores<\/b>, editores, pedagogos,<br \/>\nilustradores, traductores, periodistas y bibliotec\u00f3logos de<br \/>\nuna veintena de pa\u00edses. La mayor\u00eda de ellos, adem\u00e1s de compartir ponencias y conferencias, visit\u00f3 escuelas, dict\u00f3 talleres, comparti\u00f3 su saber con los chaque\u00f1os, en muchos casos tej\u00f3 redes y v\u00ednculos duraderos a partir de lo que all\u00ed ocurri\u00f3.\u00a0<\/p>\n<p>\u00abAlgo que le da much\u00edsimo sentido al foro son esos encuentros de los autores con estudiantes de todas las edades en escuelas y bibliotecas de la ciudad\u00bb, destaca <b>Natalia Porta L\u00f3pez<\/b>, escritora, editora, especialista y alma mater de todo lo que aqu\u00ed sucede. \u00abNo es que simplemente los escuchan, durante meses leen la obra de los autores para sostener con ellos conversaciones informadas. Esta llegada directa es una herramienta de fomento de lectura poderos\u00edsima\u00bb, califica.\u00a0<\/p>\n<p>Tambi\u00e9n se\u00f1ala a los talleres como generadores de \u00abun <b>efecto multiplicador<\/b> muy grande, porque lo que se aprende ah\u00ed, se aplica en las escuelas\u00bb. Y la \u00abestela de recomendaciones, de caminos lectores a seguir\u00bb que dejan tras de s\u00ed estos encuentros tan cercanos con los autores.\u00a0\u00a0<\/p>\n<p>Entre los invitados, Porta L\u00f3pez destaca por ejemplo al escritor y director de la Biblioteca Nacional de Paraguay,\u00a0Marco Augusto Ferreira, y al nuevo director del Libro, Lectura, Literatura y Bibliotecas de Brasil,\u00a0J\u00e9ferson dos Santos Assum\u00e7\u00e3o. \u00abTenemos que aprender de Brasil, de c\u00f3mo se recuperaron las pol\u00edticas p\u00fablicas de lectura, o mejor dicho, de c\u00f3mo se est\u00e1n organizando para recuperarlas, porque esas cosas no se recuperan de un d\u00eda para el otro. Y en Brasil se est\u00e1n dando todo un proceso participativo detr\u00e1s de una pol\u00edtica del libro\u00bb, observa la ex coordinadora del Plan Nacional de Lectura.\u00a0\u00a0<\/p>\n<p>Est\u00e1 orgullosa de una programaci\u00f3n que llev\u00f3 meses delinear. \u00abMe gusta poder mostrar en una mesa una cierta manera de entender la memoria. Vamos a hablar sobre lo que pasa en el aula con la lectura que cruza memoria y ficci\u00f3n, pero entendida no s\u00f3lo pensando en el momento de la dictadura, sino tambi\u00e9n la historia m\u00e1s reciente, con la presencia de Camila Fabbri, por ejemplo, que toma Croma\u00f1\u00f3n, de Andr\u00e9s S\u00f3bico con Malvinas, Francisco \u00abTet\u00e9\u00bb Romero con la masacre de Napalp\u00ed. Una forma muy integral de pensar la memoria en la que tenemos que iluminar algunos per\u00edodos que no son tenidos tan en cuenta. Creo que\u00a0<b>nos debemos contarles los 90<\/b> a nuestros estudiantes\u00bb, formula.\u00a0<\/p>\n<p>En Resistencia<\/p>\n<p>\u00abEl derecho a pensar\u00bb se llamar\u00e1 la conferencia magistral con la que, adelanta Mar\u00eda Teresa Andruetto -la\u00a0\u00fanica escritora argentina que gan\u00f3 el Premio Hans Christian Andersen, conocido como \u00abel peque\u00f1o Nobel\u00bb, el m\u00e1s importante de la literatura infantil y juvenil- participar\u00e1 por segunda vez en este foro.\u00a0<\/p>\n<p>\u00abMe siento muy honrada por esta invitaci\u00f3n del foro a pensar en el momento actual, de ah\u00ed el t\u00edtulo de mi conferencia, como un derecho que a veces pareciera que vamos perdiendo\u00bb, expresa. \u00abS\u00e9 que el momento es muy dif\u00edcil, y es muy dif\u00edcil para la fundaci\u00f3n tambi\u00e9n hacer, seguir, llevar adelante este foro, que es un encuentro inmenso, con una vocaci\u00f3n de congregaci\u00f3n de personas interesadas en la lectura y en la literatura, muy grande. A todo esto yo lo resumir\u00eda bajo la palabra del territorio que lo cobija, y que nos cobija a los invitados y a los participantes, que es Resistencia\u00bb, define.<\/p>\n<p>Tambi\u00e9n Isol -otra premiada de la LIJ, distinguida en 2013 con el prestigioso Astrid Lindgren, entre otros reconocimientos- estuvo antes en el foro, unos quince a\u00f1os atr\u00e1s. \u00abMe gust\u00f3 ir, fue como una sorpresa. Disfruto estar con colegas y con gente de la literatura de muchos \u00e1mbitos diferentes, es una comunidad muy estimulante. Y tambi\u00e9n me sorprendi\u00f3 la cantidad de asistentes, de todo el pa\u00eds, el inter\u00e9s que despertaba\u00bb, recuerda la autora de Petit, el monstruo.\u00a0<\/p>\n<p>\u00abEn aquella ocasi\u00f3n conoc\u00ed a personas que probablemente no hubiera conocido de otro modo, colegas que quiz\u00e1s no est\u00e1n en el mundo del \u00e1lbum Ilustrado o de la LIJ. Y fue buen\u00edsimo tejer esas <b>redes sensibles<\/b>, que generan muchas cosas, hasta colaboraciones que no se te ocurrir\u00edan. Y eso es algo que en cualquier nivel est\u00e1 buen\u00edsimo, porque te enriquece un mont\u00f3n, y adem\u00e1s es muy c\u00e1lido el foro. Se siente como &#8216;un lugar del bien&#8217;. Con unos valores que uno comparte y un entusiasmo y ganas de hacer. Y eso es hermoso\u00bb, destaca tambi\u00e9n.<\/p>\n<p>El Woodstock literario<\/p>\n<p>La que tiene \u00abasistencia casi perfecta\u00bb es la cordobesa <b>Graciela Bialet<\/b>: \u00abDe los 30 a\u00f1os que ahora cumple el Foro de Fomento del Libro y la Lectura, yo he ido a 28, porque el primero hab\u00eda ya sido y yo me enter\u00e9 de \u00e9l conoci\u00e9ndolo a Mempo en la Feria del Libro de C\u00f3rdoba, un mes despu\u00e9s. Y otra vez que coincidi\u00f3 con un viaje m\u00edo:\u00a0esa fue la \u00fanica &#8216;falta con aviso&#8217; y despu\u00e9s he estado en todos, \u00a1en todos!\u00bb, repasa.\u00a0<\/p>\n<p>\u00abEsa primera vez que fui qued\u00e9 totalmente enamorada de lo que ah\u00ed suced\u00eda, yo que vengo de una generaci\u00f3n medio hippie, siempre lo identifiqu\u00e9 con el festival de Woodstock, \u00a1pero en vez de m\u00fasica, literario!\u00bb, se r\u00ede la autora de\u00a0Los sapos de la memoria. \u00abHe conocido a autores y autoras que en mi vida hubiera podido conocer, en esa intensidad de la palabra, y en los d\u00edas y noches que pasamos intercambiamos ideas, asimilamos cada manifestaci\u00f3n, cada mirada y cada sonrisa como un hermanamiento entre pa\u00edses, provincias, ciudades, representadas ah\u00ed a trav\u00e9s de sus mejores autores\u00bb.\u00a0<\/p>\n<p>Bialet cuenta que se hicieron \u00abfans\u00bb del foro con Graciela Cabal y Angela Gorodsicher, \u00abellas dejaron de ir s\u00f3lo cuando se mudaron de cielo\u00bb, las recuerda. \u00abFue una amistad entra\u00f1able de la cual surgieron much\u00edsimos otros proyectos, incluidos los apoyos solidarios al Plan Nacional de Lectura, la creaci\u00f3n de planes provinciales, la producci\u00f3n de antolog\u00edas gratuitas repartidas por el Estado. Cuando el Estado no era mala palabra ni hab\u00eda que pasarle motosierra, cuando era el manto que abrazaba a los ni\u00f1os, j\u00f3venes y al pueblo\u00bb.<\/p>\n","protected":false},"excerpt":{"rendered":"\u00abLo hacemos con mucho amor y porque no podemos evitarlo\u00bb. Desde Resistencia, Chaco, las palabras de Mempo Giardinelli,&hellip;\n","protected":false},"author":2,"featured_media":61525,"comment_status":"","ping_status":"","sticky":false,"template":"","format":"standard","meta":{"footnotes":""},"categories":[172],"tags":[224,17556,146,147,25,24,25642,225,671,25641,25640,23],"class_list":{"0":"post-61524","1":"post","2":"type-post","3":"status-publish","4":"format-standard","5":"has-post-thumbnail","7":"category-libros","8":"tag-books","9":"tag-chaco","10":"tag-entertainment","11":"tag-entretenimiento","12":"tag-es","13":"tag-espana","14":"tag-isol","15":"tag-libros","16":"tag-literatura","17":"tag-maria-teresa-andruetto","18":"tag-mempo-giardinelli","19":"tag-spain"},"share_on_mastodon":{"url":"","error":""},"_links":{"self":[{"href":"https:\/\/www.europesays.com\/es\/wp-json\/wp\/v2\/posts\/61524","targetHints":{"allow":["GET"]}}],"collection":[{"href":"https:\/\/www.europesays.com\/es\/wp-json\/wp\/v2\/posts"}],"about":[{"href":"https:\/\/www.europesays.com\/es\/wp-json\/wp\/v2\/types\/post"}],"author":[{"embeddable":true,"href":"https:\/\/www.europesays.com\/es\/wp-json\/wp\/v2\/users\/2"}],"replies":[{"embeddable":true,"href":"https:\/\/www.europesays.com\/es\/wp-json\/wp\/v2\/comments?post=61524"}],"version-history":[{"count":0,"href":"https:\/\/www.europesays.com\/es\/wp-json\/wp\/v2\/posts\/61524\/revisions"}],"wp:featuredmedia":[{"embeddable":true,"href":"https:\/\/www.europesays.com\/es\/wp-json\/wp\/v2\/media\/61525"}],"wp:attachment":[{"href":"https:\/\/www.europesays.com\/es\/wp-json\/wp\/v2\/media?parent=61524"}],"wp:term":[{"taxonomy":"category","embeddable":true,"href":"https:\/\/www.europesays.com\/es\/wp-json\/wp\/v2\/categories?post=61524"},{"taxonomy":"post_tag","embeddable":true,"href":"https:\/\/www.europesays.com\/es\/wp-json\/wp\/v2\/tags?post=61524"}],"curies":[{"name":"wp","href":"https:\/\/api.w.org\/{rel}","templated":true}]}}