{"id":615245,"date":"2026-06-19T15:29:26","date_gmt":"2026-06-19T15:29:26","guid":{"rendered":"https:\/\/www.europesays.com\/es\/615245\/"},"modified":"2026-06-19T15:29:26","modified_gmt":"2026-06-19T15:29:26","slug":"anna-castillo-y-alvaro-mel-disparan-los-rumores-de-boda-con-un-espectacular-anillo-de-compromiso-te-amo","status":"publish","type":"post","link":"https:\/\/www.europesays.com\/es\/615245\/","title":{"rendered":"Anna Castillo y \u00c1lvaro Mel disparan los rumores de boda con un espectacular anillo de compromiso: \u00abTe amo\u00bb"},"content":{"rendered":"<p id=\"erHN98kte3\" data-wc=\"82\">Anna Castillo y \u00c1lvaro Mel forman una de las parejas m\u00e1s queridas del cine espa\u00f1ol. Los actores, que siempre han optado por mantener un perfil discreto respecto a <a class=\"hm-link ho-link\" href=\"https:\/\/www.hola.com\/actualidad\/20260526903681\/anna-castillo-apodos-carinosos-alvaro-mel-relacion\/\" data-mrf-recirculation=\"article-body-link\" rel=\"nofollow noopener\" target=\"_blank\">su vida privada<\/a>, han desatado una aut\u00e9ntica locura entre sus seguidores tras compartir una misteriosa y significativa fotograf\u00eda que apunta directamente a un compromiso matrimonial. El encargado de ense\u00f1ar la imagen ha sido el actor de &#8216;Un cuento perfecto&#8217;\u00a0cuando ha destapado su \u00e1lbum personal de su \u00faltima escapada al mar con su pareja.<\/p>\n<p> <img src=\"https:\/\/www.europesays.com\/es\/wp-content\/uploads\/2026\/06\/76969487697d-foto-3-ig-igmedia2026-06-19-07-34-540.jpg\"   width=\"768\" height=\"1024\" loading=\"lazy\" decoding=\"async\" alt=\"Una de las im\u00e1genes que forman parte del \u00e1lbum de \u00c1lvaro Mel\" fetchpriority=\"auto\" class=\"image ho-image\"\/>\u00a9 melUna de las im\u00e1genes que forman parte del \u00e1lbum de \u00c1lvaro Mel<\/p>\n<p id=\"e-zy0-mxtoo\" data-wc=\"102\">La imagen en cuesti\u00f3n muestra un primer plano de una mano luciendo un elegante anillo adornado con una gema azul. Por si el simbolismo de la joya no fuera suficiente, la actriz de &#8216;El olivo&#8217; ha terminado de incendiar las alarmas al reaccionar p\u00fablicamente a la instant\u00e1nea con una rom\u00e1ntica declaraci\u00f3n: \u00ab<strong>Te amo \ud83d\udc8d<\/strong>\u00ab. Este revelador mensaje, acompa\u00f1ado por el emoticono de la alianza, ha sido interpretado de inmediato por algunos de sus fans como la confirmaci\u00f3n oficial de que la pareja se prepara para pasar por el altar. \u201c\u00a1Qu\u00e9 emoci\u00f3n!\u201d, \u201c\u00bfQu\u00e9 nos quieres decir?\u201d, han sido solo algunos de los comentarios.<\/p>\n<p> <img src=\"https:\/\/www.europesays.com\/es\/wp-content\/uploads\/2026\/06\/1651a5846cb4-sin-titulo-3.jpg\"   width=\"861\" height=\"1024\" loading=\"lazy\" decoding=\"async\" alt=\"El anillo que ha compartido Mel que ha encendido las alarmas\" fetchpriority=\"auto\" class=\"image ho-image\"\/>\u00a9 melEl anillo que ha compartido Mel que ha encendido las alarmas<br \/>\nUna rom\u00e1ntica escapada frente al mar<\/p>\n<p id=\"erA5K27e7Q3\" data-wc=\"84\">Este supuesto compromiso se ha fraguado en un entorno id\u00edlico. <a class=\"hm-link ho-link\" href=\"https:\/\/www.hola.com\/actualidad\/20240513253848\/anna-castillo-alvaro-mel-juntos-concierto-estopa-bilbao-nsv\/\" data-mrf-recirculation=\"article-body-link\" rel=\"nofollow noopener\" target=\"_blank\">La pareja se encontraba disfrutando<\/a> de una exclusiva escapada veraniega en la costa, donde han disfrutado de la alta gastronom\u00eda, jornadas playeras y paseos en barco. Entre el carrusel de im\u00e1genes que acompa\u00f1a este viaje, se les puede ver c\u00f3mplices y relajados en el interior de un coche, posando en playas de aguas cristalinas, y disfrutando de una cena de lujo donde <strong>las ostras y el buen vino blanco<\/strong> han sido los grandes protagonistas.<\/p>\n<p> <img src=\"https:\/\/www.europesays.com\/es\/wp-content\/uploads\/2026\/06\/621195dfc892-foto-6-ig-igmedia2026-06-19-07-34-593.jpg\"   width=\"768\" height=\"1024\" loading=\"lazy\" decoding=\"async\" alt=\"La pareja ha degustado una deliciosa cena\" fetchpriority=\"auto\" class=\"image ho-image\"\/>\u00a9 melLa pareja ha degustado una deliciosa cena<\/p>\n<p id=\"eEGTwecI_kK\" data-wc=\"36\">Tampoco han faltado los momentos de desconexi\u00f3n en lo que podr\u00eda ser su residencia vacacional, donde han compartido divertidas im\u00e1genes en ropa de ba\u00f1o, demostrando la enorme sinton\u00eda y el gran momento sentimental que atraviesan ambos.<\/p>\n<p> <img src=\"https:\/\/www.europesays.com\/es\/wp-content\/uploads\/2026\/06\/a2bb4c41d476-foto-4-ig-igmedia2026-06-19-07-35-046.jpg\"   width=\"768\" height=\"1024\" loading=\"lazy\" decoding=\"async\" alt=\"La pareja durante sus vacaciones\" fetchpriority=\"auto\" class=\"image ho-image\"\/>\u00a9 melLa pareja durante sus vacaciones<br \/>\nDel set de rodaje a la vida real<\/p>\n<p id=\"e9V71D6eEdA\" data-wc=\"98\">La historia de amor entre Anna Castillo y \u00c1lvaro Mel comenz\u00f3 entre guiones y c\u00e1maras <a class=\"hm-link ho-link\" href=\"https:\/\/www.hola.com\/actualidad\/20250318820868\/anna-castillo-y-alvaro-mel-las-imagenes-de-una-solida-relacion-traspaso-las-pantallas-hace-dos-anos\/\" data-mrf-recirculation=\"article-body-link\" rel=\"nofollow noopener\" target=\"_blank\">durante el rodaje de la exitosa serie &#8216;Un cuento perfecto&#8217;<\/a>, la adaptaci\u00f3n de la novela de El\u00edsabet Benavent. Lo que empez\u00f3 como una qu\u00edmica innegable en la ficci\u00f3n pronto traspas\u00f3 la pantalla, consolid\u00e1ndose como una de las relaciones m\u00e1s estables y atractivas del panorama cinematogr\u00e1fico. Aunque ninguno de los dos ha emitido un comunicado formal confirmando el enlace, esta significativa joya y el cruce de declaraciones en redes podr\u00eda indicar que su historia de amor est\u00e1 lista para dar el siguiente gran paso.\u00a0<\/p>\n","protected":false},"excerpt":{"rendered":"Anna Castillo y \u00c1lvaro Mel forman una de las parejas m\u00e1s queridas del cine espa\u00f1ol. Los actores, que&hellip;\n","protected":false},"author":2,"featured_media":615246,"comment_status":"","ping_status":"","sticky":false,"template":"","format":"standard","meta":{"footnotes":""},"categories":[91],"tags":[517,98576,146,147,25,24,23],"class_list":["post-615245","post","type-post","status-publish","format-standard","has-post-thumbnail","category-entretenimiento","tag-actualidad","tag-anna-castillo","tag-entertainment","tag-entretenimiento","tag-es","tag-espana","tag-spain"],"share_on_mastodon":{"url":"https:\/\/pubeurope.com\/@es\/116777489764306155","error":""},"_links":{"self":[{"href":"https:\/\/www.europesays.com\/es\/wp-json\/wp\/v2\/posts\/615245","targetHints":{"allow":["GET"]}}],"collection":[{"href":"https:\/\/www.europesays.com\/es\/wp-json\/wp\/v2\/posts"}],"about":[{"href":"https:\/\/www.europesays.com\/es\/wp-json\/wp\/v2\/types\/post"}],"author":[{"embeddable":true,"href":"https:\/\/www.europesays.com\/es\/wp-json\/wp\/v2\/users\/2"}],"replies":[{"embeddable":true,"href":"https:\/\/www.europesays.com\/es\/wp-json\/wp\/v2\/comments?post=615245"}],"version-history":[{"count":0,"href":"https:\/\/www.europesays.com\/es\/wp-json\/wp\/v2\/posts\/615245\/revisions"}],"wp:featuredmedia":[{"embeddable":true,"href":"https:\/\/www.europesays.com\/es\/wp-json\/wp\/v2\/media\/615246"}],"wp:attachment":[{"href":"https:\/\/www.europesays.com\/es\/wp-json\/wp\/v2\/media?parent=615245"}],"wp:term":[{"taxonomy":"category","embeddable":true,"href":"https:\/\/www.europesays.com\/es\/wp-json\/wp\/v2\/categories?post=615245"},{"taxonomy":"post_tag","embeddable":true,"href":"https:\/\/www.europesays.com\/es\/wp-json\/wp\/v2\/tags?post=615245"}],"curies":[{"name":"wp","href":"https:\/\/api.w.org\/{rel}","templated":true}]}}