{"id":61526,"date":"2025-08-21T02:32:08","date_gmt":"2025-08-21T02:32:08","guid":{"rendered":"https:\/\/www.europesays.com\/es\/61526\/"},"modified":"2025-08-21T02:32:08","modified_gmt":"2025-08-21T02:32:08","slug":"avance-de-la-promesa-capitulo-de-este-jueves-21-de-agosto-martina-esta-decidida-a-marcharse-el-mundo","status":"publish","type":"post","link":"https:\/\/www.europesays.com\/es\/61526\/","title":{"rendered":"Avance de &#039;La Promesa&#039;, cap\u00edtulo de este jueves 21 de agosto: Martina est\u00e1 decidida a marcharse &#8211; El Mundo"},"content":{"rendered":"<ol>\n<li><a href=\"https:\/\/news.google.com\/rss\/articles\/CBMiiAFBVV95cUxNUXNJSG9Nd2h4QTlMZ3pwTWNCTVQtOVpIRThsNTVPQXVZeTQzU2VuSVBEMndnQ1lWVThIajJoV2JrdW1QMWJKT1FlbWlMbV9xQmNPWXRrSWhtTml3U2ZISFhWVWxVMG1GNGJRZG1Uazg0V3JEU3RwQ1h1QUZfdmlwVloxbDVmczNH0gGIAUFVX3lxTE1qUFJlWlVDWjZENHBwelB5TVdLZ0ptMmYtUm9BM21NM0tGLV91MzF4R3VwVHRqUlVmazd1bnVZRFFWTW9DbGhJbVI0dWNqbWljZGZCeHNqQ0VFQ2dvUndQRlAyQ1dCSExvaTZBeUxHTkJRREdqWGlQVWJ5SG9UVXM1TmdoY0FENnM?oc=5\" target=\"_blank\" rel=\"nofollow noopener\">Avance de &#8216;La Promesa&#8217;, cap\u00edtulo de este jueves 21 de agosto: Martina est\u00e1 decidida a marcharse<\/a>&nbsp;&nbsp;El Mundo<\/li>\n<li><a href=\"https:\/\/news.google.com\/rss\/articles\/CBMixgFBVV95cUxNYkJhZmp3ZVphaGxSa3dKbGw0cWdWdXVaUG1aQWYtTTVVWmxVa0R1X2FKaU83ZVRLQllWV1I4enJHWmFESGE3T2U4NWNmN2NWT3N2N2ZjMkhfS2NNRXRabzVPX1gxQ2dUa2M2Q1V6SVVUMlVrelU5TTdfLUVwbi1rNDVFbkZuVF9ldUlQdHBibHNUajRxZFpPVHVYZm85aTNjMGhQWXA5Tk1aSmtuYlN0SWtqOUJEZHpuMDN4MG5POU5hNGxpM0HSAcYBQVVfeXFMTzF2RVo2WWF3WjUxZk5aV2x1Z2kxcWFZQk8ycWlVa1ZBX3k1b0JseFozYW81b0x6NGNsN0hhdG1CVkI0STEtdFQ5ODBibmtBem9NcWI4TW1wcjBydDJsN18yYmVxa244SU5oaHVncEF1VjV6Zko5RkdvZjdFWkRpd1FlVVFGZXFCUThET2hyaXVyMzlPX1ZSSE8xb0s3VldZUHJndzFRdlRpZTJSdEtOSEJ1VExLdHljS1RGbHhtaTR5cThkeFJB?oc=5\" target=\"_blank\" rel=\"nofollow noopener\">Una detenci\u00f3n, una traici\u00f3n y un romance inesperado: todo lo que pasar\u00e1 en \u2018La Promesa\u2019 del 18 al 22 de agosto<\/a>&nbsp;&nbsp;El Peri\u00f3dico<\/li>\n<li><a href=\"https:\/\/news.google.com\/rss\/articles\/CBMiqgFBVV95cUxOQmxraTlocTJKdml5NDFXQmRGQ0lCZ2JmTVlfZFA5OWxHempVQVlqSHF0V2xpZXA2VnluRnhYcF9CUTFfN3ZIMGd2QU9RQ3pJWGtfRlJiSXlTRXJJM0JseFRHOFp4aFFXT0ZoWmJVazVvUi1zR3dZVEZUQnFzRUFwOUxzT2xVUVdQMEdvYTAwNGtKTTE2T28yWE85TjhfVXNwWllwMmFxMWZuQdIBrwFBVV95cUxQRHJ3eGFpSGNZUjY5ZUhpNzk3N1JDT2J0RjNHTkJDVFZOUlptcTBJRVkwQTRzLXFZcF9aTjFVdUtXcFhEbEdXakNzTWtyZ01wT0JuaV9pbUZiM2FIMFVPTFg5WVFicXVXeXNDbGdsY3E5S1lkNVlLVmtlZ2hPay1qdkNpSkpWZjFJWVcwNHpJNjRzNlpzLVR2OTRnUEZIeElOLUdMakRQSEtRS2RfSDBn?oc=5\" target=\"_blank\" rel=\"nofollow noopener\">Avance del cap\u00edtulo de &#8216;La Promesa&#8217; del jueves, 21 de agosto: P\u00eda es sorprendida husmeando en el despacho del mayordomo<\/a>&nbsp;&nbsp;El Confidencial<\/li>\n<li><a href=\"https:\/\/news.google.com\/rss\/articles\/CBMilgFBVV95cUxONndodUZ0Mjg5cHhqc2JFcVNqNlN2dVRNWUlpODhqUmx2RVRUdzdnTkpVOW9PNXdoRjJpQXdqVVFSY0c3NVlaaVJaSWd1WFFrRzBzZkdfZmNuOVJySXYyZzgtY1ZXbzViMUtEY2pYTXVoenktal8zTW9yQ1Z6TFNvcEYxT0lFekZxWkYxRm1rUDZ5X1JkcGc?oc=5\" target=\"_blank\" rel=\"nofollow noopener\">Felicidad en &#8216;La Promesa&#8217; gracias a lo sucedido con Xavi Lock en el \u00faltimo momento<\/a>&nbsp;&nbsp;xcatalunya.cat<\/li>\n<li><a href=\"https:\/\/news.google.com\/rss\/articles\/CBMisgFBVV95cUxORkhtQ2JFWTd6YUxaNlJXSHVneFNRcmhobnFLUzRkYmMtMFkxRHdERnR0X0JFTEtTWEhTVkJ1VzE5TXNHZzhSNXZ3bTlCUzlhekNqSmwtbFMtQ1l1ZUJ5LXA4MzVFQUZUMmllYnZGa2taV3d3ZXFtZ19xS2toWmZjb1hGZE83VWNKc3ZLNGNvTVJmb1hVOHlXYXRfdzhiUmFMeEhnZnFOUmtQRENCcnZJMFh30gG3AUFVX3lxTE9DRW50bnZWVTJKREE5UXlfZFNTZFFLd0Zvd1BWX3NacEZCU1lkZ01SZWlJTVhwZS1KRWc5UUpwNUgxeUlxVmhmalRGelJaSkkzU25iUFYxRG5BX3R5NG1kZmtoZEk1TWtWYVdoNVRwdkNoOHhlZmZjQW5nYngtUDVwZFpYRjh4cWgxblJEMTVIUW4zaGcwWFRLaGNGcVpZZ3V0Njh1MDFOVUJua1VYN0dVVVYxV1B2WQ?oc=5\" target=\"_blank\" rel=\"nofollow noopener\">Avance del cap\u00edtulo de \u2018La Promesa\u2019 de hoy: P\u00eda descubre una informaci\u00f3n del cartero de Luj\u00e1n<\/a>&nbsp;&nbsp;OkDiario<\/li>\n<\/ol>\n","protected":false},"excerpt":{"rendered":"Avance de &#8216;La Promesa&#8217;, cap\u00edtulo de este jueves 21 de agosto: Martina est\u00e1 decidida a marcharse&nbsp;&nbsp;El Mundo Una&hellip;\n","protected":false},"author":2,"featured_media":61527,"comment_status":"","ping_status":"","sticky":false,"template":"","format":"standard","meta":{"footnotes":""},"categories":[171],"tags":[11030,146,147,25,24,11031,805,23,807,11029,6761,214],"class_list":{"0":"post-61526","1":"post","2":"type-post","3":"status-publish","4":"format-standard","5":"has-post-thumbnail","7":"category-tv","8":"tag-cineseries","9":"tag-entertainment","10":"tag-entretenimiento","11":"tag-es","12":"tag-espana","13":"tag-la-promesa","14":"tag-series","15":"tag-spain","16":"tag-television","17":"tag-television-series","18":"tag-tresb","19":"tag-tv"},"share_on_mastodon":{"url":"","error":""},"_links":{"self":[{"href":"https:\/\/www.europesays.com\/es\/wp-json\/wp\/v2\/posts\/61526","targetHints":{"allow":["GET"]}}],"collection":[{"href":"https:\/\/www.europesays.com\/es\/wp-json\/wp\/v2\/posts"}],"about":[{"href":"https:\/\/www.europesays.com\/es\/wp-json\/wp\/v2\/types\/post"}],"author":[{"embeddable":true,"href":"https:\/\/www.europesays.com\/es\/wp-json\/wp\/v2\/users\/2"}],"replies":[{"embeddable":true,"href":"https:\/\/www.europesays.com\/es\/wp-json\/wp\/v2\/comments?post=61526"}],"version-history":[{"count":0,"href":"https:\/\/www.europesays.com\/es\/wp-json\/wp\/v2\/posts\/61526\/revisions"}],"wp:featuredmedia":[{"embeddable":true,"href":"https:\/\/www.europesays.com\/es\/wp-json\/wp\/v2\/media\/61527"}],"wp:attachment":[{"href":"https:\/\/www.europesays.com\/es\/wp-json\/wp\/v2\/media?parent=61526"}],"wp:term":[{"taxonomy":"category","embeddable":true,"href":"https:\/\/www.europesays.com\/es\/wp-json\/wp\/v2\/categories?post=61526"},{"taxonomy":"post_tag","embeddable":true,"href":"https:\/\/www.europesays.com\/es\/wp-json\/wp\/v2\/tags?post=61526"}],"curies":[{"name":"wp","href":"https:\/\/api.w.org\/{rel}","templated":true}]}}