{"id":61530,"date":"2025-08-21T02:34:10","date_gmt":"2025-08-21T02:34:10","guid":{"rendered":"https:\/\/www.europesays.com\/es\/61530\/"},"modified":"2025-08-21T02:34:10","modified_gmt":"2025-08-21T02:34:10","slug":"critica-de-materialistas-acuerdos-comerciales","status":"publish","type":"post","link":"https:\/\/www.europesays.com\/es\/61530\/","title":{"rendered":"Cr\u00edtica de &#8216;Materialistas&#8217;: Acuerdos comerciales"},"content":{"rendered":"<p>Con su anterior pel\u00edcula, &#8216;Vidas pasadas&#8217;, que hasta estuvo en la carrera de los Oscar, la coreana Celine Song contaba la historia de amor de  &#8230; unos amigos de infancia que se reencuentran a\u00f1os despu\u00e9s en Nueva York. \u00bfEs el momento de abrazar el romance que no pudieron tener? \u00bfO sus vidas ya les han separado y se pas\u00f3 el momento?<\/p>\n<p>Valoraci\u00f3n<\/p>\n<p>Datos<\/p>\n<ul class=\"v-u\">\n<li class=\"v-u__l\">\n<p class=\"v-p\">\nDirecci\u00f3n y guion:<br \/>\nCeline Song.\n<\/p>\n<\/li>\n<li class=\"v-u__l\">\n<p class=\"v-p\">\nInt\u00e9rpretes:<br \/>\nDakota Johnson, Pedro Pascal, Chris Evans.\n<\/p>\n<\/li>\n<li class=\"v-u__l\">\n<p class=\"v-p\">\nFotograf\u00eda:<br \/>\nShabier Kirchner.\n<\/p>\n<\/li>\n<li class=\"v-u__l\">\n<p class=\"v-p\">\nM\u00fasica:<br \/>\nDaniel Pemberton.\n<\/p>\n<\/li>\n<li class=\"v-u__l\">\n<p class=\"v-p\">\nProducci\u00f3n:<br \/>\nEE.UU., 2025.\n<\/p>\n<\/li>\n<li class=\"v-u__l\">\n<p class=\"v-p\">\nCines:<br \/>\nPr\u00edncipe, Trueba, Garbera, Urbil, Niessen, Mendibil.\n<\/p>\n<\/li>\n<li class=\"v-u__l\">\n<p class=\"v-p\">\nDuraci\u00f3n:<br \/>\n109\n<\/p>\n<\/li>\n<\/ul>\n<p class=\"v-p\">&#8216;Vidas pasadas&#8217; agradaba por lo sutil, por los sentimientos que transmit\u00eda casi sin verbalizarlos. En &#8216;Materialistas&#8217;, ya m\u00e1s asentada en la industria estadounidense, Celine Song vuelve al tema de las relaciones rom\u00e1nticas pero lo verbaliza todo, sus personajes intentan explicarse, hablan y no callan, aunque lo que salga por su boca sea confuso o incoherente. Salimos perdiendo.<\/p>\n<p class=\"v-p\">La pel\u00edcula, eso s\u00ed, parte de una buena idea, el punto de vista de una &#8216;matchmaker&#8217;, una empleada de una agencia matrimonial encargada de unir a las parejas m\u00e1s compatibles y cruzar los dedos para que la relaci\u00f3n funcione en la primera cita&#8230; y en las siguientes, si las hay. Tiene su aquel su visi\u00f3n de las bodas como acuerdos comerciales y de los hombres y mujeres como valores de bolsa, con sus par\u00e1metros de altura, calvicie o no e ingresos econ\u00f3micos como algoritmos fundamentales.<\/p>\n<p class=\"v-p\">Todos sabemos que al final nos dir\u00e1n que nada de eso importa, que el amor se abre paso cuando quiere. Lo malo es que antes nos esperan hora y tres cuartos bastante confusos, protagonizados por esa actriz del flequillo (Dakota Johnson) siempre tan fr\u00eda y acartonada. Cuando la pel\u00edcula no se centra en sus pacientes de grandes dudas y expectativas sino en sus pseudoamores con un rico guapo (Pedro Pascal) y un viejo amor pobre (Chris Evans) decae el inter\u00e9s. <\/p>\n<p class=\"v-p\">Por si esta no comedia no rom\u00e1ntica no flojeaba bastante, incluye unos rid\u00edculos pr\u00f3logo y ep\u00edlogo cavern\u00edcolas.<\/p>\n","protected":false},"excerpt":{"rendered":"Con su anterior pel\u00edcula, &#8216;Vidas pasadas&#8217;, que hasta estuvo en la carrera de los Oscar, la coreana Celine&hellip;\n","protected":false},"author":2,"featured_media":61531,"comment_status":"","ping_status":"","sticky":false,"template":"","format":"standard","meta":{"footnotes":""},"categories":[169],"tags":[22365,177,10153,146,147,25,24,176,175,23],"class_list":{"0":"post-61530","1":"post","2":"type-post","3":"status-publish","4":"format-standard","5":"has-post-thumbnail","7":"category-cine","8":"tag-acuerdos","9":"tag-cine","10":"tag-comerciales","11":"tag-entertainment","12":"tag-entretenimiento","13":"tag-es","14":"tag-espana","15":"tag-film","16":"tag-movies","17":"tag-spain"},"share_on_mastodon":{"url":"","error":""},"_links":{"self":[{"href":"https:\/\/www.europesays.com\/es\/wp-json\/wp\/v2\/posts\/61530","targetHints":{"allow":["GET"]}}],"collection":[{"href":"https:\/\/www.europesays.com\/es\/wp-json\/wp\/v2\/posts"}],"about":[{"href":"https:\/\/www.europesays.com\/es\/wp-json\/wp\/v2\/types\/post"}],"author":[{"embeddable":true,"href":"https:\/\/www.europesays.com\/es\/wp-json\/wp\/v2\/users\/2"}],"replies":[{"embeddable":true,"href":"https:\/\/www.europesays.com\/es\/wp-json\/wp\/v2\/comments?post=61530"}],"version-history":[{"count":0,"href":"https:\/\/www.europesays.com\/es\/wp-json\/wp\/v2\/posts\/61530\/revisions"}],"wp:featuredmedia":[{"embeddable":true,"href":"https:\/\/www.europesays.com\/es\/wp-json\/wp\/v2\/media\/61531"}],"wp:attachment":[{"href":"https:\/\/www.europesays.com\/es\/wp-json\/wp\/v2\/media?parent=61530"}],"wp:term":[{"taxonomy":"category","embeddable":true,"href":"https:\/\/www.europesays.com\/es\/wp-json\/wp\/v2\/categories?post=61530"},{"taxonomy":"post_tag","embeddable":true,"href":"https:\/\/www.europesays.com\/es\/wp-json\/wp\/v2\/tags?post=61530"}],"curies":[{"name":"wp","href":"https:\/\/api.w.org\/{rel}","templated":true}]}}