{"id":615376,"date":"2026-06-19T17:02:12","date_gmt":"2026-06-19T17:02:12","guid":{"rendered":"https:\/\/www.europesays.com\/es\/615376\/"},"modified":"2026-06-19T17:02:12","modified_gmt":"2026-06-19T17:02:12","slug":"un-documento-de-consenso-reclama-ampliar-la-proteccion-de-los-adultos-frente-al-vrs","status":"publish","type":"post","link":"https:\/\/www.europesays.com\/es\/615376\/","title":{"rendered":"Un documento de consenso reclama ampliar la protecci\u00f3n de los adultos frente al VRS"},"content":{"rendered":"<p>La Sociedad Castellanomanchega de M\u00e9dicos Generales y de Familia (SEMG CLM) ha presentado el documento de consenso &#8216;Recomendaci\u00f3n frente al virus respiratorio sincitial (VRS) en la poblaci\u00f3n adulta de Castilla-La Mancha&#8217;, una iniciativa impulsada desde la Medicina de Familia con el objetivo de trasladar a las administraciones sanitarias y a &#8230;            &#13;\n        <\/p>\n<p> &#13;<br \/>\n&#13;<\/p>\n<p>La <strong>Sociedad Castellanomanchega de M\u00e9dicos Generales y de Familia<\/strong> (SEMG CLM) ha presentado el documento de consenso &#8216;<a href=\"https:\/\/www.semg.es\/index.php\/consensos-guias-y-protocolos\/479-recomendaciones-vrs-clm\" rel=\"nofollow noopener\" target=\"_blank\">Recomendaci\u00f3n frente al virus respiratorio sincitial (VRS) en la poblaci\u00f3n adulta de Castilla-La Mancha<\/a>&#8216;, una iniciativa impulsada desde la Medicina de Familia con el objetivo de trasladar a las administraciones sanitarias y a los profesionales la necesidad de reforzar las estrategias preventivas frente a este virus entre la poblaci\u00f3n adulta.<\/p>\n<p>El documento fue presentado en el marco del <strong>32.\u00ba Congreso Nacional de la Sociedad Espa\u00f1ola de M\u00e9dicos Generales y de Familia <\/strong>(SEMG), celebrado recientemente en Oviedo, y recoge la evidencia cient\u00edfica m\u00e1s reciente sobre la carga de enfermedad asociada al VRS, la eficacia y la seguridad de las vacunas disponibles y las recomendaciones para proteger a los grupos de mayor riesgo.<\/p>\n<p>El texto ha sido elaborado por el doctor <strong>Juan Antequera Mart\u00edn-Portugu\u00e9s<\/strong>, coordinador adjunto del Grupo de Trabajo de Salud P\u00fablica de la SEMG, y cuenta con el aval de numerosas sociedades cient\u00edficas y profesionales de la regi\u00f3n y del \u00e1mbito nacional. Adem\u00e1s de la SEMG CLM, lo suscriben la Sociedad Castellanomanchega de Medicina Preventiva y Salud P\u00fablica (<strong>SCMMPSP<\/strong>), la Sociedad Castellanomanchega de Geriatr\u00eda y Gerontolog\u00eda (<strong>SCMGG<\/strong>), la Sociedad Castellanomanchega de Patolog\u00eda Respiratoria (<strong>SOCAMPAR<\/strong>), la Asociaci\u00f3n Castellanomanchega de Enfermer\u00eda Familiar y Comunitaria (<strong>ACAMEC<\/strong>), la Sociedad Espa\u00f1ola de M\u00e9dicos de Atenci\u00f3n Primaria de Castilla-La Mancha (<strong>SEMERGEN-CLM<\/strong>), la Sociedad Espa\u00f1ola de Inmunolog\u00eda (<strong>SEI<\/strong>) y la Sociedad Espa\u00f1ola de Farmacia Cl\u00ednica, Familiar y Comunitaria de Castilla-La Mancha (<strong>SEFAC-CLM<\/strong>).<\/p>\n<p><strong>Una necesidad sanitaria no cubierta<\/strong><\/p>\n<p> &#13;<br \/>\n&#13;<\/p>\n<p>Uno de los principales mensajes del documento es que la prevenci\u00f3n frente al VRS constituye actualmente <strong>una necesidad sanitaria no cubierta en Castilla-La Mancha<\/strong>. Las sociedades cient\u00edficas firmantes subrayan que, hasta la reciente disponibilidad de <strong>vacunas espec\u00edficas para adultos<\/strong>, no exist\u00edan estrategias preventivas eficaces capaces de reducir de forma significativa el impacto de esta infecci\u00f3n en la poblaci\u00f3n vulnerable.<\/p>\n<p>El documento de consenso destaca que el <strong>virus respiratorio sincitial<\/strong> (VRS) representa un importante problema de salud p\u00fablica entre la poblaci\u00f3n adulta, especialmente entre las personas mayores, las inmunodeprimidas y aquellas con enfermedades cr\u00f3nicas. Durante la temporada 2024-2025 se estimaron <strong>m\u00e1s de 13.700 hospitalizaciones por VRS entre adultos en Espa\u00f1a<\/strong> y, al menos, 1.035 fallecimientos asociados a este virus. Las mayores tasas de hospitalizaci\u00f3n, complicaciones y mortalidad se registraron entre las personas mayores de 60 a\u00f1os y los grupos de riesgo.<\/p>\n<p>Las sociedades cient\u00edficas firmantes subrayan que Castilla-La Mancha presenta una especial vulnerabilidad frente al VRS debido al envejecimiento de su poblaci\u00f3n, <strong>con un \u00edndice de envejecimiento del 136%<\/strong>, cerca de un 20% de habitantes mayores de 65 a\u00f1os y una elevada dispersi\u00f3n geogr\u00e1fica, con una densidad de tan solo 27 habitantes por kil\u00f3metro cuadrado. <\/p>\n<p>Adem\u00e1s, durante la temporada 2024-2025, el 4,6% de las muestras analizadas en pacientes hospitalizados en Castilla-La Mancha resultaron positivas para el VRS, <strong>una cifra que podr\u00eda ser superior debido al infradiagn\u00f3stico de esta infecci\u00f3n entre los adultos<\/strong>. Por todo ello, los autores reclaman que se impulsen estrategias de vacunaci\u00f3n dirigidas a proteger a las personas m\u00e1s vulnerables y reducir la carga asistencial asociada a esta infecci\u00f3n.<\/p>\n<p><strong>Priorizar la protecci\u00f3n de los grupos m\u00e1s vulnerables<\/strong><\/p>\n<p>Ante esta realidad, el documento defiende la integraci\u00f3n de la vacunaci\u00f3n frente al VRS en las estrategias de inmunizaci\u00f3n de adultos de Castilla-La Mancha y recomienda priorizar la protecci\u00f3n de las personas mayores de 75 a\u00f1os, los pacientes con condiciones de alto riesgo cl\u00ednico y las personas institucionalizadas.<\/p>\n<p>Las sociedades cient\u00edficas consideran que avanzar en la prevenci\u00f3n del VRS permitir\u00e1 <strong>reducir las hospitalizaciones, los casos de enfermedad grave y la mortalidad<\/strong>, adem\u00e1s de disminuir la presi\u00f3n asistencial sobre Atenci\u00f3n Primaria, los hospitales y los recursos sociosanitarios, lo que contribuir\u00e1 a un modelo sanitario m\u00e1s preventivo, eficiente y equitativo.<\/p>\n","protected":false},"excerpt":{"rendered":"La Sociedad Castellanomanchega de M\u00e9dicos Generales y de Familia (SEMG CLM) ha presentado el documento de consenso &#8216;Recomendaci\u00f3n&hellip;\n","protected":false},"author":2,"featured_media":615377,"comment_status":"","ping_status":"","sticky":false,"template":"","format":"standard","meta":{"footnotes":""},"categories":[92],"tags":[7767,3196,6753,988,114860,14740,8737,23861,66047,25,24,3419,165,114861,446,2799,3477,696,34871,918,588,17585,1288,166,45138,23,28478,7589,30987],"class_list":["post-615376","post","type-post","status-publish","format-standard","has-post-thumbnail","category-salud","tag-adultos","tag-alto","tag-ampliar","tag-anos","tag-avalado","tag-cientificas","tag-clinico","tag-consenso","tag-documento","tag-es","tag-espana","tag-frente","tag-health","tag-institucionalizada","tag-mayores","tag-ocho","tag-personas","tag-poblacion","tag-priorizar","tag-propone","tag-proteccion","tag-reclama","tag-riesgo","tag-salud","tag-sociedades","tag-spain","tag-texto","tag-vacunacion","tag-vrs"],"share_on_mastodon":{"url":"https:\/\/pubeurope.com\/@es\/116777854518796059","error":""},"_links":{"self":[{"href":"https:\/\/www.europesays.com\/es\/wp-json\/wp\/v2\/posts\/615376","targetHints":{"allow":["GET"]}}],"collection":[{"href":"https:\/\/www.europesays.com\/es\/wp-json\/wp\/v2\/posts"}],"about":[{"href":"https:\/\/www.europesays.com\/es\/wp-json\/wp\/v2\/types\/post"}],"author":[{"embeddable":true,"href":"https:\/\/www.europesays.com\/es\/wp-json\/wp\/v2\/users\/2"}],"replies":[{"embeddable":true,"href":"https:\/\/www.europesays.com\/es\/wp-json\/wp\/v2\/comments?post=615376"}],"version-history":[{"count":0,"href":"https:\/\/www.europesays.com\/es\/wp-json\/wp\/v2\/posts\/615376\/revisions"}],"wp:featuredmedia":[{"embeddable":true,"href":"https:\/\/www.europesays.com\/es\/wp-json\/wp\/v2\/media\/615377"}],"wp:attachment":[{"href":"https:\/\/www.europesays.com\/es\/wp-json\/wp\/v2\/media?parent=615376"}],"wp:term":[{"taxonomy":"category","embeddable":true,"href":"https:\/\/www.europesays.com\/es\/wp-json\/wp\/v2\/categories?post=615376"},{"taxonomy":"post_tag","embeddable":true,"href":"https:\/\/www.europesays.com\/es\/wp-json\/wp\/v2\/tags?post=615376"}],"curies":[{"name":"wp","href":"https:\/\/api.w.org\/{rel}","templated":true}]}}