{"id":615408,"date":"2026-06-19T17:24:12","date_gmt":"2026-06-19T17:24:12","guid":{"rendered":"https:\/\/www.europesays.com\/es\/615408\/"},"modified":"2026-06-19T17:24:12","modified_gmt":"2026-06-19T17:24:12","slug":"alex-marquez-regresa-a-motogp-con-una-sonrisa-estar-aqui-ya-es-una-victoria-deportes","status":"publish","type":"post","link":"https:\/\/www.europesays.com\/es\/615408\/","title":{"rendered":"Alex M\u00e1rquez regresa a MotoGP con una sonrisa: \u201cEstar aqu\u00ed ya es una victoria\u201d | Deportes"},"content":{"rendered":"<p class=\"\">Como si nada hubiera ocurrido, Alex M\u00e1rquez compareci\u00f3 de nuevo en el \u2018paddock\u2019 de MotoGP repartiendo sonrisas, pero el alud de abrazos que recibi\u00f3 a lo largo de la jornada dej\u00f3 bien claro que no era un d\u00eda m\u00e1s para el peque\u00f1o de la saga familiar de campeones. El piloto del Ducati Gresini volv\u00eda a los circuitos despu\u00e9s de su fuerte accidente en el GP de Catalunya a mediados de mayo, donde roz\u00f3 la tragedia. Por fortuna,<a href=\"https:\/\/elpais.com\/deportes\/motociclismo\/2026-05-17\/alex-marquez-tiene-una-fractura-en-una-vertebra-cervical-y-la-clavicula-rota-tras-su-terrible-accidente-en-montmelo.html\" target=\"_self\" rel=\"nofollow noopener\" title=\"https:\/\/elpais.com\/deportes\/motociclismo\/2026-05-17\/alex-marquez-tiene-una-fractura-en-una-vertebra-cervical-y-la-clavicula-rota-tras-su-terrible-accidente-en-montmelo.html\"> pudo \u2018salvar\u2019 la papeleta con una fractura en la clav\u00edcula derecha y una afectaci\u00f3n marginal en una v\u00e9rtebra del cuello<\/a>, y este viernes regres\u00f3 a la acci\u00f3n acumulando 32 vueltas en Brno justo 33 d\u00edas despu\u00e9s de haberse lesionado y operado de inmediato para reparar el hombro maltrecho.<\/p>\n<p class=\"\">\u201cEstar aqu\u00ed ya es una victoria\u201d, dec\u00eda el gran protagonista del d\u00eda en el GP de la Rep\u00fablica Checa, que finaliz\u00f3 en decimoquinta plaza a ocho d\u00e9cimas del mejor tiempo marcado por el japon\u00e9s Ai Ogura (Aprilia Trackhouse), nuevo r\u00e9cord del circuito con un 1:51.735. \u201cEs una situaci\u00f3n que debes aceptar y olvidar. Si la ignoras, nunca la aceptar\u00e1s. Y si no la aceptas, te retiras. Por eso ped\u00ed ver la ca\u00edda enseguida. Es parte de las carreras, algo que puede pasar, y esta es mi pasi\u00f3n, por eso quiero continuar y volver a competir\u201d, a\u00f1ad\u00eda.<\/p>\n<p class=\"\">M\u00e1rquez se ha pasado las \u00faltimas semanas acortando plazos en su recuperaci\u00f3n, que ha reducido en unos 10 d\u00edas tras un esprint entre c\u00e1maras hiperb\u00e1ricas, varias sesiones de fisio al d\u00eda y muchas horas de gimnasio para recuperar fuerza y trabajo de cardio en la pista de atletismo. La primera semana estuvo postrado en la cama, la segunda empez\u00f3 a moverse sin forzar el cuello ni las v\u00e9rtebras afectadas; en la tercera empez\u00f3 a subir el ritmo, algo falto de fuerza en el hombro derecho, y en la cuarta aceler\u00f3 para plantarse hoy, en la quinta, encima de la moto con garant\u00edas. \u201cEstoy a buen nivel, pero algo limitado. Hasta despu\u00e9s del par\u00f3n veraniego no creo pueda alcanzar mi 100% encima de la moto\u201d, resum\u00eda, visiblemente dolorido tras la doble sesi\u00f3n de entrenos y tirando de antiinflamatorios y hielo.<\/p>\n<p class=\"\">\u201cVenir aqu\u00ed ya me hace muy feliz. Era algo que tambi\u00e9n era importante a nivel mental. Entrar a pista y sentirme piloto de nuevo. Estoy contento y muy cansado, pero me he sentido mejor de lo que esperaba\u201d, aseguraba el vigente subcampe\u00f3n,<a href=\"https:\/\/elpais.com\/deportes\/motociclismo\/2026-05-17\/gravisimo-accidente-de-alex-marquez-durante-la-carrera-del-gp-de-catalunya.html\" target=\"_self\" rel=\"nofollow noopener\" title=\"https:\/\/elpais.com\/deportes\/motociclismo\/2026-05-17\/gravisimo-accidente-de-alex-marquez-durante-la-carrera-del-gp-de-catalunya.html\"> que no recuerda del todo c\u00f3mo fue su ca\u00edda<\/a>, aunque las repeticiones se lo aclararon de inmediato cuando pidi\u00f3 verla una vez ingresado en el hospital y fuera de todo peligro: \u201cTen\u00eda \u2018flashes\u2019, pero no me acordaba al 100%. En ese momento me di cuenta de la suerte que hab\u00eda tenido, de haber evitado ese muro que hab\u00eda a mi derecha\u201d.<\/p>\n<p class=\"\">Tras pasar la madrugada del lunes 18 de mayo ingresado en la UCI del Hospital Universitari General de Catalunya en Sant Cugat del Vall\u00e9s, donde fue intervenido quir\u00fargicamente de la clav\u00edcula horas despu\u00e9s de su accidente, se desplaz\u00f3 a Madrid y decidi\u00f3 permanecer otros dos d\u00edas ingresado en el Hospital Ruber Internacional a su llegada a la capital, donde reside: \u201cCuando tienes un impacto tan grande, tu cuerpo necesita volver a aterrizar. Tardas una semana en sentirte normal, m\u00e1s all\u00e1 de los dolores. A partir de ah\u00ed te centras en volver, no tanto en el cu\u00e1ndo sino el c\u00f3mo lo har\u00e1s\u201d.<\/p>\n<p class=\"\">Ha sido poco m\u00e1s de un mes para espantar el susto y recuperar un m\u00ednimo tono f\u00edsico, y las revisiones m\u00e9dicas de estos \u00faltimos d\u00edas han constatado que est\u00e1 preparado para afrontar el reto con garant\u00edas. El doctor \u00c1ngel Charte, m\u00e1ximo responsable m\u00e9dico del certamen, no se despeg\u00f3 del n\u00famero 73 en todo el d\u00eda y termin\u00f3 por darle el apto para el resto del fin de semana. \u201cMe planteo el fin de semana como un entrenamiento, y voy a escuchar lo que me pide el cuerpo en todo momento\u201d, subray\u00f3 el piloto de Cervera.<\/p>\n<p class=\"\">En sus declaraciones, M\u00e1rquez tambi\u00e9n quiso aclarar que en su opini\u00f3n<a href=\"https:\/\/elpais.com\/deportes\/motociclismo\/2026-05-16\/alex-marquez-resiste-los-mordiscos-de-pedro-acosta-para-llevarse-la-sprint-en-el-gp-de-catalunya.html\" target=\"_self\" rel=\"nofollow noopener\" title=\"https:\/\/elpais.com\/deportes\/motociclismo\/2026-05-16\/alex-marquez-resiste-los-mordiscos-de-pedro-acosta-para-llevarse-la-sprint-en-el-gp-de-catalunya.html\"> el Circuit de Barcelona-Catalunya<\/a> es totalmente seguro, aunque no neg\u00f3 que siempre se pueden introducir mejoras y aprender de accidentes como el suyo en todos los trazados mundialistas.<\/p>\n","protected":false},"excerpt":{"rendered":"Como si nada hubiera ocurrido, Alex M\u00e1rquez compareci\u00f3 de nuevo en el \u2018paddock\u2019 de MotoGP repartiendo sonrisas, pero&hellip;\n","protected":false},"author":2,"featured_media":615409,"comment_status":"","ping_status":"","sticky":false,"template":"","format":"standard","meta":{"footnotes":""},"categories":[93],"tags":[22855,1762,168,1764,25,24,10480,10976,14726,16628,22854,1760,23,167],"class_list":["post-615408","post","type-post","status-publish","format-standard","has-post-thumbnail","category-deportes","tag-alex-marquez","tag-circuitos-velocidad","tag-deportes","tag-deportes-motor","tag-es","tag-espana","tag-lesiones","tag-lesiones-deportivas","tag-moto-gp","tag-motociclismo","tag-mundial-motociclismo","tag-pilotos-deportivos","tag-spain","tag-sports"],"share_on_mastodon":{"url":"https:\/\/pubeurope.com\/@es\/116777941243810349","error":""},"_links":{"self":[{"href":"https:\/\/www.europesays.com\/es\/wp-json\/wp\/v2\/posts\/615408","targetHints":{"allow":["GET"]}}],"collection":[{"href":"https:\/\/www.europesays.com\/es\/wp-json\/wp\/v2\/posts"}],"about":[{"href":"https:\/\/www.europesays.com\/es\/wp-json\/wp\/v2\/types\/post"}],"author":[{"embeddable":true,"href":"https:\/\/www.europesays.com\/es\/wp-json\/wp\/v2\/users\/2"}],"replies":[{"embeddable":true,"href":"https:\/\/www.europesays.com\/es\/wp-json\/wp\/v2\/comments?post=615408"}],"version-history":[{"count":0,"href":"https:\/\/www.europesays.com\/es\/wp-json\/wp\/v2\/posts\/615408\/revisions"}],"wp:featuredmedia":[{"embeddable":true,"href":"https:\/\/www.europesays.com\/es\/wp-json\/wp\/v2\/media\/615409"}],"wp:attachment":[{"href":"https:\/\/www.europesays.com\/es\/wp-json\/wp\/v2\/media?parent=615408"}],"wp:term":[{"taxonomy":"category","embeddable":true,"href":"https:\/\/www.europesays.com\/es\/wp-json\/wp\/v2\/categories?post=615408"},{"taxonomy":"post_tag","embeddable":true,"href":"https:\/\/www.europesays.com\/es\/wp-json\/wp\/v2\/tags?post=615408"}],"curies":[{"name":"wp","href":"https:\/\/api.w.org\/{rel}","templated":true}]}}