{"id":615470,"date":"2026-06-19T18:06:14","date_gmt":"2026-06-19T18:06:14","guid":{"rendered":"https:\/\/www.europesays.com\/es\/615470\/"},"modified":"2026-06-19T18:06:14","modified_gmt":"2026-06-19T18:06:14","slug":"curro-romero-visita-en-jerez-la-escultura-homenaje-a-su-amigo-rafael-de-paula","status":"publish","type":"post","link":"https:\/\/www.europesays.com\/es\/615470\/","title":{"rendered":"Curro Romero visita en Jerez la escultura homenaje a su amigo Rafael de Paula"},"content":{"rendered":"<p style=\"\">El pasado 15 de mayo se inaugur\u00f3 en la calle Circo, junto a la plaza de toros de Jerez, una escultura en homenaje al gran diestro Rafael de Paula. Fue un d\u00eda de gran expectaci\u00f3n en el que se reunieron familiares, amigos y miembros destacados  &#8230; del mundo del toro junto a Jos\u00e9 Antonio &#8216;Morante de la Puebla&#8217;, impulsor de esta iniciativa que vio la luz meses despu\u00e9s del fallecimiento, el pasado mes de noviembre, del genio de Jerez.<\/p>\n<p class=\"v-d-p\" style=\"\">En aquella ocasi\u00f3n, Curro Romero, gran amigo de Rafael, no pudo asistir al acto de inauguraci\u00f3n de la escultura. Una espinita que ten\u00eda pendiente y que este viernes se ha sacado cuando, acompa\u00f1ado por uno de los hijos del diestro, el escritor y colaborador de ABC Jes\u00fas Soto de Paula, ha podido ver en persona el magistral trabajo del escultor onubense Mart\u00edn Lagares, que ha sido capaz de recrear en bronce no s\u00f3lo la figura del torero, sino tambi\u00e9n su arte, su genio y su toreo eterno.<\/p>\n<p class=\"v-d-p\" style=\"\">Con un inmejorable aspecto tras el \u00faltimo achaque en su salud producido por una neumon\u00eda en el mes de abril, Curro ha posado sonriente y nost\u00e1lgico ante la estatua de su amigo, nombre propio en la historia de la tauromaquia que muri\u00f3 el pasado mes de noviembre a los 85 a\u00f1os. <\/p>\n<p><img decoding=\"async\" loading=\"lazy\" src=\"https:\/\/www.europesays.com\/es\/wp-content\/uploads\/2026\/06\/curro-romero-rafale-paula-jerez (2)-U80726886014mXq-680x900@diario_abc.jpg\" class=\"v-a-img\" width=\"680\" height=\"478\" alt=\"Curro Romero posa con Jes\u00fas Soto de Paula ante la escultura de Rafael de Paula delante de la plaza de toros de Jerez\" data-voc-vtm-id=\"in-text-traffic\"\/><\/p>\n<p>Curro Romero posa con Jes\u00fas Soto de Paula ante la escultura de Rafael de Paula delante de la plaza de toros de Jerez.<\/p>\n<p>(ABC)<\/p>\n<p class=\"v-d-p\" style=\"\">De hecho, la recientemente celebrada feria taurina de Jerez ha sido un homenaje tanto a Paula como al caballero rejoneador \u00c1lvaro Domecq, tambi\u00e9n fallecido en el mes de noviembre y a la misma edad del torero de Jerez. Las de la Feria del Caballo fueron fechas especiales no s\u00f3lo para los aficionados taurinos, sino tambi\u00e9n para Morante de la Puebla, quien eligi\u00f3 la plaza jerezana para homenajear al que considera \u00absu padre espiritual\u00bb y reaparacer tras la grave cogida sufrida en la Maestranza la pasada Feria de Abril.<\/p>\n<p>\nAdmiraci\u00f3n por Romero\n<\/p>\n<p class=\"v-d-p\" style=\"\">Entre Curro Romero y Jes\u00fas Soto tambi\u00e9n existe una relaci\u00f3n especial. El hijo de Rafael siempre ha mostrado un profundo respeto y admiraci\u00f3n por el camero, al que reconoci\u00f3 su cercan\u00eda y amistad en los momentos m\u00e1s duros de su padre. De hecho su obra \u00abTorer\u00edas y diabluras\u00bb, publicada en el a\u00f1o 2014 por Editorial EA, fue prologada por el Fara\u00f3n. En una entrevista concedida a ABC de Sevilla, Soto de Paula declaraba que \u00abuna obra, un libro m\u00edo, quede para la posteridad con sus palabras, es algo que me llena de satisfacci\u00f3n, que deje el temple de su palabra. Porque \u00e9l habla como torea, despacito, a fuego lento, como est\u00e1 escrito el libro.\u00bb<\/p>\n","protected":false},"excerpt":{"rendered":"El pasado 15 de mayo se inaugur\u00f3 en la calle Circo, junto a la plaza de toros de&hellip;\n","protected":false},"author":2,"featured_media":615471,"comment_status":"","ping_status":"","sticky":false,"template":"","format":"standard","meta":{"footnotes":""},"categories":[173],"tags":[4420,229,233,231,230,778,232,234,146,147,25,1246,24,6552,15643,8464,12527,13603,23,938],"class_list":["post-615470","post","type-post","status-publish","format-standard","has-post-thumbnail","category-arte-y-diseno","tag-amigo","tag-arte","tag-arte-y-diseno","tag-arts","tag-arts-and-design","tag-curro","tag-design","tag-diseno","tag-entertainment","tag-entretenimiento","tag-es","tag-escultura","tag-espana","tag-homenaje","tag-jerez","tag-paula","tag-rafael","tag-romero","tag-spain","tag-visita"],"share_on_mastodon":{"url":"https:\/\/pubeurope.com\/@es\/116778106922089614","error":""},"_links":{"self":[{"href":"https:\/\/www.europesays.com\/es\/wp-json\/wp\/v2\/posts\/615470","targetHints":{"allow":["GET"]}}],"collection":[{"href":"https:\/\/www.europesays.com\/es\/wp-json\/wp\/v2\/posts"}],"about":[{"href":"https:\/\/www.europesays.com\/es\/wp-json\/wp\/v2\/types\/post"}],"author":[{"embeddable":true,"href":"https:\/\/www.europesays.com\/es\/wp-json\/wp\/v2\/users\/2"}],"replies":[{"embeddable":true,"href":"https:\/\/www.europesays.com\/es\/wp-json\/wp\/v2\/comments?post=615470"}],"version-history":[{"count":0,"href":"https:\/\/www.europesays.com\/es\/wp-json\/wp\/v2\/posts\/615470\/revisions"}],"wp:featuredmedia":[{"embeddable":true,"href":"https:\/\/www.europesays.com\/es\/wp-json\/wp\/v2\/media\/615471"}],"wp:attachment":[{"href":"https:\/\/www.europesays.com\/es\/wp-json\/wp\/v2\/media?parent=615470"}],"wp:term":[{"taxonomy":"category","embeddable":true,"href":"https:\/\/www.europesays.com\/es\/wp-json\/wp\/v2\/categories?post=615470"},{"taxonomy":"post_tag","embeddable":true,"href":"https:\/\/www.europesays.com\/es\/wp-json\/wp\/v2\/tags?post=615470"}],"curies":[{"name":"wp","href":"https:\/\/api.w.org\/{rel}","templated":true}]}}