{"id":615544,"date":"2026-06-19T18:55:18","date_gmt":"2026-06-19T18:55:18","guid":{"rendered":"https:\/\/www.europesays.com\/es\/615544\/"},"modified":"2026-06-19T18:55:18","modified_gmt":"2026-06-19T18:55:18","slug":"sober-anuncia-las-primeras-fechas-de-anandamida-tour-la-gira-con-la-que-presentara-su-proximo-disco-mariskalrock-com","status":"publish","type":"post","link":"https:\/\/www.europesays.com\/es\/615544\/","title":{"rendered":"S\u00f4ber anuncia las primeras fechas de &quot;Anandamida Tour&quot;, la gira con la que presentar\u00e1 su pr\u00f3ximo disco &#8211; MariskalRock.com"},"content":{"rendered":"<ol>\n<li><a href=\"https:\/\/news.google.com\/rss\/articles\/CBMi0gFBVV95cUxOMXd1bDRIREt1ZDhlUThMVk9ldWlaYlhOb3BzYWYyVDlOU0I2c3h6eDNMZWFKSnhveU5raWo2blJ3WXhlZGttS0JGNXF3eGg2RTlUWlRXakNaTTFWNjRVZUFjZ19xSFZmTmFibS1zNk5MVUFqSzFGNFZwdkdTX3ZCMFJqY2t2Q09hRVotaWtuUGhhWXdyTE5SOVpmV2NGR09qZEJWaklDdlo4NldFZFFOdC0yVFV0ZkltNXdIeVJsS05heDhjcmdLYXFxc2ZYb1JldGc?oc=5\" target=\"_blank\" rel=\"nofollow noopener\">S\u00f4ber anuncia las primeras fechas de \u00abAnandamida Tour\u00bb, la gira con la que presentar\u00e1 su pr\u00f3ximo disco<\/a>&nbsp;&nbsp;MariskalRock.com<\/li>\n<li><a href=\"https:\/\/news.google.com\/rss\/articles\/CBMifEFVX3lxTE44SmgwcElXMmRNSXRWRVJ6eFcweTI3MXFlaThtTi1yVUo5bFBNX2tLc1hFUEdxMWhTSXI3R3lTbGNrSFJ3U09acjVjUlpxVmlWN0w2dG4xVTlMMHZ6NmVudXVYOFlBM1NtcXJDYUx6NlhUWVJLSUZGRjdIZDI?oc=5\" target=\"_blank\" rel=\"nofollow noopener\">S\u00f4ber estrena \u00abIndestructible\u00bb y abre una nueva etapa con Juan S\u00e1nchez a las guitarras<\/a>&nbsp;&nbsp;Stairway to Rock<\/li>\n<li><a href=\"https:\/\/news.google.com\/rss\/articles\/CBMiekFVX3lxTFBXQkF4a093WDV2cko4RXFNSzk3YzJmdU9QRUE2VE9zZTdGSlNuRDFJcDRHWTZfaDNCY2EzRG5zSk1fWWhkZmc1WVQ4UV9uUnZTVWhIUWlSR21NZXF5cU5mM1lJRkt4NVdHWjlXNW9oYUJLNTJtai1pSXB3?oc=5\" target=\"_blank\" rel=\"nofollow noopener\">S\u00f4ber: Concierto y Entradas | 16 de enero de 2027<\/a>&nbsp;&nbsp;Conciertos por Madrid<\/li>\n<li><a href=\"https:\/\/news.google.com\/rss\/articles\/CBMiiwFBVV95cUxNVHExMFoyWHRhZUJYRnlHMEdjZ1huMjVRUVRBMWs5Y0ctWm5GandxelJGMUotTlZCLW1YMW9QQ2VocFNWWDFEOVJTS1paUDFmRlJtdm5WRG9yRVdHSkVBSkZadl9xdURSVW9pcVlEMFY0TEx5WVdGNEpJc3VfYUdQWG14ZXVfQTZJUXRz?oc=5\" target=\"_blank\" rel=\"nofollow noopener\">S\u00f4ber regresa con un canto a la resistencia: \u2018Indestructible\u2019<\/a>&nbsp;&nbsp;Mercadeo Pop<\/li>\n<li><a href=\"https:\/\/news.google.com\/rss\/articles\/CBMigAFBVV95cUxPc3h5TXNDWjlDQkRjRFRmUjY0bHFIakJ1dElFNE1yMjVBRmpGVThuS291bDdVQnJCc042cnpoOXhHSmZpZEJaWWUwU2J3clVZY3VMSXhDVjh1V2tkaWVJc29TWXlZS1RVd1psSDFpVHR5MENtcW9EVGRUT2ViR3dZbg?oc=5\" target=\"_blank\" rel=\"nofollow noopener\">S\u00f4ber anuncia primeras fechas de \u00abAnandamida Tour\u00bb<\/a>&nbsp;&nbsp;RockTotal.com<\/li>\n<\/ol>\n","protected":false},"excerpt":{"rendered":"S\u00f4ber anuncia las primeras fechas de \u00abAnandamida Tour\u00bb, la gira con la que presentar\u00e1 su pr\u00f3ximo disco&nbsp;&nbsp;MariskalRock.com S\u00f4ber&hellip;\n","protected":false},"author":2,"featured_media":603184,"comment_status":"","ping_status":"","sticky":false,"template":"","format":"standard","meta":{"footnotes":""},"categories":[170],"tags":[114883,53132,146,147,25,24,99712,4622,184,185,48270,23],"class_list":["post-615544","post","type-post","status-publish","format-standard","has-post-thumbnail","category-musica","tag-anandamida-tour","tag-carlos-escobedo","tag-entertainment","tag-entretenimiento","tag-es","tag-espana","tag-indestructible","tag-mr2022","tag-music","tag-musica","tag-sober","tag-spain"],"share_on_mastodon":{"url":"https:\/\/pubeurope.com\/@es\/116778298639443973","error":""},"_links":{"self":[{"href":"https:\/\/www.europesays.com\/es\/wp-json\/wp\/v2\/posts\/615544","targetHints":{"allow":["GET"]}}],"collection":[{"href":"https:\/\/www.europesays.com\/es\/wp-json\/wp\/v2\/posts"}],"about":[{"href":"https:\/\/www.europesays.com\/es\/wp-json\/wp\/v2\/types\/post"}],"author":[{"embeddable":true,"href":"https:\/\/www.europesays.com\/es\/wp-json\/wp\/v2\/users\/2"}],"replies":[{"embeddable":true,"href":"https:\/\/www.europesays.com\/es\/wp-json\/wp\/v2\/comments?post=615544"}],"version-history":[{"count":0,"href":"https:\/\/www.europesays.com\/es\/wp-json\/wp\/v2\/posts\/615544\/revisions"}],"wp:featuredmedia":[{"embeddable":true,"href":"https:\/\/www.europesays.com\/es\/wp-json\/wp\/v2\/media\/603184"}],"wp:attachment":[{"href":"https:\/\/www.europesays.com\/es\/wp-json\/wp\/v2\/media?parent=615544"}],"wp:term":[{"taxonomy":"category","embeddable":true,"href":"https:\/\/www.europesays.com\/es\/wp-json\/wp\/v2\/categories?post=615544"},{"taxonomy":"post_tag","embeddable":true,"href":"https:\/\/www.europesays.com\/es\/wp-json\/wp\/v2\/tags?post=615544"}],"curies":[{"name":"wp","href":"https:\/\/api.w.org\/{rel}","templated":true}]}}