{"id":615579,"date":"2026-06-19T19:20:16","date_gmt":"2026-06-19T19:20:16","guid":{"rendered":"https:\/\/www.europesays.com\/es\/615579\/"},"modified":"2026-06-19T19:20:16","modified_gmt":"2026-06-19T19:20:16","slug":"rafa-jodar-tampoco-jugara-en-eastbourne-y-apura-para-llegar-a-wimbledon-tenis-deportes","status":"publish","type":"post","link":"https:\/\/www.europesays.com\/es\/615579\/","title":{"rendered":"Rafa J\u00f3dar tampoco jugar\u00e1 en Eastbourne y apura para llegar a Wimbledon | Tenis | Deportes"},"content":{"rendered":"<p class=\"\">Rafael J\u00f3dar, ausente estos d\u00edas en el torneo de Queen\u2019s <a href=\"https:\/\/elpais.com\/deportes\/tenis\/2026-06-15\/rafa-jodar-baja-en-queens-por-un-dolor-abdominal.html\" target=\"_self\" rel=\"nofollow noopener\" title=\"https:\/\/elpais.com\/deportes\/tenis\/2026-06-15\/rafa-jodar-baja-en-queens-por-un-dolor-abdominal.html\">a causa de una lesi\u00f3n abdominal<\/a>, tampoco competir\u00e1 la pr\u00f3xima semana en Eastbourne, la segunda cita de la gira de hierba que figuraba en su calendario. Seg\u00fan ha podido confirmar este peri\u00f3dico, el tenista espa\u00f1ol (19 a\u00f1os) no he terminado de recuperarse de la dolencia en esa zona muscular y apurar\u00e1 los diez d\u00edas que restan para el inicio de Wimbledon (del 29 al 12 de julio) con el objetivo de participar por primera vez en el grande ingl\u00e9s. El madrile\u00f1o \u201cva mejorando\u201d y conf\u00eda en que la pausa de estas dos semanas le permita estar en condiciones pr\u00f3ximamente.<\/p>\n<p class=\"\">De este modo, si J\u00f3dar lograse llegar a tiempo lo har\u00eda sin haberse probado en competici\u00f3n. Se desplaz\u00f3 a Londres antes de Queen\u2019s y all\u00ed pudo hacer una primera toma de contacto, pero al comprobar que las molestias no remit\u00edan regres\u00f3 a Madrid para someterse a unas pruebas m\u00e9dicas. La recomendaci\u00f3n fue \u201cno forzar\u201d y, en esa l\u00ednea, no repcipitar\u00e1 su reaparici\u00f3n. El jugador de Legan\u00e9s ha logrado ascender al puesto 23\u00ba del ranking y en abril logr\u00f3 <a href=\"https:\/\/elpais.com\/deportes\/tenis\/2026-04-05\/rafa-jodar-conquista-en-marrakech-su-primer-trofeo-de-la-atp.html\" target=\"_self\" rel=\"nofollow noopener\" title=\"https:\/\/elpais.com\/deportes\/tenis\/2026-04-05\/rafa-jodar-conquista-en-marrakech-su-primer-trofeo-de-la-atp.html\">su primer trofeo en la \u00e9lite<\/a>, al vencer en Marrakech. Previamente accedi\u00f3 por primera vez a un cuadro principal (Australia) y luego firm\u00f3 unos resultados notables sobre tierra.<\/p>\n<p>M\u00e1s informaci\u00f3n<\/p>\n<p class=\"\">Su experiencia sobre c\u00e9sped se ci\u00f1e a los diez partidos que jug\u00f3 en su etapa como j\u00fanior; en concreto, los que le guiaron al t\u00edtulo de Roehampton y luego a los cuartos de final alcanzados hace dos a\u00f1os en Wimbledon. El pr\u00f3ximo viernes se celebrar\u00e1 el sorteo en el All England Club y ese d\u00eda marca el l\u00edmite para tomar una decisi\u00f3n. Desde su c\u00edrculo transmiten confianza.<\/p>\n<p class=\"\">Por otra parte, este viernes depar\u00f3 una doble eliminaci\u00f3n en clave espa\u00f1ola. Paula Badosa no pudo contrarrestar a la checa Linda Noskova y se despidi\u00f3 del torneo de Berl\u00edn al caer por 6-1 y 6-3 (en 1h 08m). La espa\u00f1ola, de 28 a\u00f1os y 142\u00aa del mundo, hab\u00eda logrado batir a Suzan Lamens y Coco Gauff. Al cierre de la tarde, Alejandro Davidovich se inclin\u00f3 en la misma ronda (cuartos) de Queen\u2019s, ante Tommy Paul. El estadounidense, ganador del t\u00edtulo en 2024, dirigi\u00f3 un duelo que se resolvi\u00f3 con un 6-3 y 7-6(4), tras 1h 27m. El malague\u00f1o, de 27 a\u00f1os y 22\u00ba, ha perdido las seis veces que se ha cruzado con el norteamericano. <\/p>\n","protected":false},"excerpt":{"rendered":"Rafael J\u00f3dar, ausente estos d\u00edas en el torneo de Queen\u2019s a causa de una lesi\u00f3n abdominal, tampoco competir\u00e1&hellip;\n","protected":false},"author":2,"featured_media":615580,"comment_status":"","ping_status":"","sticky":false,"template":"","format":"standard","meta":{"footnotes":""},"categories":[93],"tags":[17145,1540,2911,168,25,24,7228,9408,69993,2444,23,167,327,26588,11759,546,5906],"class_list":["post-615579","post","type-post","status-publish","format-standard","has-post-thumbnail","category-deportes","tag-atp-tour","tag-competiciones","tag-davidovich","tag-deportes","tag-es","tag-espana","tag-londres","tag-paula-badosa","tag-rafa-jodar","tag-reino-unido","tag-spain","tag-sports","tag-tenis","tag-tenis-femenino","tag-tenistas","tag-wimbledon","tag-wta-tour"],"share_on_mastodon":{"url":"","error":""},"_links":{"self":[{"href":"https:\/\/www.europesays.com\/es\/wp-json\/wp\/v2\/posts\/615579","targetHints":{"allow":["GET"]}}],"collection":[{"href":"https:\/\/www.europesays.com\/es\/wp-json\/wp\/v2\/posts"}],"about":[{"href":"https:\/\/www.europesays.com\/es\/wp-json\/wp\/v2\/types\/post"}],"author":[{"embeddable":true,"href":"https:\/\/www.europesays.com\/es\/wp-json\/wp\/v2\/users\/2"}],"replies":[{"embeddable":true,"href":"https:\/\/www.europesays.com\/es\/wp-json\/wp\/v2\/comments?post=615579"}],"version-history":[{"count":0,"href":"https:\/\/www.europesays.com\/es\/wp-json\/wp\/v2\/posts\/615579\/revisions"}],"wp:featuredmedia":[{"embeddable":true,"href":"https:\/\/www.europesays.com\/es\/wp-json\/wp\/v2\/media\/615580"}],"wp:attachment":[{"href":"https:\/\/www.europesays.com\/es\/wp-json\/wp\/v2\/media?parent=615579"}],"wp:term":[{"taxonomy":"category","embeddable":true,"href":"https:\/\/www.europesays.com\/es\/wp-json\/wp\/v2\/categories?post=615579"},{"taxonomy":"post_tag","embeddable":true,"href":"https:\/\/www.europesays.com\/es\/wp-json\/wp\/v2\/tags?post=615579"}],"curies":[{"name":"wp","href":"https:\/\/api.w.org\/{rel}","templated":true}]}}