{"id":615581,"date":"2026-06-19T19:21:16","date_gmt":"2026-06-19T19:21:16","guid":{"rendered":"https:\/\/www.europesays.com\/es\/615581\/"},"modified":"2026-06-19T19:21:16","modified_gmt":"2026-06-19T19:21:16","slug":"la-genetica-gana-protagonismo-en-el-diagnostico-de-las-enfermedades-autoinflamatorias","status":"publish","type":"post","link":"https:\/\/www.europesays.com\/es\/615581\/","title":{"rendered":"La gen\u00e9tica gana protagonismo en el diagn\u00f3stico de las enfermedades autoinflamatorias"},"content":{"rendered":"<p>Las enfermedades autoinflamatorias mediadas por la interleucina 1 (IL-1) centraron este viernes la cuarta edici\u00f3n de ILUM1NA, un encuentro cient\u00edfico celebrado en Madrid que reuni\u00f3 a m\u00e1s de medio centenar de especialistas de distintas disciplinas con el objetivo de profundizar en los retos diagn\u00f3sticos y terap\u00e9uticos de estas patolog\u00edas. Bajo el lema M\u00e1s luz sobre &#8230;            &#13;\n        <\/p>\n<p class=\"MsoNormal\">Las <strong>enfermedades autoinflamatorias mediadas por la&#13;<br \/>\ninterleucina 1 (IL-1)<\/strong> centraron este viernes la cuarta edici\u00f3n de <strong>ILUM1NA<\/strong>,&#13;<br \/>\nun encuentro cient\u00edfico celebrado en Madrid que reuni\u00f3 a m\u00e1s de medio centenar&#13;<br \/>\nde especialistas de distintas disciplinas con el objetivo de profundizar en los&#13;<br \/>\nretos diagn\u00f3sticos y terap\u00e9uticos de estas patolog\u00edas.<\/p>\n<p class=\"MsoNormal\">Bajo el lema <strong>M\u00e1s luz sobre las enfermedades&#13;<br \/>\nautoinflamatorias mediadas por la IL-1<\/strong>, el programa abord\u00f3 la creciente&#13;<br \/>\ncomplejidad de un grupo de enfermedades poco frecuentes que requieren una&#13;<br \/>\naproximaci\u00f3n multidisciplinar, una mayor precisi\u00f3n diagn\u00f3stica y estrategias&#13;<br \/>\nterap\u00e9uticas individualizadas para prevenir el da\u00f1o inflamatorio acumulado.<\/p>\n<p class=\"MsoNormal\">El encuentro estuvo coordinado por los doctores <strong>Juli\u00e1n&#13;<br \/>\nFern\u00e1ndez Mart\u00edn<\/strong>, internista del Hospital \u00c1lvaro Cunqueiro de Vigo,&#13;<br \/>\ny <strong>Sara Murias<\/strong>, pediatra general y reumat\u00f3loga pedi\u00e1trica en el&#13;<br \/>\nHospital Universitario Central de Asturias, y cont\u00f3 con la participaci\u00f3n de&#13;<br \/>\nexpertos en gen\u00e9tica, reumatolog\u00eda pedi\u00e1trica, medicina interna, inmunolog\u00eda y&#13;<br \/>\notras especialidades implicadas en el manejo de estos pacientes.<\/p>\n<p class=\"MsoNormal\">Fern\u00e1ndez Mart\u00edn, que agradeci\u00f3 el apoyo de <strong>Sobi<\/strong>,&#13;<br \/>\ndestac\u00f3 que \u00abesta \u00e1rea de la medicina es muy cambiante\u00bb y que los&#13;<br \/>\nprofesionales est\u00e1n \u00abaprendiendo todos los d\u00edas\u00bb. Murias anim\u00f3 a los&#13;<br \/>\nasistentes a participar activamente durante las distintas sesiones para&#13;<br \/>\ncompartir experiencias y dudas cl\u00ednicas.<\/p>\n<p class=\"MsoNormal\">Las enfermedades autoinflamatorias constituyen un grupo de&#13;<br \/>\ntrastornos causados por alteraciones del sistema inmunitario innato y se&#13;<br \/>\ncaracterizan por episodios recurrentes o persistentes de inflamaci\u00f3n sin que&#13;<br \/>\nexista un papel predominante de los mecanismos autoinmunes cl\u00e1sicos. Dentro de&#13;<br \/>\neste grupo se incluyen patolog\u00edas como la <strong>enfermedad de Still<\/strong>, los <strong>s\u00edndromes&#13;<br \/>\nperi\u00f3dicos asociados a la criopirina (CAPS)<\/strong> o la <strong>fiebre mediterr\u00e1nea&#13;<br \/>\nfamiliar<\/strong>.<img decoding=\"async\" src=\"https:\/\/www.europesays.com\/es\/wp-content\/uploads\/2026\/06\/immedicohospitalario_genetica_gana_protagonismo__57006_19122912.png\"\/><\/p>\n<p class=\"MsoNormal\">Uno de los ejes de la reuni\u00f3n fue la mejora del diagn\u00f3stico&#13;<br \/>\nde estas enfermedades mediante la <strong>gen\u00e9tica<\/strong>. La <strong>Dra. \u00c1ngela Guti\u00e9rrez&#13;<br \/>\nRojas<\/strong>, internista del Hospital Universitario Puerta de Hierro (Madrid),&#13;<br \/>\nprotagoniz\u00f3 el coloquio Diagn\u00f3stico y gen\u00e9tica en EAIs: interpretaci\u00f3n y&#13;<br \/>\ntoma de decisiones, moderado por Fern\u00e1ndez Mart\u00edn y Murias.<\/p>\n<p class=\"MsoNormal\">La especialista plante\u00f3 que la estrategia diagn\u00f3stica debe&#13;<br \/>\nadaptarse al perfil de cada paciente. En aquellos casos con un fenotipo muy&#13;<br \/>\nsugestivo de enfermedad autoinflamatoria, caracterizado por fiebre recurrente&#13;<br \/>\nsin causa aparente, rash t\u00edpico, serositis o antecedentes familiares&#13;<br \/>\ncompatibles, consider\u00f3 \u00fatil solicitar <strong>estudios gen\u00e9ticos amplios<\/strong> desde&#13;<br \/>\nel inicio para evitar retrasos diagn\u00f3sticos. Por el contrario, en cuadros menos&#13;<br \/>\ndefinidos estim\u00f3 prioritario descartar previamente otras causas autoinmunes,&#13;<br \/>\ninfecciosas o neopl\u00e1sicas.<\/p>\n<p class=\"MsoNormal\">A su juicio, el principal desaf\u00edo ya no es el acceso a la <strong>secuenciaci\u00f3n&#13;<br \/>\ngen\u00e9tica<\/strong>, sino la interpretaci\u00f3n de los resultados. \u00abLa sospecha cl\u00ednica&#13;<br \/>\nsiempre va por delante\u00bb, apunt\u00f3 durante el coloquio. En este sentido,&#13;<br \/>\nincidi\u00f3 en la necesidad de una comunicaci\u00f3n fluida entre cl\u00ednicos, genetistas y&#13;<br \/>\nlaboratorios para seleccionar la prueba m\u00e1s adecuada y contextualizar&#13;<br \/>\ncorrectamente los hallazgos.<\/p>\n<p class=\"MsoNormal\">Guti\u00e9rrez Rojas profundiz\u00f3 en las distintas herramientas&#13;<br \/>\ndiagn\u00f3sticas disponibles. Los paneles gen\u00e9ticos pueden resultar especialmente&#13;<br \/>\n\u00fatiles cuando existe una sospecha concreta de determinadas entidades, mientras&#13;<br \/>\nque el exoma suele reservarse para casos m\u00e1s complejos o peor definidos. Una de&#13;<br \/>\nsus ventajas es que permite realizar revisiones posteriores a medida que se&#13;<br \/>\nidentifican nuevos genes o mecanismos relacionados con la enfermedad.<\/p>\n<p class=\"MsoNormal\">La internista apost\u00f3 por un abordaje sistem\u00e1tico cuando los&#13;<br \/>\nresultados no son concluyentes. Entre las medidas recomendadas cit\u00f3 la&#13;<br \/>\nreevaluaci\u00f3n de la sospecha cl\u00ednica inicial, la incorporaci\u00f3n de nueva&#13;<br \/>\ninformaci\u00f3n familiar, la revisi\u00f3n de la calidad de las muestras y de la&#13;<br \/>\ncobertura obtenida, as\u00ed como la consulta con centros expertos o el empleo de&#13;<br \/>\nt\u00e9cnicas complementarias. \u00abUn estudio no concluyente no es el final del&#13;<br \/>\nproceso diagn\u00f3stico\u00bb, resumi\u00f3.<\/p>\n<p class=\"MsoNormal\">Otro de los mensajes que surgieron fue la importancia del <strong>rean\u00e1lisis&#13;<br \/>\ngen\u00e9tico<\/strong>. Declar\u00f3 que el conocimiento sobre estas enfermedades avanza de&#13;<br \/>\nforma constante y que muchos pacientes pueden obtener hoy una respuesta&#13;<br \/>\ndiagn\u00f3stica gracias al descubrimiento de nuevos genes o a la mejor comprensi\u00f3n&#13;<br \/>\nde variantes previamente clasificadas como inciertas.<\/p>\n<p class=\"MsoNormal\">Precisamente, una parte del coloquio entr\u00f3 en las <strong>variantes&#13;<br \/>\nde significado incierto<\/strong>. Guti\u00e9rrez Rojas dijo que estas alteraciones no&#13;<br \/>\ndeben utilizarse como criterio diagn\u00f3stico hasta demostrar su relaci\u00f3n causal&#13;<br \/>\ncon la enfermedad. Para ello, resulta fundamental correlacionar los hallazgos&#13;<br \/>\ncon el fenotipo cl\u00ednico, estudiar la segregaci\u00f3n familiar y revisar peri\u00f3dicamente&#13;<br \/>\nla literatura cient\u00edfica.<\/p>\n<p class=\"MsoNormal\">Dedic\u00f3 parte de su intervenci\u00f3n a los denominados <strong>mosaicos&#13;<br \/>\ngen\u00e9ticos<\/strong>, alteraciones que aparecen despu\u00e9s de la formaci\u00f3n del embri\u00f3n y&#13;<br \/>\nque no est\u00e1n presentes en todas las c\u00e9lulas del organismo. Estos casos pueden&#13;<br \/>\nmanifestarse con fenotipos incompletos, at\u00edpicos o de inicio tard\u00edo, lo que&#13;<br \/>\ndificulta su identificaci\u00f3n. Aunque la secuenciaci\u00f3n masiva permite detectar&#13;<br \/>\nparte de estos mosaicos, en ocasiones es necesario estudiar diferentes tejidos&#13;<br \/>\npara alcanzar el diagn\u00f3stico definitivo.<img decoding=\"async\" src=\"https:\/\/www.europesays.com\/es\/wp-content\/uploads\/2026\/06\/immedicohospitalario_genetica_gana_protagonismo__57006_19122955.png\"\/><\/p>\n<p class=\"MsoNormal\">Otro de los contenidos, muy\u00a0pr\u00e1ctico, lleg\u00f3 de la mano del <strong>Dr.&#13;<br \/>\nFernando Tornero<\/strong>, internista del Hospital Universitario Fundaci\u00f3n&#13;<br \/>\nJim\u00e9nez D\u00edaz (Madrid), durante la ponencia HLH en foco: detecci\u00f3n precoz&#13;<br \/>\ny coordinaci\u00f3n hospitalaria en s\u00edndromes hiperinflamatorios. Repas\u00f3 las&#13;<br \/>\ndificultades que siguen existiendo para reconocer de forma temprana la <strong>linfohistiocitosis&#13;<br \/>\nhemofagoc\u00edtica (HLH)<\/strong> o <strong>s\u00edndrome de activaci\u00f3n macrof\u00e1gica (SAM)<\/strong>, una&#13;<br \/>\ncomplicaci\u00f3n potencialmente mortal en la que el tiempo resulta determinante.&#13;<br \/>\nSeg\u00fan indic\u00f3, muchos de los criterios diagn\u00f3sticos actualmente disponibles&#13;<br \/>\nparten de la premisa de que los profesionales identifican r\u00e1pidamente estos&#13;<br \/>\ncuadros, cuando la realidad es que numerosos pacientes presentan&#13;<br \/>\nmanifestaciones poco espec\u00edficas y el diagn\u00f3stico suele requerir par\u00e1metros que&#13;<br \/>\nno est\u00e1n disponibles de forma inmediata en los servicios de urgencias, como&#13;<br \/>\nferritina, CD25, biopsias o estudios gen\u00e9ticos.<\/p>\n<p class=\"MsoNormal\">A partir de esa experiencia, Tornero relat\u00f3 la puesta en&#13;<br \/>\nmarcha de un sistema de alerta temprana en la Fundaci\u00f3n Jim\u00e9nez D\u00edaz basado en&#13;<br \/>\npar\u00e1metros anal\u00edticos obtenidos de forma rutinaria. El protocolo genera una&#13;<br \/>\nalerta autom\u00e1tica cuando coinciden determinados valores de prote\u00edna C reactiva,&#13;<br \/>\nfibrin\u00f3geno y triglic\u00e9ridos, enviando un aviso simult\u00e1neo al m\u00e9dico&#13;<br \/>\nresponsable, internistas, intensivistas, hemat\u00f3logos y profesionales de&#13;<br \/>\nurgencias para revisar el caso de manera coordinada.<\/p>\n<p class=\"MsoNormal\">La iniciativa comenz\u00f3 a funcionar el pasado 1 de marzo y ya&#13;<br \/>\nha permitido identificar varios pacientes con cuadros hiperinflamatorios&#13;<br \/>\ngraves. Entre los ejemplos presentados figur\u00f3 un paciente con peritonitis&#13;<br \/>\ns\u00e9ptica persistente que desarroll\u00f3 un s\u00edndrome de liberaci\u00f3n de citocinas y&#13;<br \/>\notro enfermo oncol\u00f3gico en tratamiento inmunoter\u00e1pico que fue diagnosticado de&#13;<br \/>\ns\u00edndrome de activaci\u00f3n macrof\u00e1gica en menos de 24 horas gracias a la alerta&#13;<br \/>\ngenerada por el sistema.<\/p>\n<p class=\"MsoNormal\">Los primeros resultados muestran cinco alertas activadas y&#13;<br \/>\ntres diagn\u00f3sticos confirmados, cifras que, en opini\u00f3n del ponente, respaldan la&#13;<br \/>\nutilidad de una herramienta que todav\u00eda se encuentra en fase inicial de&#13;<br \/>\ndesarrollo. Tornero reconoci\u00f3 la existencia de falsos positivos y algunos casos&#13;<br \/>\nque pueden escapar al sistema, pero defendi\u00f3 que permite reducir de forma significativa&#13;<br \/>\nlos tiempos de evaluaci\u00f3n y tratamiento.<\/p>\n<p class=\"MsoNormal\">Como conclusi\u00f3n, apost\u00f3 por un abordaje multidisciplinar que&#13;<br \/>\ninvolucre a profesionales de diferentes \u00e1reas, desde el laboratorio hasta las&#13;<br \/>\nunidades de cuidados intensivos. Asimismo, plante\u00f3 la creaci\u00f3n de redes&#13;<br \/>\ncolaborativas entre hospitales para compartir experiencias y protocolos. De&#13;<br \/>\nacuerdo con sus palabras, las alertas automatizadas constituyen una herramienta&#13;<br \/>\nde bajo coste, segura para el paciente y potencialmente exportable a otros&#13;<br \/>\ncentros, del mismo modo que ya existen circuitos asistenciales espec\u00edficos para&#13;<br \/>\npatolog\u00edas tiempo dependientes como el <strong>infarto<\/strong>, el <strong>ictus<\/strong> o la <strong>sepsis<\/strong>.<\/p>\n<p class=\"MsoNormal\">La jornada continu\u00f3 con distintas sesiones dedicadas a la&#13;<br \/>\nexperiencia cl\u00ednica en enfermedades autoinflamatorias, abordando aspectos como&#13;<br \/>\nel manejo de los s\u00edndromes peri\u00f3dicos asociados a la criopirina, las&#13;<br \/>\nmanifestaciones gastrointestinales, la relaci\u00f3n entre autoinflamaci\u00f3n e&#13;<br \/>\ninmunodeficiencia, la enfermedad IgA, la inflamaci\u00f3n cardiaca mediada por IL-1&#13;<br \/>\nen pediatr\u00eda y el abordaje de la fiebre mediterr\u00e1nea familiar en la era del Treat&#13;<br \/>\nto Target.<\/p>\n","protected":false},"excerpt":{"rendered":"Las enfermedades autoinflamatorias mediadas por la interleucina 1 (IL-1) centraron este viernes la cuarta edici\u00f3n de ILUM1NA, un&hellip;\n","protected":false},"author":2,"featured_media":615582,"comment_status":"","ping_status":"","sticky":false,"template":"","format":"standard","meta":{"footnotes":""},"categories":[92],"tags":[31847,114886,33696,2136,858,5749,10235,8621,59085,7291,2197,1293,25,24,20982,4355,2381,165,10880,114887,82753,44432,205,1088,114888,681,697,113671,863,3364,28062,114889,5789,166,23,1064],"class_list":["post-615581","post","type-post","status-publish","format-standard","has-post-thumbnail","category-salud","tag-analizar","tag-autoinflamatorias","tag-avances","tag-buena","tag-casos","tag-centenar","tag-complejos","tag-cuarta","tag-debates","tag-diagnostico","tag-edicion","tag-enfermedades","tag-es","tag-espana","tag-especialistas","tag-gana","tag-genetica","tag-health","tag-il","tag-ilum","tag-interleucina","tag-interpretacion","tag-madrid","tag-marcan","tag-mediadas","tag-medicina","tag-medio","tag-na","tag-parte","tag-personalizada","tag-protagonismo","tag-reanalisis","tag-reunen","tag-salud","tag-spain","tag-tratamiento"],"share_on_mastodon":{"url":"https:\/\/pubeurope.com\/@es\/116778401942752800","error":""},"_links":{"self":[{"href":"https:\/\/www.europesays.com\/es\/wp-json\/wp\/v2\/posts\/615581","targetHints":{"allow":["GET"]}}],"collection":[{"href":"https:\/\/www.europesays.com\/es\/wp-json\/wp\/v2\/posts"}],"about":[{"href":"https:\/\/www.europesays.com\/es\/wp-json\/wp\/v2\/types\/post"}],"author":[{"embeddable":true,"href":"https:\/\/www.europesays.com\/es\/wp-json\/wp\/v2\/users\/2"}],"replies":[{"embeddable":true,"href":"https:\/\/www.europesays.com\/es\/wp-json\/wp\/v2\/comments?post=615581"}],"version-history":[{"count":0,"href":"https:\/\/www.europesays.com\/es\/wp-json\/wp\/v2\/posts\/615581\/revisions"}],"wp:featuredmedia":[{"embeddable":true,"href":"https:\/\/www.europesays.com\/es\/wp-json\/wp\/v2\/media\/615582"}],"wp:attachment":[{"href":"https:\/\/www.europesays.com\/es\/wp-json\/wp\/v2\/media?parent=615581"}],"wp:term":[{"taxonomy":"category","embeddable":true,"href":"https:\/\/www.europesays.com\/es\/wp-json\/wp\/v2\/categories?post=615581"},{"taxonomy":"post_tag","embeddable":true,"href":"https:\/\/www.europesays.com\/es\/wp-json\/wp\/v2\/tags?post=615581"}],"curies":[{"name":"wp","href":"https:\/\/api.w.org\/{rel}","templated":true}]}}