{"id":61594,"date":"2025-08-21T03:18:15","date_gmt":"2025-08-21T03:18:15","guid":{"rendered":"https:\/\/www.europesays.com\/es\/61594\/"},"modified":"2025-08-21T03:18:15","modified_gmt":"2025-08-21T03:18:15","slug":"muertos-sl-vuelve-con-su-temporada-3-a-netflix-hora-de-estreno","status":"publish","type":"post","link":"https:\/\/www.europesays.com\/es\/61594\/","title":{"rendered":"&#8216;Muertos SL&#8217; vuelve con su temporada 3 a Netflix: hora de estreno"},"content":{"rendered":"<p>En oto\u00f1o de 2024 grabaron los hermanos Caballero (<a href=\"https:\/\/www.elindependiente.com\/series-y-television\/2025\/04\/03\/la-que-se-avecina-temporada-16\/\" rel=\"nofollow noopener\" target=\"_blank\">La que se avecina<\/a>, Machos alfa) la <strong>tercera y \u00faltima temporada de Muertos SL<\/strong>. Desde su <a href=\"https:\/\/www.elindependiente.com\/series-y-television\/2025\/07\/30\/netflix-estrena-hoy-la-nueva-serie-de-los-creadores-de-machos-alfa-con-amaia-salamanca\/\" rel=\"nofollow noopener\" target=\"_blank\">reestreno<\/a> en Netflix a finales de julio, la comedia ambientada en una funeraria y producida en principio para <a href=\"https:\/\/www.elindependiente.com\/series-y-television\/2025\/07\/14\/movistar-plus-serie-la-caza-temporada-4-septiembre\/\" rel=\"nofollow noopener\" target=\"_blank\">Movistar Plus+<\/a> se ha convertido en una de las series m\u00e1s vistas de la plataforma internacional en nuestro pa\u00eds. Lo mismo puede decirse de \u00c1ngela, <a href=\"https:\/\/www.elindependiente.com\/series-y-television\/2025\/07\/09\/final-explicado-angela-netflix\/\" rel=\"nofollow noopener\" target=\"_blank\">procedente de Atresmedia<\/a>. La miniserie de drama y suspense protagonizada por Ver\u00f3nica S\u00e1nchez (<a href=\"https:\/\/www.elindependiente.com\/series-y-television\/2025\/03\/17\/la-favorita-1922-telecinco\/\" rel=\"nofollow noopener\" target=\"_blank\">La Favorita 1992<\/a>, <a href=\"https:\/\/www.elindependiente.com\/series-y-television\/2024\/07\/08\/atresmedia-estrenara-las-hijas-de-la-criada-la-serie-basada-en-el-planeta-de-sonsoles-onega\/\" rel=\"nofollow noopener\" target=\"_blank\">Las hijas de la criada<\/a>) logr\u00f3, a principios de verano, romper el techo de cristal. Durante 4 semanas permaneci\u00f3 entre lo m\u00e1s visto a nivel mundial y, hoy por hoy, contin\u00faa en el top ten espa\u00f1ol.<\/p>\n<p><img loading=\"lazy\" decoding=\"async\" width=\"371\" height=\"660\" src=\"data:image\/svg+xml,%3Csvg%20xmlns=\" http:=\"\" alt=\"\" class=\"wp-image-4229274\" data-lazy- data-lazy- data-lazy-src=\"https:\/\/www.europesays.com\/es\/wp-content\/uploads\/2025\/08\/netflix-espana-top-ten-series-371x660.jpg\"\/><\/p>\n<p><strong>Muertos SL<\/strong> no ha hecho las Am\u00e9ricas todav\u00eda; al fin y al cabo, la ficci\u00f3n espa\u00f1ola tiene mucho tir\u00f3n en Latinoam\u00e9rica. S\u00ed ha demostrado otra vez la buena mano de sus creadores con la comedia espa\u00f1ola tras Aqu\u00ed no hay quien viva, La que se avecina, El pueblo y <a href=\"https:\/\/www.elindependiente.com\/tendencias\/2025\/01\/10\/machos-alfa-netflix-tercera-temporada\/\" rel=\"nofollow noopener\" target=\"_blank\">Machos alfa<\/a>. Prime Video, Netflix, Movistar Plus+&#8230; A Laura y Alberto Caballero, directora y guionista de <strong>Muertos SL<\/strong>, les quedaba cruzar una \u00faltima frontera: <a href=\"https:\/\/www.elindependiente.com\/series-y-television\/2025\/08\/15\/final-and-just-like-that-hbo\/\" rel=\"nofollow noopener\" target=\"_blank\">HBO<\/a>. Su pr\u00f3xima serie, Por el amor de Dios, sobre unas <a href=\"https:\/\/www.elindependiente.com\/espana\/2025\/08\/01\/monjas-cismaticas-belorado-impiden-cinco-mayores-convento-orduna\/\" rel=\"nofollow noopener\" target=\"_blank\">monjas<\/a> al borde del desahucio, se ver\u00e1 en <a href=\"https:\/\/www.elindependiente.com\/series-y-television\/2025\/04\/04\/nuevos-precios-de-hbo-max-espana-2025-fecha-y-planes-suscripcio\/\" rel=\"nofollow noopener\" target=\"_blank\">HBO Max<\/a>. Lo m\u00e1s probable es que habr\u00e1 que esperar a 2026 para verla, pues su rodaje tendr\u00e1 lugar durante el \u00faltimo cuatrimestre de 2025.<\/p>\n<p>Muertos SL, Machos alfa y La que se avecina, tr\u00edo de ases de los hermanos Caballero<\/p>\n<p>Antes, los hermanos Caballero y su productora Contubernio Films tendr\u00e1n una bater\u00eda de estrenos: la <strong>tercera temporada de Muertos SL este jueves 21 agosto<\/strong>, la decimosexta de La que se avecina (oto\u00f1o 2025) y la cuarta de Machos alfa.<\/p>\n<p><strong>Netflix estrena la tercera temporada de Muertos SL este jueves 21 de agosto a las 09.00 horas<\/strong>. Son 6 nuevos episodios, de apenas media hora de duraci\u00f3n, que mantienen a todo el elenco original con mayor protagonismo de Vanesa (Amaia Salamanca), n\u00e9mesis de D\u00e1maso (Carlos Areces). Diego Mart\u00edn, Adriana Torrebejano, Salva Reina, Gerald B. Fillmore, Lorea Intxausti Oregi, <br \/>Aitziber Garmendia, Roque Ruiz, Ascen L\u00f3pez y Manolo Cal completan el reparto de esta comedia de situaci\u00f3n \u2013sitcom\u2013sobre los trabajadores de una funeraria y sus clientes.<\/p>\n<p>A estas alturas de la &#8216;pel\u00edcula&#8217;, tras 2 temporadas y 14 episodios (8+6), los guionistas de <strong>Muertos SL<\/strong> (Nando Abad, Daniel Deorador, Juli\u00e1n Sastre, Alberto Caballero) saben qu\u00e9 teclas tocar en cuanto a tramas y personajes. Amaia Salamanca, tras la comedia carcelaria con <a href=\"https:\/\/www.elindependiente.com\/series-y-television\/2023\/10\/02\/thats-my-jam-o-lo-que-pasa-cuando-arturo-valls-saca-a-amaia-nathy-peluso-o-paco-leon-de-su-zona-de-confort\/\" rel=\"nofollow noopener\" target=\"_blank\">Arturo Valls<\/a> Dos a\u00f1os y un d\u00eda, demuestra que tambi\u00e9n vale para la comedia, aunque su estirado personaje se tome en serio. Su romance secreto con el becario de la funeraria, Roque, es un hallazgo y tiene m\u00e1s jugo ahora que Vanesa es la nueva directora. Otra pareja revelaci\u00f3n es la de Chemi (Carlos Mart\u00edn) y Nino (Salva Reina), compa\u00f1eros de piso.<\/p>\n<p>El humor de <strong>Muertos SL<\/strong> no es tan negro y bestia como lo pintan, pero contin\u00faa siendo un oasis en la ficci\u00f3n espa\u00f1ola al re\u00edrse del aqu\u00ed y el ahora, sin miedo a bromear sobre el feminismo, el nazismo, el <a href=\"https:\/\/www.elindependiente.com\/vida-sana\/salud\/2021\/09\/07\/que-es-el-fentanilo-la-droga-que-destroza-america\/\" rel=\"nofollow noopener\" target=\"_blank\">fentanilo<\/a> o el acoso escolar.<\/p>\n<p>PUBLICIDAD<\/p>\n","protected":false},"excerpt":{"rendered":"En oto\u00f1o de 2024 grabaron los hermanos Caballero (La que se avecina, Machos alfa) la tercera y \u00faltima&hellip;\n","protected":false},"author":2,"featured_media":61595,"comment_status":"","ping_status":"","sticky":false,"template":"","format":"standard","meta":{"footnotes":""},"categories":[171],"tags":[146,147,25,24,6750,152,23,807,214],"class_list":{"0":"post-61594","1":"post","2":"type-post","3":"status-publish","4":"format-standard","5":"has-post-thumbnail","7":"category-tv","8":"tag-entertainment","9":"tag-entretenimiento","10":"tag-es","11":"tag-espana","12":"tag-estrenos","13":"tag-netflix","14":"tag-spain","15":"tag-television","16":"tag-tv"},"share_on_mastodon":{"url":"","error":""},"_links":{"self":[{"href":"https:\/\/www.europesays.com\/es\/wp-json\/wp\/v2\/posts\/61594","targetHints":{"allow":["GET"]}}],"collection":[{"href":"https:\/\/www.europesays.com\/es\/wp-json\/wp\/v2\/posts"}],"about":[{"href":"https:\/\/www.europesays.com\/es\/wp-json\/wp\/v2\/types\/post"}],"author":[{"embeddable":true,"href":"https:\/\/www.europesays.com\/es\/wp-json\/wp\/v2\/users\/2"}],"replies":[{"embeddable":true,"href":"https:\/\/www.europesays.com\/es\/wp-json\/wp\/v2\/comments?post=61594"}],"version-history":[{"count":0,"href":"https:\/\/www.europesays.com\/es\/wp-json\/wp\/v2\/posts\/61594\/revisions"}],"wp:featuredmedia":[{"embeddable":true,"href":"https:\/\/www.europesays.com\/es\/wp-json\/wp\/v2\/media\/61595"}],"wp:attachment":[{"href":"https:\/\/www.europesays.com\/es\/wp-json\/wp\/v2\/media?parent=61594"}],"wp:term":[{"taxonomy":"category","embeddable":true,"href":"https:\/\/www.europesays.com\/es\/wp-json\/wp\/v2\/categories?post=61594"},{"taxonomy":"post_tag","embeddable":true,"href":"https:\/\/www.europesays.com\/es\/wp-json\/wp\/v2\/tags?post=61594"}],"curies":[{"name":"wp","href":"https:\/\/api.w.org\/{rel}","templated":true}]}}