{"id":616014,"date":"2026-06-20T01:06:28","date_gmt":"2026-06-20T01:06:28","guid":{"rendered":"https:\/\/www.europesays.com\/es\/616014\/"},"modified":"2026-06-20T01:06:28","modified_gmt":"2026-06-20T01:06:28","slug":"locura-en-la-nova-creu-alta-el-ce-sabadell-vuelve-al-futbol-profesional-cinco-anos-despues","status":"publish","type":"post","link":"https:\/\/www.europesays.com\/es\/616014\/","title":{"rendered":"Locura en la Nova Creu Alta: el CE Sabadell vuelve al f\u00fatbol profesional cinco a\u00f1os despu\u00e9s"},"content":{"rendered":"<p class=\"ft-text\"><a class=\"ft-link ft-link--decoration\" href=\"https:\/\/www.sport.es\/es\/noticias\/futbol\/primera-rfef\/ce-sabadell-zamora-directo-hoy-131577063\" rel=\"nofollow noopener\" target=\"_blank\">El Centre d&#8217;Esports Sabadell ya es de LaLiga Hypermotion tras imponerse 4-0 al Zamora en la final del play-off de ascenso.<\/a> Una abarrotada Nova Creu Alta con casi 12.000 espectadores dio el empuj\u00f3n necesario a un equipo arlequinado que, comandado desde el banquillo por Ferran Costa, ha cuajado una complet\u00edsima temporada pese a ser un reci\u00e9n ascendido. En 2024, el cuadro vallesano descendi\u00f3 a los infiernos de la Segunda RFEF y todo pintaba muy negro, pero este hist\u00f3rico del f\u00fatbol catal\u00e1n y espa\u00f1ol ha sabido resurgir como el Ave F\u00e9nix, y como tantas otras veces, <strong>para volver al lugar que le corresponde.<\/strong><\/p>\n<p class=\"ft-text\"><strong>Y es que la temporada 2026\/2027 ser\u00e1 la n\u00famero 45 del CE Sabadell en la categor\u00eda de plata.<\/strong> Un regreso al f\u00fatbol profesional que no experimentaban los vasellanos desde hac\u00eda cinco a\u00f1os, cuando descendieron de categor\u00eda en 2021 para estrenarse en aquel momento en la reci\u00e9n nacida Primera RFEF. Una traves\u00eda en el desierto que ahora ha concluido para volver a experimentar la sensaci\u00f3n del ascenso, el quinto en lo que llevamos de Siglo XXI.<\/p>\n<p class=\"ft-text\">Fundado en 1903 y con 14 temporadas en Primera Divisi\u00f3n (termin\u00f3 cuarto en 1969), adem\u00e1s de la participaci\u00f3n en la Copa de Ferias, el Centre d&#8217;Esports Sabadell, por historial y palmar\u00e9s, <strong>se considera el tercer club de Catalunya por detr\u00e1s del FC Barcelona y del RCD Espanyol.<\/strong> Los arlequinados se encontrar\u00e1n la pr\u00f3xima temporada con el Girona, tras el descenso de los rojiblancos.<\/p>\n<p><img decoding=\"async\" src=\"https:\/\/www.europesays.com\/es\/wp-content\/uploads\/2026\/06\/3d453b80-7438-416e-b2c3-19e9577df671_alta-libre-aspect-ratio_default_0_x600y225.jpg\" width=\"1200\" height=\"675\" alt=\"Ferran Costa\" class=\"ft-helper-img-rd\" loading=\"lazy\" fetchpriority=\"auto\"\/><\/p>\n<p class=\"ft-helper-fontColor-quaternary ft-helper-fontSize-body-S ft-helper-spacer-t-xxs\">Ferran Costa  \/ @CESabadell<\/p>\n<p>Segundo ascenso consecutivo<\/p>\n<p class=\"ft-text\">Es el segundo ascenso consecutivo de los vallesanos, tras subir a Primera RFEF la temporada pasada en una final del play-off ganada al UCAM Murcia con David Movilla en el banquillo. <a class=\"ft-link ft-link--decoration\" href=\"https:\/\/www.sport.es\/es\/noticias\/futbol-catalan\/ferran-costa-nuevo-entrenador-ce-118972479\" rel=\"nofollow noopener\" target=\"_blank\">El club, no obstante, decidi\u00f3 arrancar la presente campa\u00f1a con Ferran Costa de entrenador, de solo 31 a\u00f1os y que hab\u00eda acumulado experiencia en el CE Manresa, Badalona Futur y FC Andorra.<\/a><\/p>\n<p class=\"ft-text\">Costa form\u00f3 un equipo muy compensado con pilares como el meta zaragozano <strong>Diego Fuoli <\/strong>y los goles en punta de <strong>Agust\u00edn Coscia<\/strong> o de un <strong>Javi L\u00f3pez-Pinto <\/strong>que marc\u00f3 un espectacular golazo ante el Zamora a la salida de un c\u00f3rner para igualar la eliminatoria. <strong>Eneko Aguilar<\/strong>, en la recta final y cuando el sufrimiento era m\u00e1ximo, llev\u00f3 el \u00e9xtasis a la afici\u00f3n arlequinada. <strong>Quadri Liameed<\/strong> marc\u00f3 el tercero y anticip\u00f3 la invasi\u00f3n de campo cuando el choque todav\u00eda no hab\u00eda finalizado. Al regreso, <strong>Xavi Moreno<\/strong> estableci\u00f3 el 4-0 final.<\/p>\n<p class=\"ft-text\">Despu\u00e9s de un inicio titubeante, el CE Sabadell se instal\u00f3 en las posiciones de play-off de ascenso y <strong>lleg\u00f3 comandar la clasificaci\u00f3n del Grupo 2 de la Primera Federaci\u00f3n a principios de a\u00f1o durante 13 jornadas consecutivas.<\/strong> A falta de dos fechas, segu\u00eda en ascenso directo pese a perder ante el Atl\u00e9tico Madrile\u00f1o (4-3), pero una inesperada derrota en la NCA contra el Antequera (0-1) les hizo bajar a una segunda posici\u00f3n que se mantendr\u00eda pese a ganar en el partido que cerr\u00f3 la Liga regular en Tarazona (0-2).<\/p>\n<p class=\"ft-text\">El play-off de ascenso comenz\u00f3 mal, con una derrota 2-0 en el feudo del RM Castilla y un juego sin la esencia de lo mostrado en toda la temporada. <a class=\"ft-link ft-link--decoration\" href=\"https:\/\/www.sport.es\/es\/noticias\/futbol-catalan\/orgullo-sabadell-mantiene-vivo-sueno-131080931\" rel=\"nofollow noopener\" target=\"_blank\">Pero el doblete de Joel Priego, y entre medias, un gol de David Astals le dieron la vuelta a la eliminatoria y el acceso a la final.<\/a><\/p>\n<p class=\"ft-text\">Los arlequinados cayeron por 1-0 en la ida de Zamora pero con diferentes sensaciones al Di St\u00e9fano. El colocad\u00edsimo ob\u00fas de <strong>Javi L\u00f3pez-Pinto<\/strong> este viernes abri\u00f3 el pasaporte a LaLiga Hypermotion, <strong>Eneko Aguilar<\/strong> lo sell\u00f3 y <strong>Quadri Liameed<\/strong> y <strong>Xavi Moreno<\/strong> lo rubricaron. <strong>Fiesta por todo lo alto en Sabadell.<\/strong><\/p>\n<p>Ficha t\u00e9cnica<\/p>\n<p class=\"ft-text\"><strong>Sabadell: <\/strong>Diego Fuoli; Bonaldo, Kaiser (Eneko Aguilar, 46\u2019), Genar Forn\u00e9s; Astals (Ton Ripoll, 72\u2019), Urri, Quadri, Joel Priego, L\u00f3pez-Pinto (Xavi Moreno, 72\u2019); Miguelete (Sergi Segura, 64\u2019) y Coscia (Escudero, 80\u2019).<\/p>\n<p class=\"ft-text\"><strong>Zamora:<\/strong> Ferm\u00edn; Diego Moreno (Sergi L\u00f3pez, 84\u2019), Luismi Luengo, Erik Ruiz, Miki Codina; Kike M\u00e1rquez, Mario Garc\u00eda, Markel Lozano, Carlos Ramos, Abde Damar (Sancho, 70\u2019); y Mario Losada (Carbonell, 76\u2019).<\/p>\n<p class=\"ft-text\"><strong>Goles: <\/strong>1-0 (18\u2019): L\u00f3pez-Pinto. 2-0 (9\u2019): Eneko Aguilar. 3-0 (96\u2019): Quadri. 4-0 (110\u2019): Xavi Moreno.<\/p>\n<p class=\"ft-text\"><strong>\u00c1rbitro:<\/strong> Velasco Arbaiza, del colegio vasco. Amonest\u00f3 a los locales Quadri, Genar Forn\u00e9s y Urri.<\/p>\n<p class=\"ft-text\"><strong>Campo:<\/strong> Nova Creu Alta. 12.000 espectadores.<\/p>\n","protected":false},"excerpt":{"rendered":"El Centre d&#8217;Esports Sabadell ya es de LaLiga Hypermotion tras imponerse 4-0 al Zamora en la final del&hellip;\n","protected":false},"author":2,"featured_media":616015,"comment_status":"","ping_status":"","sticky":false,"template":"","format":"standard","meta":{"footnotes":""},"categories":[5],"tags":[6421,17,18,25,24,13,14,11,19,20,28425,9,10,15,16,114960,1457,23,12,21,22,2946],"class_list":["post-616014","post","type-post","status-publish","format-standard","has-post-thumbnail","category-titulares","tag-ascenso","tag-breaking-news","tag-breakingnews","tag-es","tag-espana","tag-featured-news","tag-featurednews","tag-headlines","tag-latest-news","tag-latestnews","tag-liga-hypermotion","tag-news","tag-noticias","tag-noticias-destacadas","tag-noticiasdestacadas","tag-nova-creu-alta","tag-sabadell","tag-spain","tag-titulares","tag-ultimas-noticias","tag-ultimasnoticias","tag-zamora"],"share_on_mastodon":{"url":"https:\/\/pubeurope.com\/@es\/116779758260581378","error":""},"_links":{"self":[{"href":"https:\/\/www.europesays.com\/es\/wp-json\/wp\/v2\/posts\/616014","targetHints":{"allow":["GET"]}}],"collection":[{"href":"https:\/\/www.europesays.com\/es\/wp-json\/wp\/v2\/posts"}],"about":[{"href":"https:\/\/www.europesays.com\/es\/wp-json\/wp\/v2\/types\/post"}],"author":[{"embeddable":true,"href":"https:\/\/www.europesays.com\/es\/wp-json\/wp\/v2\/users\/2"}],"replies":[{"embeddable":true,"href":"https:\/\/www.europesays.com\/es\/wp-json\/wp\/v2\/comments?post=616014"}],"version-history":[{"count":0,"href":"https:\/\/www.europesays.com\/es\/wp-json\/wp\/v2\/posts\/616014\/revisions"}],"wp:featuredmedia":[{"embeddable":true,"href":"https:\/\/www.europesays.com\/es\/wp-json\/wp\/v2\/media\/616015"}],"wp:attachment":[{"href":"https:\/\/www.europesays.com\/es\/wp-json\/wp\/v2\/media?parent=616014"}],"wp:term":[{"taxonomy":"category","embeddable":true,"href":"https:\/\/www.europesays.com\/es\/wp-json\/wp\/v2\/categories?post=616014"},{"taxonomy":"post_tag","embeddable":true,"href":"https:\/\/www.europesays.com\/es\/wp-json\/wp\/v2\/tags?post=616014"}],"curies":[{"name":"wp","href":"https:\/\/api.w.org\/{rel}","templated":true}]}}