{"id":616126,"date":"2026-06-20T02:50:30","date_gmt":"2026-06-20T02:50:30","guid":{"rendered":"https:\/\/www.europesays.com\/es\/616126\/"},"modified":"2026-06-20T02:50:30","modified_gmt":"2026-06-20T02:50:30","slug":"muere-en-un-incendio-junto-a-su-esposa-paul-avery-actor-de-superman-y-apartamento-para-tres","status":"publish","type":"post","link":"https:\/\/www.europesays.com\/es\/616126\/","title":{"rendered":"Muere en un incendio junto a su esposa Paul Avery, actor de &#8216;Superman&#8217; y &#8216;Apartamento para tres&#8217;"},"content":{"rendered":"<p class=\"c-paragraph\">El actor estadounidense <b>Paul Avery<\/b>, conocido por sus apariciones en la m\u00edtica telenovela Todos mis hijos (All My Children) y por su breve papel en Superman (1978), ha fallecido a los <b>81 a\u00f1os<\/b> junto a su esposa, <b>Sheila Avery<\/b>, tras un devastador incendio en su vivienda de<b>\u00a0Nueva Jersey<\/b>.<\/p>\n<p class=\"c-paragraph\">Seg\u00fan inform\u00f3 <b>Lehigh Valley Live<\/b>, la Polic\u00eda Estatal de Nueva Jersey y los bomberos de Blairstown acudieron a la casa de la pareja, situada en Mohican Road, poco despu\u00e9s de las <b>00:38 horas del martes 16 de junio<\/b>, tras recibir el aviso del incendio. Aunque ambos fueron rescatados con vida del interior de la vivienda, terminaron falleciendo a causa de las graves heridas sufridas. Las autoridades mantienen abierta una investigaci\u00f3n para esclarecer el origen del fuego.<\/p>\n<p class=\"c-paragraph\">La noticia fue confirmada por <b>Kyle Avery<\/b>, hija del matrimonio, a trav\u00e9s de una emotiva publicaci\u00f3n en Facebook. \u00ab<b>Me duele profundamente comunicar que nuestros padres, Paul y Sheila Garry Avery, fallecieron esta madrugada\u00bb<\/b>, escribi\u00f3. \u00ab<b>Los quer\u00edamos much\u00edsimo, y ellos nos quer\u00edan much\u00edsimo a nosotros, y nadie tuvo que preguntarse jam\u00e1s si eso era as\u00ed<\/b>\u00ab, a\u00f1adi\u00f3, agradeciendo adem\u00e1s la actuaci\u00f3n de los servicios de emergencia.<\/p>\n<p>Superman (1978)<\/p>\n<p class=\"c-paragraph\">Avery particip\u00f3 en dos episodios de la serie\u00a0<b>Todos mis hijos<\/b> durante los a\u00f1os 80, donde interpret\u00f3 a Hughie. Su carrera tambi\u00e9n incluy\u00f3 una peque\u00f1a aparici\u00f3n en Superman, la ic\u00f3nica pel\u00edcula dirigida por <b>Richard Donner<\/b> y protagonizada por Christopher Reeve, en la que dio vida a un c\u00e1mara de televisi\u00f3n. Adem\u00e1s, trabaj\u00f3 en series como la inolvidable\u00a0<b>Apartamento para tres<\/b>, as\u00ed como en\u00a0Enredo o Historias del m\u00e1s all\u00e1.<\/p>\n<p>Un hombre polifac\u00e9tico<\/p>\n<p class=\"c-paragraph\">M\u00e1s all\u00e1 de la interpretaci\u00f3n, Avery tuvo una vida marcada por m\u00faltiples facetas. Fue <b>veterano de Vietnam<\/b>, paracaidista y fundador del peri\u00f3dico <b>Ridge View Echo<\/b>, del que ejerc\u00eda como editor ejecutivo. Su amigo y colaborador <b>Joe Phalon<\/b> destac\u00f3 su trayectoria con unas palabras que reflejan el impacto de su p\u00e9rdida: \u00ab<b>Siempre he dicho que Paul era el hombre m\u00e1s interesante del mundo, porque lo era: actor, paracaidista, veterano de Vietnam y fundador de un peri\u00f3dico\u00bb<\/b>.<\/p>\n<p class=\"c-paragraph\">Phalon subray\u00f3 adem\u00e1s el vac\u00edo que deja en la comunidad local: \u00ab<b>Su muerte dejar\u00e1 un verdadero vac\u00edo, no solo en Blairstown, sino tambi\u00e9n en los pueblos de alrededor. Lo vamos a echar mucho de menos\u00bb<\/b>. Con su fallecimiento, Hollywood y su comunidad despiden a un rostro secundario pero recordado por quienes compartieron con \u00e9l pantalla y vida.<\/p>\n","protected":false},"excerpt":{"rendered":"El actor estadounidense Paul Avery, conocido por sus apariciones en la m\u00edtica telenovela Todos mis hijos (All My&hellip;\n","protected":false},"author":2,"featured_media":616127,"comment_status":"","ping_status":"","sticky":false,"template":"","format":"standard","meta":{"footnotes":""},"categories":[174],"tags":[1339,255,146,147,25,24,256,48,58534,114973,23,834,114974],"class_list":["post-616126","post","type-post","status-publish","format-standard","has-post-thumbnail","category-famosos","tag-actor","tag-celebrities","tag-entertainment","tag-entretenimiento","tag-es","tag-espana","tag-famosos","tag-incendio","tag-nueva-jersey","tag-paul-avery","tag-spain","tag-superman","tag-todos-mis-hijos"],"share_on_mastodon":{"url":"https:\/\/pubeurope.com\/@es\/116780166543086946","error":""},"_links":{"self":[{"href":"https:\/\/www.europesays.com\/es\/wp-json\/wp\/v2\/posts\/616126","targetHints":{"allow":["GET"]}}],"collection":[{"href":"https:\/\/www.europesays.com\/es\/wp-json\/wp\/v2\/posts"}],"about":[{"href":"https:\/\/www.europesays.com\/es\/wp-json\/wp\/v2\/types\/post"}],"author":[{"embeddable":true,"href":"https:\/\/www.europesays.com\/es\/wp-json\/wp\/v2\/users\/2"}],"replies":[{"embeddable":true,"href":"https:\/\/www.europesays.com\/es\/wp-json\/wp\/v2\/comments?post=616126"}],"version-history":[{"count":0,"href":"https:\/\/www.europesays.com\/es\/wp-json\/wp\/v2\/posts\/616126\/revisions"}],"wp:featuredmedia":[{"embeddable":true,"href":"https:\/\/www.europesays.com\/es\/wp-json\/wp\/v2\/media\/616127"}],"wp:attachment":[{"href":"https:\/\/www.europesays.com\/es\/wp-json\/wp\/v2\/media?parent=616126"}],"wp:term":[{"taxonomy":"category","embeddable":true,"href":"https:\/\/www.europesays.com\/es\/wp-json\/wp\/v2\/categories?post=616126"},{"taxonomy":"post_tag","embeddable":true,"href":"https:\/\/www.europesays.com\/es\/wp-json\/wp\/v2\/tags?post=616126"}],"curies":[{"name":"wp","href":"https:\/\/api.w.org\/{rel}","templated":true}]}}