{"id":616136,"date":"2026-06-20T02:58:32","date_gmt":"2026-06-20T02:58:32","guid":{"rendered":"https:\/\/www.europesays.com\/es\/616136\/"},"modified":"2026-06-20T02:58:32","modified_gmt":"2026-06-20T02:58:32","slug":"muere-en-un-incendio-paul-avery-actor-de-superman-y-todos-mis-hijos","status":"publish","type":"post","link":"https:\/\/www.europesays.com\/es\/616136\/","title":{"rendered":"Muere en un incendio Paul Avery, actor de &#8216;Superman&#8217; y &#8216;Todos mis hijos&#8217;"},"content":{"rendered":"<p style=\"\">Paul Avery, actor en la longeva telenovela estadounidense &#8216;Todos mis hijos&#8217; y que tambi\u00e9n apareci\u00f3 brevemente en &#8216;Superman&#8217;, la pel\u00edcula de 1978 protagonizada por Christopher  &#8230; Reeve, ha fallecido a los 81 a\u00f1os. El int\u00e9rprete y su esposa Sheila murieron en un incendio que tuvo lugar en su domicilio el pasado martes 16 de junio.<\/p>\n<p class=\"v-d-p\" style=\"\">Seg\u00fan informa el medio Leigh Valley Live, la polic\u00eda estatal de Nueva Jersey y el cuerpo de bomberos de Blairstown acudieron poco despu\u00e9s de las 00:38 de la madrugada del martes a extinguir un incendio en la vivienda de la pareja en Mohican Road.<\/p>\n<p class=\"v-d-p\" style=\"\">Avery y su mujer, que se hab\u00edan quedado atrapados en el interior de la casa, fueron rescatados con vida, pero fallecieron posteriormente a causa de las heridas que hab\u00edan sufrido. Kyle Avery, hija de la pareja, public\u00f3 un post en Facebook en el que confirmaba que sus padres hab\u00edan fallecido.<\/p>\n<p class=\"v-d-p\" style=\"\">\u00abMe entristece profundamente comunicar que nuestros padres, Paul y Sheila Garry Avery, han fallecido esta madrugada. Los quer\u00edamos much\u00edsimo, y ellos nos quer\u00edan much\u00edsimo a nosotros, y nadie tuvo que preguntarse jam\u00e1s si eso era as\u00ed. Agradecemos al cuerpo de bomberos de Blairstown su labor. M\u00e1s adelante se dar\u00e1n a conocer los detalles del funeral\u00bb, reza el texto.<\/p>\n<p class=\"v-d-p\" style=\"\">Avery apareci\u00f3 en dos episodios de la telenovela de los 80 &#8216;Todos mis hijos&#8217;, donde interpret\u00f3 a Hughie, el camarero del pub llamado Foxy&#8217;s. Adem\u00e1s, el actor apareci\u00f3 en la pel\u00edcula de &#8216;Superman&#8217; de 1978, dirigida por Richard Donner, donde daba vida a un c\u00e1mara de television, y en series como &#8216;Apartamento para tres&#8217;, &#8216;Enredo&#8217; o &#8216;Historias del m\u00e1s all\u00e1&#8217;.<\/p>\n","protected":false},"excerpt":{"rendered":"Paul Avery, actor en la longeva telenovela estadounidense &#8216;Todos mis hijos&#8217; y que tambi\u00e9n apareci\u00f3 brevemente en &#8216;Superman&#8217;,&hellip;\n","protected":false},"author":2,"featured_media":616137,"comment_status":"","ping_status":"","sticky":false,"template":"","format":"standard","meta":{"footnotes":""},"categories":[91],"tags":[1339,114976,146,147,25,24,563,48,8938,9359,23,834],"class_list":["post-616136","post","type-post","status-publish","format-standard","has-post-thumbnail","category-entretenimiento","tag-actor","tag-avery","tag-entertainment","tag-entretenimiento","tag-es","tag-espana","tag-hijos","tag-incendio","tag-muere","tag-paul","tag-spain","tag-superman"],"share_on_mastodon":{"url":"https:\/\/pubeurope.com\/@es\/116780197841907438","error":""},"_links":{"self":[{"href":"https:\/\/www.europesays.com\/es\/wp-json\/wp\/v2\/posts\/616136","targetHints":{"allow":["GET"]}}],"collection":[{"href":"https:\/\/www.europesays.com\/es\/wp-json\/wp\/v2\/posts"}],"about":[{"href":"https:\/\/www.europesays.com\/es\/wp-json\/wp\/v2\/types\/post"}],"author":[{"embeddable":true,"href":"https:\/\/www.europesays.com\/es\/wp-json\/wp\/v2\/users\/2"}],"replies":[{"embeddable":true,"href":"https:\/\/www.europesays.com\/es\/wp-json\/wp\/v2\/comments?post=616136"}],"version-history":[{"count":0,"href":"https:\/\/www.europesays.com\/es\/wp-json\/wp\/v2\/posts\/616136\/revisions"}],"wp:featuredmedia":[{"embeddable":true,"href":"https:\/\/www.europesays.com\/es\/wp-json\/wp\/v2\/media\/616137"}],"wp:attachment":[{"href":"https:\/\/www.europesays.com\/es\/wp-json\/wp\/v2\/media?parent=616136"}],"wp:term":[{"taxonomy":"category","embeddable":true,"href":"https:\/\/www.europesays.com\/es\/wp-json\/wp\/v2\/categories?post=616136"},{"taxonomy":"post_tag","embeddable":true,"href":"https:\/\/www.europesays.com\/es\/wp-json\/wp\/v2\/tags?post=616136"}],"curies":[{"name":"wp","href":"https:\/\/api.w.org\/{rel}","templated":true}]}}