{"id":616152,"date":"2026-06-20T03:13:46","date_gmt":"2026-06-20T03:13:46","guid":{"rendered":"https:\/\/www.europesays.com\/es\/616152\/"},"modified":"2026-06-20T03:13:46","modified_gmt":"2026-06-20T03:13:46","slug":"carlos-baute-hospitalizado-poco-antes-de-comenzar-su-gira-de-conciertos-en-tenerife","status":"publish","type":"post","link":"https:\/\/www.europesays.com\/es\/616152\/","title":{"rendered":"Carlos Baute, hospitalizado poco antes de comenzar su gira de conciertos en Tenerife"},"content":{"rendered":"<p class=\"c-paragraph\">Carlos Baute ha tenido <b>un inicio de gira complicado<\/b>. El cantante ha tenido que ser hospitalizado horas antes de comenzar sus conciertos en Tenerife por un accidente.<\/p>\n<p class=\"c-paragraph\">\u00ab<b>La vida muchas veces te pone a prueba<\/b>\u00a0y, a los 52 a\u00f1os, algunas cosas cuestan un poco m\u00e1s\u00bb, ha comentado \u00e9l mismo en su cuenta de Instagram. \u00abPero tambi\u00e9n he aprendido que los problemas se afrontan con una sonrisa\u00bb.<\/p>\n<p class=\"c-paragraph\">Baute <b>estaba surfeando cuando se ha ca\u00eddo <\/b>y se ha roto la mu\u00f1eca, lo que ha obligado a su hospitalizaci\u00f3n y cura en un hospital de Tenerife<\/p>\n<p class=\"c-paragraph\">\u00abLo peor es que ma\u00f1ana empieza la gira de conciertos. Y les dir\u00e9 algo:<b>\u00a0esto no me va a detener<\/b>. Ma\u00f1ana estaremos ah\u00ed, cantando con todo el amor del mundo, porque la m\u00fasica tiene una fuerza que supera cualquier obst\u00e1culo\u00bb, confirm\u00f3<\/p>\n<p class=\"c-paragraph\">Baute, adem\u00e1s, ha expresado unas palabras de agradecimiento a quienes han estado a su lado<b> en este inesperado rev\u00e9s.\u00a0<\/b><\/p>\n<p class=\"c-paragraph\">\u00abQuiero agradecer de coraz\u00f3n a todas esas personas maravillosas que me atendieron\u00a0y ayudaron: m\u00e9dicos, enfermeros y todo el equipo. Fueron m\u00e1gicos conmigo y me hicieron sentir acompa\u00f1ado en todo momento\u00bb, ha escrito. Para terminar, ha dejado un mensaje esperanzador y lleno de positivismo: <b>\u00abLa vida es una sola<\/b>. Busquemos sonre\u00edr, incluso en esos momentos en los que algo duele. Porque\u00a0siempre habr\u00e1 una raz\u00f3n para seguir adelante, agradecer y disfrutar cada instante. \u00a1Nos vemos ma\u00f1ana!\u00bb.<\/p>\n<p class=\"c-paragraph\">En sus\u00a0stories\u00a0de Instagram tambi\u00e9n ha publicado un v\u00eddeo, en el que se le ve con cabestrill. \u00abUna fractura, pero no pasa nada.\u00a0<b>Ma\u00f1ana estaremos en Tenerife<\/b>\u00ab, ha insistido.<\/p>\n","protected":false},"excerpt":{"rendered":"Carlos Baute ha tenido un inicio de gira complicado. El cantante ha tenido que ser hospitalizado horas antes&hellip;\n","protected":false},"author":2,"featured_media":616153,"comment_status":"","ping_status":"","sticky":false,"template":"","format":"standard","meta":{"footnotes":""},"categories":[174],"tags":[2566,74768,415,255,146,147,25,24,256,8934,659,23],"class_list":["post-616152","post","type-post","status-publish","format-standard","has-post-thumbnail","category-famosos","tag-antes","tag-baute","tag-carlos","tag-celebrities","tag-entertainment","tag-entretenimiento","tag-es","tag-espana","tag-famosos","tag-hospitalizado","tag-poco","tag-spain"],"share_on_mastodon":{"url":"https:\/\/pubeurope.com\/@es\/116780256757234707","error":""},"_links":{"self":[{"href":"https:\/\/www.europesays.com\/es\/wp-json\/wp\/v2\/posts\/616152","targetHints":{"allow":["GET"]}}],"collection":[{"href":"https:\/\/www.europesays.com\/es\/wp-json\/wp\/v2\/posts"}],"about":[{"href":"https:\/\/www.europesays.com\/es\/wp-json\/wp\/v2\/types\/post"}],"author":[{"embeddable":true,"href":"https:\/\/www.europesays.com\/es\/wp-json\/wp\/v2\/users\/2"}],"replies":[{"embeddable":true,"href":"https:\/\/www.europesays.com\/es\/wp-json\/wp\/v2\/comments?post=616152"}],"version-history":[{"count":0,"href":"https:\/\/www.europesays.com\/es\/wp-json\/wp\/v2\/posts\/616152\/revisions"}],"wp:featuredmedia":[{"embeddable":true,"href":"https:\/\/www.europesays.com\/es\/wp-json\/wp\/v2\/media\/616153"}],"wp:attachment":[{"href":"https:\/\/www.europesays.com\/es\/wp-json\/wp\/v2\/media?parent=616152"}],"wp:term":[{"taxonomy":"category","embeddable":true,"href":"https:\/\/www.europesays.com\/es\/wp-json\/wp\/v2\/categories?post=616152"},{"taxonomy":"post_tag","embeddable":true,"href":"https:\/\/www.europesays.com\/es\/wp-json\/wp\/v2\/tags?post=616152"}],"curies":[{"name":"wp","href":"https:\/\/api.w.org\/{rel}","templated":true}]}}