{"id":616252,"date":"2026-06-20T04:47:14","date_gmt":"2026-06-20T04:47:14","guid":{"rendered":"https:\/\/www.europesays.com\/es\/616252\/"},"modified":"2026-06-20T04:47:14","modified_gmt":"2026-06-20T04:47:14","slug":"hauser-wirth-abre-sexta-temporada-en-menorca-con-una-muestra-colectiva-de-rashid-johnson","status":"publish","type":"post","link":"https:\/\/www.europesays.com\/es\/616252\/","title":{"rendered":"Hauser &#038; Wirth abre sexta temporada en Menorca con una muestra colectiva de Rashid Johnson"},"content":{"rendered":"<p><img decoding=\"async\" class=\"v-ath__i\" loading=\"lazy\" src=\"https:\/\/www.europesays.com\/es\/wp-content\/uploads\/2026\/06\/1781930834_92_autor-5496-foto-3.jpeg\" alt=\"Agencia EFE\"\/><\/p>\n<p>19\/06\/2026 a las 22:09h.<\/p>\n<p class=\"v-d-p\" style=\"\">Mah\u00f3n, 19 jun (EFE).- Una exposici\u00f3n colectiva internacional ideada por el artista norteamericano Rashid Johnson (Chicago, 1977) y participada por 28 autores de todo el mundo abre este fin de semana la sexta temporada de la galer\u00eda Hauser &amp; Wirth en la Isla del Rey del  &#8230; puerto de Mah\u00f3n, en Menorca. &#8216;Directionless&#8217;, que este viernes ha sido presentada a medio centenar de periodistas de Europa, Jap\u00f3n y Am\u00e9rica en presencia del propio artista, cuenta con la colaboraci\u00f3n de Cristina Iglesias, Charles Gaines y Firelei B\u00e1ez, que han invitado a los creadores de diez pa\u00edses diferentes a participar con sus obras de la muestra. IMAGEN: DAVID ARQUIMBAU.  IM\u00c1GENES DE LA PRESENTACI\u00d3N DE LA EXPOSICI\u00d3N COLECTIVA &#8216;DIRECTIONLESS&#8217; EN LA GALER\u00cdA HAUSER &amp; WIRTH EN LA ISLA DEL REY DEL PUERTO DE MAH\u00d3N (MENORCA) ESTE VIERNES.<\/p>\n","protected":false},"excerpt":{"rendered":"19\/06\/2026 a las 22:09h. Mah\u00f3n, 19 jun (EFE).- Una exposici\u00f3n colectiva internacional ideada por el artista norteamericano Rashid&hellip;\n","protected":false},"author":2,"featured_media":616253,"comment_status":"","ping_status":"","sticky":false,"template":"","format":"standard","meta":{"footnotes":""},"categories":[173],"tags":[490,229,233,231,230,34815,232,234,146,147,25,24,114991,613,14368,1156,114993,292,23,1152,114992],"class_list":["post-616252","post","type-post","status-publish","format-standard","has-post-thumbnail","category-arte-y-diseno","tag-abre","tag-arte","tag-arte-y-diseno","tag-arts","tag-arts-and-design","tag-colectiva","tag-design","tag-diseno","tag-entertainment","tag-entretenimiento","tag-es","tag-espana","tag-hauser","tag-johnson","tag-menorca","tag-muestra","tag-rashid","tag-sexta","tag-spain","tag-temporada","tag-wirth"],"share_on_mastodon":{"url":"https:\/\/pubeurope.com\/@es\/116780627311949051","error":""},"_links":{"self":[{"href":"https:\/\/www.europesays.com\/es\/wp-json\/wp\/v2\/posts\/616252","targetHints":{"allow":["GET"]}}],"collection":[{"href":"https:\/\/www.europesays.com\/es\/wp-json\/wp\/v2\/posts"}],"about":[{"href":"https:\/\/www.europesays.com\/es\/wp-json\/wp\/v2\/types\/post"}],"author":[{"embeddable":true,"href":"https:\/\/www.europesays.com\/es\/wp-json\/wp\/v2\/users\/2"}],"replies":[{"embeddable":true,"href":"https:\/\/www.europesays.com\/es\/wp-json\/wp\/v2\/comments?post=616252"}],"version-history":[{"count":0,"href":"https:\/\/www.europesays.com\/es\/wp-json\/wp\/v2\/posts\/616252\/revisions"}],"wp:featuredmedia":[{"embeddable":true,"href":"https:\/\/www.europesays.com\/es\/wp-json\/wp\/v2\/media\/616253"}],"wp:attachment":[{"href":"https:\/\/www.europesays.com\/es\/wp-json\/wp\/v2\/media?parent=616252"}],"wp:term":[{"taxonomy":"category","embeddable":true,"href":"https:\/\/www.europesays.com\/es\/wp-json\/wp\/v2\/categories?post=616252"},{"taxonomy":"post_tag","embeddable":true,"href":"https:\/\/www.europesays.com\/es\/wp-json\/wp\/v2\/tags?post=616252"}],"curies":[{"name":"wp","href":"https:\/\/api.w.org\/{rel}","templated":true}]}}