{"id":616409,"date":"2026-06-20T07:12:17","date_gmt":"2026-06-20T07:12:17","guid":{"rendered":"https:\/\/www.europesays.com\/es\/616409\/"},"modified":"2026-06-20T07:12:17","modified_gmt":"2026-06-20T07:12:17","slug":"celta-fortuna-ponferradina-una-entrada-historica-propia-de-un-duelo-del-primer-equipo-la-voz-de-galicia","status":"publish","type":"post","link":"https:\/\/www.europesays.com\/es\/616409\/","title":{"rendered":"Celta Fortuna-Ponferradina: una entrada hist\u00f3rica propia de un duelo del primer equipo &#8211; La Voz de Galicia"},"content":{"rendered":"<ol>\n<li><a href=\"https:\/\/news.google.com\/rss\/articles\/CBMixgFBVV95cUxPbTJubUxLRjFWdFBYR3EtbFdFTGs3X0gtckFxMWd4elAwSnRhN3NBNThKQkNkUk8tbktPaUQ4aXJnMXJHdFI1Uk5kOHR4RkhXeVpQM2EzWXFEeWxjVEVVbFVCVkdjdDM1cDVsdWVub1U1c0FfZVBIRUg5V3N2RG5zVG9kejVwbGVtek5pdW5wcVNIbERialBrNTZpYi14QTVrSTNPcmZ0V0IzbmcwUW53Ulk3YVZwb0NWWlNQTmdKb2lub01jZmfSAeIBQVVfeXFMUGVlQTkxbnlDRndBM1NXWkN2Z05EYkp6NXE5U0xsSGpIaktUMEpvZU9QRFBJUG9CQkwtUWFZdFZzTHA3SjdaRFpvamtPcUhTMEVwUmhZS212Ul9IVmpoc1lFTmNaRVNkc041ZGI0NzRyTmJsMW1MZHA5WFBoRlVTcl9taFpjTGVxU2ZmaU9GTGVnMEp1aXpEdkVpQWw1enNqOW5Oa2c3clVNTmNMUDFxMGZRbEMzdzhpN2E3em9wT09rQVl6MzNCU1FuYzJRUUhkZm9XTTdMOVNjUGFLLV90VnJYUQ?oc=5\" target=\"_blank\" rel=\"nofollow noopener\">Celta Fortuna-Ponferradina: una entrada hist\u00f3rica propia de un duelo del primer equipo<\/a>&nbsp;&nbsp;La Voz de Galicia<\/li>\n<li><a href=\"https:\/\/news.google.com\/rss\/articles\/CBMi1wFBVV95cUxPZWtfSGN0am5xMUpnWWF6NVhLWVEzeEVhaUFSdUpmTEZuSFhFMDZSdlRlb0JOaVFWclFoYzZ1VnpTUVBSRDJmN1IwTG10eVVOcDVpVUZxY1BJZU9GMlZCUXl4RVN5VVNZRjdfMXpHRkVjU3lsOW5PN09OdXQtWXU3RjRhQWF3bi1SREVOOGxBMDlVeGpVVXliczZvd0hybV96R2VrU1lmdno3UXJzeDQ2bVpiUGhrQkNhYlNkdTEtWThmUVJvcGxFV0FMcXg4MG9wRUVIcEZZa9IB3AFBVV95cUxNbmZrZS1fYWdCRlNNaGtISExBX2hDZjdvUVhybkszTDBvb1BMTUpXUF9UNVN6NVhMTmFSN2hrNWF3Zk9iUHMtenlNaTJ0VHU5YXpxcG5zNG5LQnpYQW5KSG9QYlU3TmkyV3VpWGRqekxITWljZmN4LXl2M2JpYkZmZENWdzUwS1pBMVhJVEVMMDdfYWEzekpZalAtMWRHZTNYRVBDUWFCVl92b1paejZUbjVZSGdvemVORk54UDQ0WTZLaEdYRjhwRUhmVEJqOHJYQXRrR2J1Y1ZwZDcy?oc=5\" target=\"_blank\" rel=\"nofollow noopener\">El Celta Fortuna, a por el \u00faltimo arre\u00f3n<\/a>&nbsp;&nbsp;Faro de Vigo<\/li>\n<li><a href=\"https:\/\/news.google.com\/rss\/articles\/CBMisAFBVV95cUxNSGVWUG93eEU0Y3FRZDVBMVIwR0VveFNYU2M3UWJLVHVkYXV1Q3h6c1lQOHRXSFJqMVdqZTZGWlRJY0lkS0I0bHdkR3JHbFFPd2JTUEpmeWJsR1c2VmgzN3M0YnAtY0ZCc0NITVh0OEFucnRwbVV5SFpKUkU0UU1UcE9JcUwzNHp1WFhnX1hLa09VTkRWNDdfX1JNWC1YSWxLblRhQ1hQYW0zM0dRbWpFb9IBxAFBVV95cUxNUzR0MlRNelJRRGRfMzNxMkFqWm9LTkRUOWZxN2ZoNWJ5Skl6Z1RWRUxQbGdid01qYnRRRmQ2anVqQm9abHZUX2dKUjVZaGFPU2NoaTJWZlVGckdXRFItU09telFxTDFZUjVheWw1QUo1c056Tm5TQU1HT0VpZjVfVU9DeGoxajF4NmVCakdHeUxlSWN2R0VkTTZGTkwtcmxzTkZJUVpKb0RfT2t0QVhGZlQwb0VlUzBlZnR6Wnp4SkNRZlZP?oc=5\" target=\"_blank\" rel=\"nofollow noopener\">Nafti: \u201cLo que nos ha tra\u00eddo hasta aqu\u00ed ha sido ser nosotros mismos\u201d<\/a>&nbsp;&nbsp;Diario AS<\/li>\n<li><a href=\"https:\/\/news.google.com\/rss\/articles\/CBMihgFBVV95cUxNcmkySTk2SHcxUV9abUNQSFFQeklfb3htcVFPVGFJMDFCX3h3N3VMNElkOUZyQ3VHMlZ6SHhYN1Z0eWhCXy03UlZxazF1eFRTZzZWTi1yUU1yR3E1RXNkWVN5YUZWel9GMkNTZXdoNmx0dzg3LUJwN2hDVTZha3VDYnkyX3J1UdIBhgFBVV95cUxOam5TN01vMS1iLXQwdENzd0t1U3JqdDlGM0g0RE9LZDM2SDd6bkR4SU9nQVNtcEZPRkE4Vm9XWW9UdC1USnExWGFEZTBEQ2pmMXpaNlE1VW9MM1VZaTZTcHFHenNUS0lBb3hDVVZZLVR4akhtcXMyblFWRzhhang4UXNwbExOZw?oc=5\" target=\"_blank\" rel=\"nofollow noopener\">El filial del Celta quiere hacer historia<\/a>&nbsp;&nbsp;MARCA<\/li>\n<li><a href=\"https:\/\/news.google.com\/rss\/articles\/CBMi_gFBVV95cUxOSVlBdzI0V19IN0FKaEJCMDJCeUJFckJkb0dlMExsUl9hUE5GN3g4T1ZENUpLcF81QlFqTHFXcjNIa0R6dTdmdlFwcVlEU0NOalBlODM5Z2F4aFptckdVQy1reWwtSGkwWmt3VE1mTlJNd2J5SDFhWUdGc2VNbU4tblZYbGdGUjNOcDNEbzJOb1NkYUhEdXItRi02VWF1YzlEcFR1VGY3akVFc1FPTWNubllqSDVmNm9DZTR2NFRsNExES1hwek9kLWNtNElIYTZLQlQyX3ZlemhqQXpWbGN2RldXQWJTSmRXa0l0NDhTRW5RMWVUVXlQVUFvdTJld9IBhgJBVV95cUxOdzVkdE8tOFhuR0dJdHVxOVI3eVhQOEJvZW9OYXJNZVFEV2haSDJfWjNlWEFQck0yVGxOTWJfLTJjamh0Qm4zd0ktMnNmVmtsRFQ3TkpaQUJMbDI0ODFmdWNULTc5M0hEM2xNYUJRQjVPYlNtMXpReDU5aWJtMFVFVE9zbVdCTDl2OVAtSUV2UUZRTnI2Q0NKaUhUNEtTUUw4eUcwMmpBSmhoU0xpSzFPLUE5OUlQMVY0VEhNblZVQWxIQk9sRVF6UWZ5ZzVwSy1YRFBfaWxURXQzZ2JHaklTOWNkNENCZWJzNEhIdTBaQ0ZJNml2VUZweXdkR3M4SXdPWVp4S0xB?oc=5\" target=\"_blank\" rel=\"nofollow noopener\">Celta Fortuna &#8211; SD Ponferradina: alineaciones, horario, d\u00f3nde ver, estad\u00edsticas y pron\u00f3sticos<\/a>&nbsp;&nbsp;Betfair<\/li>\n<\/ol>\n","protected":false},"excerpt":{"rendered":"Celta Fortuna-Ponferradina: una entrada hist\u00f3rica propia de un duelo del primer equipo&nbsp;&nbsp;La Voz de Galicia El Celta Fortuna,&hellip;\n","protected":false},"author":2,"featured_media":616410,"comment_status":"","ping_status":"","sticky":false,"template":"","format":"standard","meta":{"footnotes":""},"categories":[93],"tags":[38498,290,38499,168,25,24,23,167],"class_list":["post-616409","post","type-post","status-publish","format-standard","has-post-thumbnail","category-deportes","tag-cantera-celta","tag-celta","tag-celta-b","tag-deportes","tag-es","tag-espana","tag-spain","tag-sports"],"share_on_mastodon":{"url":"https:\/\/pubeurope.com\/@es\/116781196702872908","error":""},"_links":{"self":[{"href":"https:\/\/www.europesays.com\/es\/wp-json\/wp\/v2\/posts\/616409","targetHints":{"allow":["GET"]}}],"collection":[{"href":"https:\/\/www.europesays.com\/es\/wp-json\/wp\/v2\/posts"}],"about":[{"href":"https:\/\/www.europesays.com\/es\/wp-json\/wp\/v2\/types\/post"}],"author":[{"embeddable":true,"href":"https:\/\/www.europesays.com\/es\/wp-json\/wp\/v2\/users\/2"}],"replies":[{"embeddable":true,"href":"https:\/\/www.europesays.com\/es\/wp-json\/wp\/v2\/comments?post=616409"}],"version-history":[{"count":0,"href":"https:\/\/www.europesays.com\/es\/wp-json\/wp\/v2\/posts\/616409\/revisions"}],"wp:featuredmedia":[{"embeddable":true,"href":"https:\/\/www.europesays.com\/es\/wp-json\/wp\/v2\/media\/616410"}],"wp:attachment":[{"href":"https:\/\/www.europesays.com\/es\/wp-json\/wp\/v2\/media?parent=616409"}],"wp:term":[{"taxonomy":"category","embeddable":true,"href":"https:\/\/www.europesays.com\/es\/wp-json\/wp\/v2\/categories?post=616409"},{"taxonomy":"post_tag","embeddable":true,"href":"https:\/\/www.europesays.com\/es\/wp-json\/wp\/v2\/tags?post=616409"}],"curies":[{"name":"wp","href":"https:\/\/api.w.org\/{rel}","templated":true}]}}