{"id":616540,"date":"2026-06-20T09:01:19","date_gmt":"2026-06-20T09:01:19","guid":{"rendered":"https:\/\/www.europesays.com\/es\/616540\/"},"modified":"2026-06-20T09:01:19","modified_gmt":"2026-06-20T09:01:19","slug":"eneko-aguilar-clave-en-el-ascenso-del-sabadell","status":"publish","type":"post","link":"https:\/\/www.europesays.com\/es\/616540\/","title":{"rendered":"Eneko Aguilar, clave en el ascenso del Sabadell"},"content":{"rendered":"<p>    <img loading=\"lazy\" decoding=\"async\" src=\"https:\/\/www.europesays.com\/es\/wp-content\/uploads\/2026\/06\/787dac5f-615a-406d-ac25-cd6ec5607a7f_16-9-discover-aspect-ratio_default_0.jpg\" alt=\"Imagen de archivo de Eneko Aguilar \/ Oskar Montero\" width=\"1200\" height=\"675\" title=\"Imagen de archivo de Eneko Aguilar \/ Oskar Montero\" style=\"height:auto;\"\/><\/p>\n<p class=\"article-photo__footer\">\n        Imagen de archivo de Eneko Aguilar<br \/>\n                    Oskar Montero\n            <\/p>\n<p class=\"article-body__text article-body__text--entry article-body__text-middle\">\n        Esper\u00f3 su oportunidad en el banquillo, entr\u00f3 en el descanso, y cuando el partido agonizaba y<strong> Sabadell y Zamora<\/strong> ya miraban a la pr\u00f3rroga, un tanto de <strong>Eneko Aguilar <\/strong>(Berriozar, 21 de abril de 2000) bat\u00eda al exportero del Izarra Ferm\u00edn Sobr\u00f3n para remontar la final del play off de ascenso a Segunda Divisi\u00f3n (Javier L\u00f3pez igual\u00f3 el 1-0 que ten\u00eda en ventaja el Zamora del partido de ida) y<strong> sellar el regreso<\/strong> arlequinado a Segunda Divisi\u00f3n, <strong>en un encuentro que finalmente acab\u00f3 4-0.\u00a0<\/strong>\n<\/p>\n<blockquote class=\"twitter-tweet\" data-lang=\"es\">\n<p lang=\"es\" dir=\"ltr\">\ud83d\udca5 \u00a1\ud835\ude50\ud835\ude49 \ud835\ude42\ud835\ude4a\ud835\ude47 \ud835\ude4c\ud835\ude50\ud835\ude40 \ud835\ude4b\ud835\ude50\ud835\ude40\ud835\ude3f\ud835\ude40 \ud835\ude51\ud835\ude3c\ud835\ude47\ud835\ude40\ud835\ude4d \ud835\ude50\ud835\ude49 \ud835\ude3c\ud835\ude4e\ud835\ude3e\ud835\ude40\ud835\ude49\ud835\ude4e\ud835\ude4a! \u00a1EL FINAL M\u00c1S \u00c9PICO POSIBLE! \u00a1\ud835\ude47\ud835\ude3c \ud835\ude49\ud835\ude4a\ud835\ude51\ud835\ude3c \ud835\ude3e\ud835\ude4d\ud835\ude40\ud835\ude50 \ud835\ude3c\ud835\ude47\ud835\ude4f\ud835\ude3c \ud835\ude4e\ud835\ude40 \ud835\ude51\ud835\ude44\ud835\ude40\ud835\ude49\ud835\ude40 \ud835\ude3c\ud835\ude3d\ud835\ude3c\ud835\ude45\ud835\ude4a!<\/p>\n<p>\u23eb El <a href=\"https:\/\/x.com\/CESabadell?ref_src=twsrc%5Etfw\" rel=\"nofollow\">@CESabadell<\/a> es, ahora mismo, equipo de Segunda Divisi\u00f3n.<\/p>\n<p>\ud83d\ude31 <a href=\"https:\/\/x.com\/EnekoAguilar?ref_src=twsrc%5Etfw\" rel=\"nofollow\">@EnekoAguilar<\/a> aprovecha un rechace para anotar el\u2026 <a href=\"https:\/\/t.co\/Mo9WEU8r2P\" rel=\"nofollow\">pic.twitter.com\/Mo9WEU8r2P<\/a><\/p>\n<p>\u2014 Primera Federaci\u00f3n Versus e-Learning (@Primera_RFEF) <a href=\"https:\/\/x.com\/Primera_RFEF\/status\/2068076027033600008?ref_src=twsrc%5Etfw\" rel=\"nofollow\">19 de junio de 2026<\/a><\/p><\/blockquote>\n<p class=\"article-body__text \">\n        Aguilar, que lleg\u00f3 a Sabadell en enero <strong>procedente de la Ponferradina<\/strong>, ha sido pieza clave para el conjunto que dirige Ferran Costa. Sin hacer mucho ruido, Aguilar logr\u00f3 hacerse con un hueco en el once del preparador catal\u00e1n, que por aquel entonces lideraba el grupo 2 de Primera RFEF. A los arlequinados se les escap\u00f3 el ascenso directo, en manos del Eldense, y ha sido en el play off cuando, tras eliminar al Real Madrid Castilla y al Zamora, <strong>han logrado su regreso al f\u00fatbol profesional.<\/strong>\n<\/p>\n<p>                 <script async src=\"https:\/\/platform.twitter.com\/widgets.js\" charset=\"utf-8\"><\/script><\/p>\n","protected":false},"excerpt":{"rendered":"Imagen de archivo de Eneko Aguilar Oskar Montero Esper\u00f3 su oportunidad en el banquillo, entr\u00f3 en el descanso,&hellip;\n","protected":false},"author":2,"featured_media":616541,"comment_status":"","ping_status":"","sticky":false,"template":"","format":"standard","meta":{"footnotes":""},"categories":[268],"tags":[51086,6421,12554,168,50367,25,24,280,282,1457,281,23,167],"class_list":["post-616540","post","type-post","status-publish","format-standard","has-post-thumbnail","category-futbol","tag-aguilar","tag-ascenso","tag-clave","tag-deportes","tag-eneko","tag-es","tag-espana","tag-football","tag-futbol","tag-sabadell","tag-soccer","tag-spain","tag-sports"],"share_on_mastodon":{"url":"https:\/\/pubeurope.com\/@es\/116781626022988298","error":""},"_links":{"self":[{"href":"https:\/\/www.europesays.com\/es\/wp-json\/wp\/v2\/posts\/616540","targetHints":{"allow":["GET"]}}],"collection":[{"href":"https:\/\/www.europesays.com\/es\/wp-json\/wp\/v2\/posts"}],"about":[{"href":"https:\/\/www.europesays.com\/es\/wp-json\/wp\/v2\/types\/post"}],"author":[{"embeddable":true,"href":"https:\/\/www.europesays.com\/es\/wp-json\/wp\/v2\/users\/2"}],"replies":[{"embeddable":true,"href":"https:\/\/www.europesays.com\/es\/wp-json\/wp\/v2\/comments?post=616540"}],"version-history":[{"count":0,"href":"https:\/\/www.europesays.com\/es\/wp-json\/wp\/v2\/posts\/616540\/revisions"}],"wp:featuredmedia":[{"embeddable":true,"href":"https:\/\/www.europesays.com\/es\/wp-json\/wp\/v2\/media\/616541"}],"wp:attachment":[{"href":"https:\/\/www.europesays.com\/es\/wp-json\/wp\/v2\/media?parent=616540"}],"wp:term":[{"taxonomy":"category","embeddable":true,"href":"https:\/\/www.europesays.com\/es\/wp-json\/wp\/v2\/categories?post=616540"},{"taxonomy":"post_tag","embeddable":true,"href":"https:\/\/www.europesays.com\/es\/wp-json\/wp\/v2\/tags?post=616540"}],"curies":[{"name":"wp","href":"https:\/\/api.w.org\/{rel}","templated":true}]}}