{"id":616721,"date":"2026-06-20T11:17:22","date_gmt":"2026-06-20T11:17:22","guid":{"rendered":"https:\/\/www.europesays.com\/es\/616721\/"},"modified":"2026-06-20T11:17:22","modified_gmt":"2026-06-20T11:17:22","slug":"ignacio-buse-se-mete-a-cuadro-principal-de-wimbledon-como-cabeza-de-serie-grand-slam-atp-tour-deportes","status":"publish","type":"post","link":"https:\/\/www.europesays.com\/es\/616721\/","title":{"rendered":"Ignacio Buse se mete a cuadro principal de Wimbledon como cabeza de serie | Grand Slam | ATP tour | DEPORTES"},"content":{"rendered":"<p itemprop=\"description\" class=\"story-contents__font-paragraph \">El tenis peruano vuelve a celebrar una noticia que ilusiona a toda una generaci\u00f3n de aficionados. <a itemprop=\"url\" href=\"https:\/\/trome.com\/deportes\/polideportivo\/ignacio-buse-vs-andrey-rublev-en-vivo-horarios-y-canales-para-ver-gratis-primera-ronda-roland-garros-2026-espn-partidos-de-hoy-noticia\/\" target=\"_self\" rel=\"nofollow noopener\" title=\"https:\/\/trome.com\/deportes\/polideportivo\/ignacio-buse-vs-andrey-rublev-en-vivo-horarios-y-canales-para-ver-gratis-primera-ronda-roland-garros-2026-espn-partidos-de-hoy-noticia\/\"><b>Ignacio Buse<\/b><\/a>, actual primera raqueta nacional, logr\u00f3 asegurar su presencia en el cuadro principal de <a itemprop=\"url\" href=\"https:\/\/trome.com\/deportes\/polideportivo\/jannik-sinner-derroto-a-carlos-alcazraz-y-se-corona-campeon-de-wimbledon-video-noticia\/\" target=\"_self\" rel=\"nofollow noopener\" title=\"https:\/\/trome.com\/deportes\/polideportivo\/jannik-sinner-derroto-a-carlos-alcazraz-y-se-corona-campeon-de-wimbledon-video-noticia\/\"><b>Wimbledon<\/b><\/a> y lo har\u00e1 con un privilegio reservado para los mejores jugadores del circuito: competir\u00e1 como cabeza de serie en el tercer <b>Grand Slam<\/b> de la temporada.<\/p>\n<p itemprop=\"description\" class=\"story-contents__font-paragraph \">La clasificaci\u00f3n del joven tenista se concret\u00f3 gracias a una serie de movimientos registrados en el ranking ATP durante las \u00faltimas semanas. Las bajas producidas en la clasificaci\u00f3n mundial permitieron que el peruano escale posiciones y se ubique alrededor de los puestos 34 o 35 del escalaf\u00f3n internacional, una ubicaci\u00f3n que le garantiza ingresar entre los sembrados del prestigioso certamen londinense.<\/p>\n<p itemprop=\"description\" class=\"story-contents__font-paragraph \">Este logro adquiere una dimensi\u00f3n hist\u00f3rica para el deporte nacional. Han pasado m\u00e1s de dos d\u00e9cadas desde que un representante peruano alcanz\u00f3 una condici\u00f3n similar en Wimbledon. El \u00faltimo en conseguirlo fue<b> Luis Horna en 2004<\/b>, por lo que el ascenso de Buse marca un nuevo cap\u00edtulo para el tenis peruano en uno de los escenarios m\u00e1s emblem\u00e1ticos del circuito profesional.<\/p>\n<p><b>\u2018Nacho\u2019 se preparar\u00e1 en ATP 250 de Mallorca<\/b> <\/p>\n<p itemprop=\"description\" class=\"story-contents__font-paragraph \">La noticia llega despu\u00e9s de una gira positiva sobre c\u00e9sped. Aunque el peruano no pudo superar los octavos de final del <b>ATP 500 de Queen\u2019<\/b>s, dej\u00f3 sensaciones alentadoras frente a rivales de alto nivel. Su eliminaci\u00f3n se produjo ante Brandon Nakashima, actual n\u00famero 32 del mundo, quien se impuso en sets corridos por 6-2 y 6-2 en un duelo exigente para el peruano.<\/p>\n<p><img loading=\"lazy\" src=\"https:\/\/www.europesays.com\/es\/wp-content\/uploads\/2026\/06\/OVWNXE3AVVCERHC3HJ4OW2LTFM.png\" alt=\"\" decoding=\"async\" class=\"lazy story-contents__image w-full o-cover\" style=\"--aspect-ratio:1280\/720\" width=\"1280\" height=\"720\"\/><\/p>\n<p itemprop=\"description\" class=\"story-contents__font-paragraph \">Con la mira puesta en Wimbledon, el siguiente paso en la planificaci\u00f3n de <b>\u2018Nacho\u2019<\/b> ser\u00e1 disputar el <b>ATP 250 de Mallorca<\/b>. El objetivo del tenista nacional es acumular m\u00e1s horas de competencia sobre c\u00e9sped, una superficie que exige una adaptaci\u00f3n especial y donde buscar\u00e1 competir tanto en la modalidad de singles como en dobles para llegar con mayor rodaje al <b>Grand Slam brit\u00e1nico<\/b>.<\/p>\n<p><img decoding=\"async\" src=\"https:\/\/www.europesays.com\/es\/wp-content\/uploads\/2026\/06\/1781954240_195_hqdefault.jpg\" alt=\"\" class=\"lyt-img lazy\" type=\"image\/jpeg\"\/><\/p>\n<p itemprop=\"description\" class=\"story-contents__font-paragraph \">Adem\u00e1s del reconocimiento que implica ser sembrado, esta condici\u00f3n le otorgar\u00e1 una ventaja estrat\u00e9gica importante dentro del torneo. Al figurar entre los cabezas de serie, Ignacio Buse evitar\u00e1 enfrentarse a jugadores mejor posicionados en el <b>ranking ATP<\/b> durante las dos primeras rondas de<b> Wimbledon<\/b>, incrementando sus opciones de avanzar en el certamen y seguir escribiendo p\u00e1ginas memorables para el tenis peruano.<\/p>\n<p><b>TE PUEDE INTERESAR<\/b>SOBRE EL AUTOR<a itemprop=\"url\" href=\"https:\/\/trome.com\/autor\/redaccion-deportes\/\" target=\"_blank\" rel=\"noreferrer nofollow noopener\"><img src=\"https:\/\/www.europesays.com\/es\/wp-content\/uploads\/2026\/06\/https:\/\/s3.amazonaws.com\/arc-authors\/elcomercio\/640d533f-846a-4606-b48a-139a08dc9f88.jpg\" alt=\"Redacci\u00f3n Deportes\" decoding=\"async\" class=\"lazy story-contents__about-author-image lazy\"\/><\/a><a class=\"story-contents__about-author-social-icon\" href=\"https:\/\/twitter.com\/tromepe\" itemprop=\"url\" rel=\"noreferrer nofollow noopener\" aria-label=\"Leer mas contenido del autor en twitter\" target=\"_blank\"><img loading=\"lazy\" decoding=\"async\" src=\"https:\/\/www.europesays.com\/es\/wp-content\/uploads\/2026\/04\/svgto_x_dark_op.png\" alt=\"x-twitter\" width=\"18\" height=\"18\"\/><\/a><\/p>\n<p class=\"story-contents__about-author-bio\">Somos el equipo deportivo de Trome. Conocemos el f\u00fatbol peruano y hemos recorrido el mundo para cubrir todos los deportes imaginables. \u00bfTorneos? Todos. La Liga, Premier League, Liga MX, Torneo Argentino, Brasileirao, MLS, todo.  <\/p>\n<p><script async src=\"https:\/\/platform.twitter.com\/widgets.js\" charset=\"utf-8\"><\/script><\/p>\n","protected":false},"excerpt":{"rendered":"El tenis peruano vuelve a celebrar una noticia que ilusiona a toda una generaci\u00f3n de aficionados. Ignacio Buse,&hellip;\n","protected":false},"author":2,"featured_media":616722,"comment_status":"","ping_status":"","sticky":false,"template":"","format":"standard","meta":{"footnotes":""},"categories":[274],"tags":[168,25,24,26625,23,167,327,326],"class_list":["post-616721","post","type-post","status-publish","format-standard","has-post-thumbnail","category-tenis","tag-deportes","tag-es","tag-espana","tag-ignacio-buse","tag-spain","tag-sports","tag-tenis","tag-tennis"],"share_on_mastodon":{"url":"https:\/\/pubeurope.com\/@es\/116782160925756859","error":""},"_links":{"self":[{"href":"https:\/\/www.europesays.com\/es\/wp-json\/wp\/v2\/posts\/616721","targetHints":{"allow":["GET"]}}],"collection":[{"href":"https:\/\/www.europesays.com\/es\/wp-json\/wp\/v2\/posts"}],"about":[{"href":"https:\/\/www.europesays.com\/es\/wp-json\/wp\/v2\/types\/post"}],"author":[{"embeddable":true,"href":"https:\/\/www.europesays.com\/es\/wp-json\/wp\/v2\/users\/2"}],"replies":[{"embeddable":true,"href":"https:\/\/www.europesays.com\/es\/wp-json\/wp\/v2\/comments?post=616721"}],"version-history":[{"count":0,"href":"https:\/\/www.europesays.com\/es\/wp-json\/wp\/v2\/posts\/616721\/revisions"}],"wp:featuredmedia":[{"embeddable":true,"href":"https:\/\/www.europesays.com\/es\/wp-json\/wp\/v2\/media\/616722"}],"wp:attachment":[{"href":"https:\/\/www.europesays.com\/es\/wp-json\/wp\/v2\/media?parent=616721"}],"wp:term":[{"taxonomy":"category","embeddable":true,"href":"https:\/\/www.europesays.com\/es\/wp-json\/wp\/v2\/categories?post=616721"},{"taxonomy":"post_tag","embeddable":true,"href":"https:\/\/www.europesays.com\/es\/wp-json\/wp\/v2\/tags?post=616721"}],"curies":[{"name":"wp","href":"https:\/\/api.w.org\/{rel}","templated":true}]}}